{"id":400,"date":"2016-04-19T13:44:00","date_gmt":"2016-04-19T13:44:00","guid":{"rendered":"https:\/\/www.chairedelimmateriel.universite-paris-saclay.fr\/2016\/04\/19\/ouverture-de-la-specialite-management-du-capital-immateriel\/"},"modified":"2017-02-07T15:23:53","modified_gmt":"2017-02-07T14:23:53","slug":"ouverture-de-la-specialite-management-du-capital-immateriel","status":"publish","type":"post","link":"https:\/\/www.chairedelimmateriel.universite-paris-saclay.fr\/en\/2016\/04\/19\/ouverture-de-la-specialite-management-du-capital-immateriel\/","title":{"rendered":"Ouverture de la sp\u00e9cialit\u00e9&nbsp;: Management du capital immat\u00e9riel"},"content":{"rendered":"<p>Formation bas\u00e9e sur la recherche, alternant des travaux pratiques (\u00e9tudes de cas d&#8217;entreprises et d&#8217;organisations) \u00e0 des analyses m\u00e9thodologiques.<\/p>\n<p><img loading=\"lazy\" decoding=\"async\" class=\"alignleft size-large wp-image-399\" src=\"https:\/\/www.chairedelimmateriel.universite-paris-saclay.fr\/wp-content\/uploads\/2016\/04\/Capture-1024x225.png\" alt=\"\" width=\"1024\" height=\"225\" srcset=\"https:\/\/www.chairedelimmateriel.universite-paris-saclay.fr\/wp-content\/uploads\/2016\/04\/Capture-1024x225.png 1024w, https:\/\/www.chairedelimmateriel.universite-paris-saclay.fr\/wp-content\/uploads\/2016\/04\/Capture-220x48.png 220w, https:\/\/www.chairedelimmateriel.universite-paris-saclay.fr\/wp-content\/uploads\/2016\/04\/Capture-450x99.png 450w, https:\/\/www.chairedelimmateriel.universite-paris-saclay.fr\/wp-content\/uploads\/2016\/04\/Capture-768x169.png 768w, https:\/\/www.chairedelimmateriel.universite-paris-saclay.fr\/wp-content\/uploads\/2016\/04\/Capture-300x66.png 300w, https:\/\/www.chairedelimmateriel.universite-paris-saclay.fr\/wp-content\/uploads\/2016\/04\/Capture.PNG 1282w\" sizes=\"auto, (max-width: 1024px) 100vw, 1024px\" \/><\/p>\n<h2><strong>Le contexte <\/strong><\/h2>\n<p>L&#8217;existence de besoins importants de la part des entreprises et de leurs \u00e9cosyst\u00e8mes en mati\u00e8re de comp\u00e9tences en termes d&#8217;identification, de valorisation et de pilotage des actifs immat\u00e9riels des entreprises des organisations publiques et des territoires La formation a une vocation internationale et vise \u00e0 mobiliser la meilleure expertise disponible sur l&#8217;ensemble des th\u00e8mes d\u00e9velopp\u00e9s par le parcours.<\/p>\n<h2><strong>Objectifs<\/strong><\/h2>\n<ul>\n<li>Mettre en \u00e9vidence l\u2019importance de l\u2019investissement immat\u00e9riel comme source de cr\u00e9ation de valeur dans les organisations (entreprises, clusters, territoires, communaut\u00e9s)<\/li>\n<li>D\u00e9velopper une approche multidisciplinaire du capital immat\u00e9riel (droit, \u00e9conomie, gestion )<\/li>\n<li>D\u00e9velopper des comp\u00e9tences en \u00e9valuation et pilotage des actifs immat\u00e9riels et des business models associ\u00e9s<\/li>\n<li>D\u00e9veloppement des comp\u00e9tences dans l\u2019analyse et l\u2019\u00e9valuation d\u2019actifs sp\u00e9cifiques (actifs de propri\u00e9t\u00e9 intellectuelle, actifs num\u00e9riques, actifs organisationnels)<\/li>\n<li>Evaluer l\u2019\u00e9tat des pratiques et des normes en Europe et au plan international ( comptabilisation, reporting, licensing, \u00e9valuation, calcul de prix de transfert)<\/li>\n<\/ul>\n<p><a class=\"btn\" href=\"https:\/\/www.universite-paris-saclay.fr\/fr\/formation\/master\/m2-management-du-capital-immateriel-ci#presentation-m2\"><strong>Programme et candidatures<\/strong><\/a><\/p>\n<div class=\"shariff\" data-title=\"Ouverture de la sp\u00e9cialit\u00e9&nbsp;: Management du capital immat\u00e9riel\" data-info-url=\"\" data-backend-url=\"https:\/\/www.chairedelimmateriel.universite-paris-saclay.fr\/wp-content\/plugins\/shariff-sharing\/backend\/index.php\" data-temp=\"\/tmp\" data-ttl=\"60\" data-service=\"tl\" data-services='[\"facebook\",\"twitter\",\"linkedin\"]' data-image=\"https:\/\/www.chairedelimmateriel.universite-paris-saclay.fr\/wp-content\/uploads\/2016\/04\/Capture-1024x225.png\" data-url=\"https:\/\/www.chairedelimmateriel.universite-paris-saclay.fr\/en\/2016\/04\/19\/ouverture-de-la-specialite-management-du-capital-immateriel\/\" data-lang=\"en\" data-theme=\"color\" data-orientation=\"horizontal\"><\/div>","protected":false},"excerpt":{"rendered":"<p>Formation bas\u00e9e sur la recherche, alternant des travaux pratiques (\u00e9tudes de cas d&#8217;entreprises et d&#8217;organisations) \u00e0 des analyses m\u00e9thodologiques. Le contexte L&#8217;existence de besoins importants de la part des entreprises et de leurs \u00e9cosyst\u00e8mes en mati\u00e8re de comp\u00e9tences en termes&nbsp;<small>(&#8230;)<\/small><\/p>\n","protected":false},"author":2,"featured_media":1456,"comment_status":"closed","ping_status":"closed","sticky":false,"template":"","format":"standard","meta":{"_monsterinsights_skip_tracking":false,"footnotes":""},"categories":[4],"tags":[],"class_list":["post-400","post","type-post","status-publish","format-standard","has-post-thumbnail","hentry","category-news"],"yoast_head":"<!-- This site is optimized with the Yoast SEO plugin v28.4 - https:\/\/yoast.com\/product\/yoast-seo-wordpress\/ -->\n<title>Ouverture de la sp\u00e9cialit\u00e9 : Management du capital immat\u00e9riel - Chaire Europ\u00e9enne de l\u2019Immat\u00e9riel<\/title>\n<meta name=\"robots\" content=\"index, follow, max-snippet:-1, max-image-preview:large, max-video-preview:-1\" \/>\n<link rel=\"canonical\" href=\"https:\/\/www.chairedelimmateriel.universite-paris-saclay.fr\/en\/2016\/04\/19\/ouverture-de-la-specialite-management-du-capital-immateriel\/\" \/>\n<meta property=\"og:locale\" content=\"en_US\" \/>\n<meta property=\"og:type\" content=\"article\" \/>\n<meta property=\"og:title\" content=\"Ouverture de la sp\u00e9cialit\u00e9 : Management du capital immat\u00e9riel - Chaire Europ\u00e9enne de l\u2019Immat\u00e9riel\" \/>\n<meta property=\"og:description\" content=\"Formation bas\u00e9e sur la recherche, alternant des travaux pratiques (\u00e9tudes de cas d&#8217;entreprises et d&#8217;organisations) \u00e0 des analyses m\u00e9thodologiques. Le contexte L&#8217;existence de besoins importants de la part des entreprises et de leurs \u00e9cosyst\u00e8mes en mati\u00e8re de comp\u00e9tences en termes&nbsp;(...)\" \/>\n<meta property=\"og:url\" content=\"https:\/\/www.chairedelimmateriel.universite-paris-saclay.fr\/en\/2016\/04\/19\/ouverture-de-la-specialite-management-du-capital-immateriel\/\" \/>\n<meta property=\"og:site_name\" content=\"Chaire Europ\u00e9enne de l\u2019Immat\u00e9riel\" \/>\n<meta property=\"article:published_time\" content=\"2016-04-19T13:44:00+00:00\" \/>\n<meta property=\"article:modified_time\" content=\"2017-02-07T14:23:53+00:00\" \/>\n<meta property=\"og:image\" content=\"https:\/\/www.chairedelimmateriel.universite-paris-saclay.fr\/wp-content\/uploads\/2016\/04\/Capture.PNG\" \/>\n\t<meta property=\"og:image:width\" content=\"1282\" \/>\n\t<meta property=\"og:image:height\" content=\"282\" \/>\n\t<meta property=\"og:image:type\" content=\"image\/png\" \/>\n<meta name=\"author\" content=\"Ahmed Bounfour\" \/>\n<meta name=\"twitter:card\" content=\"summary_large_image\" \/>\n<meta name=\"twitter:label1\" content=\"Written by\" \/>\n\t<meta name=\"twitter:data1\" content=\"Ahmed Bounfour\" \/>\n\t<meta name=\"twitter:label2\" content=\"Est. reading time\" \/>\n\t<meta name=\"twitter:data2\" content=\"1 minute\" \/>\n<script type=\"application\/ld+json\" class=\"yoast-schema-graph\">{\"@context\":\"https:\\\/\\\/schema.org\",\"@graph\":[{\"@type\":\"Article\",\"@id\":\"https:\\\/\\\/www.chairedelimmateriel.universite-paris-saclay.fr\\\/en\\\/2016\\\/04\\\/19\\\/ouverture-de-la-specialite-management-du-capital-immateriel\\\/#article\",\"isPartOf\":{\"@id\":\"https:\\\/\\\/www.chairedelimmateriel.universite-paris-saclay.fr\\\/en\\\/2016\\\/04\\\/19\\\/ouverture-de-la-specialite-management-du-capital-immateriel\\\/\"},\"author\":{\"name\":\"Ahmed Bounfour\",\"@id\":\"https:\\\/\\\/www.chairedelimmateriel.universite-paris-saclay.fr\\\/#\\\/schema\\\/person\\\/99fad4cfaf4bf6a8c5d1970bd79888f4\"},\"headline\":\"Ouverture de la sp\u00e9cialit\u00e9&nbsp;: Management du capital immat\u00e9riel\",\"datePublished\":\"2016-04-19T13:44:00+00:00\",\"dateModified\":\"2017-02-07T14:23:53+00:00\",\"mainEntityOfPage\":{\"@id\":\"https:\\\/\\\/www.chairedelimmateriel.universite-paris-saclay.fr\\\/en\\\/2016\\\/04\\\/19\\\/ouverture-de-la-specialite-management-du-capital-immateriel\\\/\"},\"wordCount\":209,\"image\":{\"@id\":\"https:\\\/\\\/www.chairedelimmateriel.universite-paris-saclay.fr\\\/en\\\/2016\\\/04\\\/19\\\/ouverture-de-la-specialite-management-du-capital-immateriel\\\/#primaryimage\"},\"thumbnailUrl\":\"https:\\\/\\\/www.chairedelimmateriel.universite-paris-saclay.fr\\\/wp-content\\\/uploads\\\/2016\\\/04\\\/Capture.PNG\",\"articleSection\":[\"News\"],\"inLanguage\":\"en-US\"},{\"@type\":\"WebPage\",\"@id\":\"https:\\\/\\\/www.chairedelimmateriel.universite-paris-saclay.fr\\\/en\\\/2016\\\/04\\\/19\\\/ouverture-de-la-specialite-management-du-capital-immateriel\\\/\",\"url\":\"https:\\\/\\\/www.chairedelimmateriel.universite-paris-saclay.fr\\\/en\\\/2016\\\/04\\\/19\\\/ouverture-de-la-specialite-management-du-capital-immateriel\\\/\",\"name\":\"Ouverture de la sp\u00e9cialit\u00e9 : Management du capital immat\u00e9riel - Chaire Europ\u00e9enne de l\u2019Immat\u00e9riel\",\"isPartOf\":{\"@id\":\"https:\\\/\\\/www.chairedelimmateriel.universite-paris-saclay.fr\\\/#website\"},\"primaryImageOfPage\":{\"@id\":\"https:\\\/\\\/www.chairedelimmateriel.universite-paris-saclay.fr\\\/en\\\/2016\\\/04\\\/19\\\/ouverture-de-la-specialite-management-du-capital-immateriel\\\/#primaryimage\"},\"image\":{\"@id\":\"https:\\\/\\\/www.chairedelimmateriel.universite-paris-saclay.fr\\\/en\\\/2016\\\/04\\\/19\\\/ouverture-de-la-specialite-management-du-capital-immateriel\\\/#primaryimage\"},\"thumbnailUrl\":\"https:\\\/\\\/www.chairedelimmateriel.universite-paris-saclay.fr\\\/wp-content\\\/uploads\\\/2016\\\/04\\\/Capture.PNG\",\"datePublished\":\"2016-04-19T13:44:00+00:00\",\"dateModified\":\"2017-02-07T14:23:53+00:00\",\"author\":{\"@id\":\"https:\\\/\\\/www.chairedelimmateriel.universite-paris-saclay.fr\\\/#\\\/schema\\\/person\\\/99fad4cfaf4bf6a8c5d1970bd79888f4\"},\"breadcrumb\":{\"@id\":\"https:\\\/\\\/www.chairedelimmateriel.universite-paris-saclay.fr\\\/en\\\/2016\\\/04\\\/19\\\/ouverture-de-la-specialite-management-du-capital-immateriel\\\/#breadcrumb\"},\"inLanguage\":\"en-US\",\"potentialAction\":[{\"@type\":\"ReadAction\",\"target\":[\"https:\\\/\\\/www.chairedelimmateriel.universite-paris-saclay.fr\\\/en\\\/2016\\\/04\\\/19\\\/ouverture-de-la-specialite-management-du-capital-immateriel\\\/\"]}]},{\"@type\":\"ImageObject\",\"inLanguage\":\"en-US\",\"@id\":\"https:\\\/\\\/www.chairedelimmateriel.universite-paris-saclay.fr\\\/en\\\/2016\\\/04\\\/19\\\/ouverture-de-la-specialite-management-du-capital-immateriel\\\/#primaryimage\",\"url\":\"https:\\\/\\\/www.chairedelimmateriel.universite-paris-saclay.fr\\\/wp-content\\\/uploads\\\/2016\\\/04\\\/Capture.PNG\",\"contentUrl\":\"https:\\\/\\\/www.chairedelimmateriel.universite-paris-saclay.fr\\\/wp-content\\\/uploads\\\/2016\\\/04\\\/Capture.PNG\",\"width\":1282,\"height\":282},{\"@type\":\"BreadcrumbList\",\"@id\":\"https:\\\/\\\/www.chairedelimmateriel.universite-paris-saclay.fr\\\/en\\\/2016\\\/04\\\/19\\\/ouverture-de-la-specialite-management-du-capital-immateriel\\\/#breadcrumb\",\"itemListElement\":[{\"@type\":\"ListItem\",\"position\":1,\"name\":\"Home\",\"item\":\"https:\\\/\\\/www.chairedelimmateriel.universite-paris-saclay.fr\\\/en\\\/\"},{\"@type\":\"ListItem\",\"position\":2,\"name\":\"Ouverture de la sp\u00e9cialit\u00e9&nbsp;: Management du capital immat\u00e9riel\"}]},{\"@type\":\"WebSite\",\"@id\":\"https:\\\/\\\/www.chairedelimmateriel.universite-paris-saclay.fr\\\/#website\",\"url\":\"https:\\\/\\\/www.chairedelimmateriel.universite-paris-saclay.fr\\\/\",\"name\":\"Chaire Europ\u00e9enne de l\u2019Immat\u00e9riel\",\"description\":\"\",\"potentialAction\":[{\"@type\":\"SearchAction\",\"target\":{\"@type\":\"EntryPoint\",\"urlTemplate\":\"https:\\\/\\\/www.chairedelimmateriel.universite-paris-saclay.fr\\\/?s={search_term_string}\"},\"query-input\":{\"@type\":\"PropertyValueSpecification\",\"valueRequired\":true,\"valueName\":\"search_term_string\"}}],\"inLanguage\":\"en-US\"},{\"@type\":\"Person\",\"@id\":\"https:\\\/\\\/www.chairedelimmateriel.universite-paris-saclay.fr\\\/#\\\/schema\\\/person\\\/99fad4cfaf4bf6a8c5d1970bd79888f4\",\"name\":\"Ahmed Bounfour\",\"image\":{\"@type\":\"ImageObject\",\"inLanguage\":\"en-US\",\"@id\":\"https:\\\/\\\/secure.gravatar.com\\\/avatar\\\/944d10c10395648f2cc983a051d3fe5d78761ea984ca1c1eb5c80b294b5ad65b?s=96&d=mm&r=g\",\"url\":\"https:\\\/\\\/secure.gravatar.com\\\/avatar\\\/944d10c10395648f2cc983a051d3fe5d78761ea984ca1c1eb5c80b294b5ad65b?s=96&d=mm&r=g\",\"contentUrl\":\"https:\\\/\\\/secure.gravatar.com\\\/avatar\\\/944d10c10395648f2cc983a051d3fe5d78761ea984ca1c1eb5c80b294b5ad65b?s=96&d=mm&r=g\",\"caption\":\"Ahmed Bounfour\"},\"sameAs\":[\"https:\\\/\\\/www.chairedelimmateriel.universite-paris-saclay.fr\"]}]}<\/script>\n<!-- \/ Yoast SEO plugin. -->","yoast_head_json":{"title":"Ouverture de la sp\u00e9cialit\u00e9 : Management du capital immat\u00e9riel - Chaire Europ\u00e9enne de l\u2019Immat\u00e9riel","robots":{"index":"index","follow":"follow","max-snippet":"max-snippet:-1","max-image-preview":"max-image-preview:large","max-video-preview":"max-video-preview:-1"},"canonical":"https:\/\/www.chairedelimmateriel.universite-paris-saclay.fr\/en\/2016\/04\/19\/ouverture-de-la-specialite-management-du-capital-immateriel\/","og_locale":"en_US","og_type":"article","og_title":"Ouverture de la sp\u00e9cialit\u00e9 : Management du capital immat\u00e9riel - Chaire Europ\u00e9enne de l\u2019Immat\u00e9riel","og_description":"Formation bas\u00e9e sur la recherche, alternant des travaux pratiques (\u00e9tudes de cas d&#8217;entreprises et d&#8217;organisations) \u00e0 des analyses m\u00e9thodologiques. Le contexte L&#8217;existence de besoins importants de la part des entreprises et de leurs \u00e9cosyst\u00e8mes en mati\u00e8re de comp\u00e9tences en termes&nbsp;(...)","og_url":"https:\/\/www.chairedelimmateriel.universite-paris-saclay.fr\/en\/2016\/04\/19\/ouverture-de-la-specialite-management-du-capital-immateriel\/","og_site_name":"Chaire Europ\u00e9enne de l\u2019Immat\u00e9riel","article_published_time":"2016-04-19T13:44:00+00:00","article_modified_time":"2017-02-07T14:23:53+00:00","og_image":[{"width":1282,"height":282,"url":"https:\/\/www.chairedelimmateriel.universite-paris-saclay.fr\/wp-content\/uploads\/2016\/04\/Capture.PNG","type":"image\/png"}],"author":"Ahmed Bounfour","twitter_card":"summary_large_image","twitter_misc":{"Written by":"Ahmed Bounfour","Est. reading time":"1 minute"},"schema":{"@context":"https:\/\/schema.org","@graph":[{"@type":"Article","@id":"https:\/\/www.chairedelimmateriel.universite-paris-saclay.fr\/en\/2016\/04\/19\/ouverture-de-la-specialite-management-du-capital-immateriel\/#article","isPartOf":{"@id":"https:\/\/www.chairedelimmateriel.universite-paris-saclay.fr\/en\/2016\/04\/19\/ouverture-de-la-specialite-management-du-capital-immateriel\/"},"author":{"name":"Ahmed Bounfour","@id":"https:\/\/www.chairedelimmateriel.universite-paris-saclay.fr\/#\/schema\/person\/99fad4cfaf4bf6a8c5d1970bd79888f4"},"headline":"Ouverture de la sp\u00e9cialit\u00e9&nbsp;: Management du capital immat\u00e9riel","datePublished":"2016-04-19T13:44:00+00:00","dateModified":"2017-02-07T14:23:53+00:00","mainEntityOfPage":{"@id":"https:\/\/www.chairedelimmateriel.universite-paris-saclay.fr\/en\/2016\/04\/19\/ouverture-de-la-specialite-management-du-capital-immateriel\/"},"wordCount":209,"image":{"@id":"https:\/\/www.chairedelimmateriel.universite-paris-saclay.fr\/en\/2016\/04\/19\/ouverture-de-la-specialite-management-du-capital-immateriel\/#primaryimage"},"thumbnailUrl":"https:\/\/www.chairedelimmateriel.universite-paris-saclay.fr\/wp-content\/uploads\/2016\/04\/Capture.PNG","articleSection":["News"],"inLanguage":"en-US"},{"@type":"WebPage","@id":"https:\/\/www.chairedelimmateriel.universite-paris-saclay.fr\/en\/2016\/04\/19\/ouverture-de-la-specialite-management-du-capital-immateriel\/","url":"https:\/\/www.chairedelimmateriel.universite-paris-saclay.fr\/en\/2016\/04\/19\/ouverture-de-la-specialite-management-du-capital-immateriel\/","name":"Ouverture de la sp\u00e9cialit\u00e9 : Management du capital immat\u00e9riel - Chaire Europ\u00e9enne de l\u2019Immat\u00e9riel","isPartOf":{"@id":"https:\/\/www.chairedelimmateriel.universite-paris-saclay.fr\/#website"},"primaryImageOfPage":{"@id":"https:\/\/www.chairedelimmateriel.universite-paris-saclay.fr\/en\/2016\/04\/19\/ouverture-de-la-specialite-management-du-capital-immateriel\/#primaryimage"},"image":{"@id":"https:\/\/www.chairedelimmateriel.universite-paris-saclay.fr\/en\/2016\/04\/19\/ouverture-de-la-specialite-management-du-capital-immateriel\/#primaryimage"},"thumbnailUrl":"https:\/\/www.chairedelimmateriel.universite-paris-saclay.fr\/wp-content\/uploads\/2016\/04\/Capture.PNG","datePublished":"2016-04-19T13:44:00+00:00","dateModified":"2017-02-07T14:23:53+00:00","author":{"@id":"https:\/\/www.chairedelimmateriel.universite-paris-saclay.fr\/#\/schema\/person\/99fad4cfaf4bf6a8c5d1970bd79888f4"},"breadcrumb":{"@id":"https:\/\/www.chairedelimmateriel.universite-paris-saclay.fr\/en\/2016\/04\/19\/ouverture-de-la-specialite-management-du-capital-immateriel\/#breadcrumb"},"inLanguage":"en-US","potentialAction":[{"@type":"ReadAction","target":["https:\/\/www.chairedelimmateriel.universite-paris-saclay.fr\/en\/2016\/04\/19\/ouverture-de-la-specialite-management-du-capital-immateriel\/"]}]},{"@type":"ImageObject","inLanguage":"en-US","@id":"https:\/\/www.chairedelimmateriel.universite-paris-saclay.fr\/en\/2016\/04\/19\/ouverture-de-la-specialite-management-du-capital-immateriel\/#primaryimage","url":"https:\/\/www.chairedelimmateriel.universite-paris-saclay.fr\/wp-content\/uploads\/2016\/04\/Capture.PNG","contentUrl":"https:\/\/www.chairedelimmateriel.universite-paris-saclay.fr\/wp-content\/uploads\/2016\/04\/Capture.PNG","width":1282,"height":282},{"@type":"BreadcrumbList","@id":"https:\/\/www.chairedelimmateriel.universite-paris-saclay.fr\/en\/2016\/04\/19\/ouverture-de-la-specialite-management-du-capital-immateriel\/#breadcrumb","itemListElement":[{"@type":"ListItem","position":1,"name":"Home","item":"https:\/\/www.chairedelimmateriel.universite-paris-saclay.fr\/en\/"},{"@type":"ListItem","position":2,"name":"Ouverture de la sp\u00e9cialit\u00e9&nbsp;: Management du capital immat\u00e9riel"}]},{"@type":"WebSite","@id":"https:\/\/www.chairedelimmateriel.universite-paris-saclay.fr\/#website","url":"https:\/\/www.chairedelimmateriel.universite-paris-saclay.fr\/","name":"Chaire Europ\u00e9enne de l\u2019Immat\u00e9riel","description":"","potentialAction":[{"@type":"SearchAction","target":{"@type":"EntryPoint","urlTemplate":"https:\/\/www.chairedelimmateriel.universite-paris-saclay.fr\/?s={search_term_string}"},"query-input":{"@type":"PropertyValueSpecification","valueRequired":true,"valueName":"search_term_string"}}],"inLanguage":"en-US"},{"@type":"Person","@id":"https:\/\/www.chairedelimmateriel.universite-paris-saclay.fr\/#\/schema\/person\/99fad4cfaf4bf6a8c5d1970bd79888f4","name":"Ahmed Bounfour","image":{"@type":"ImageObject","inLanguage":"en-US","@id":"https:\/\/secure.gravatar.com\/avatar\/944d10c10395648f2cc983a051d3fe5d78761ea984ca1c1eb5c80b294b5ad65b?s=96&d=mm&r=g","url":"https:\/\/secure.gravatar.com\/avatar\/944d10c10395648f2cc983a051d3fe5d78761ea984ca1c1eb5c80b294b5ad65b?s=96&d=mm&r=g","contentUrl":"https:\/\/secure.gravatar.com\/avatar\/944d10c10395648f2cc983a051d3fe5d78761ea984ca1c1eb5c80b294b5ad65b?s=96&d=mm&r=g","caption":"Ahmed Bounfour"},"sameAs":["https:\/\/www.chairedelimmateriel.universite-paris-saclay.fr"]}]}},"_links":{"self":[{"href":"https:\/\/www.chairedelimmateriel.universite-paris-saclay.fr\/en\/wp-json\/wp\/v2\/posts\/400","targetHints":{"allow":["GET"]}}],"collection":[{"href":"https:\/\/www.chairedelimmateriel.universite-paris-saclay.fr\/en\/wp-json\/wp\/v2\/posts"}],"about":[{"href":"https:\/\/www.chairedelimmateriel.universite-paris-saclay.fr\/en\/wp-json\/wp\/v2\/types\/post"}],"author":[{"embeddable":true,"href":"https:\/\/www.chairedelimmateriel.universite-paris-saclay.fr\/en\/wp-json\/wp\/v2\/users\/2"}],"replies":[{"embeddable":true,"href":"https:\/\/www.chairedelimmateriel.universite-paris-saclay.fr\/en\/wp-json\/wp\/v2\/comments?post=400"}],"version-history":[{"count":3,"href":"https:\/\/www.chairedelimmateriel.universite-paris-saclay.fr\/en\/wp-json\/wp\/v2\/posts\/400\/revisions"}],"predecessor-version":[{"id":2087,"href":"https:\/\/www.chairedelimmateriel.universite-paris-saclay.fr\/en\/wp-json\/wp\/v2\/posts\/400\/revisions\/2087"}],"wp:featuredmedia":[{"embeddable":true,"href":"https:\/\/www.chairedelimmateriel.universite-paris-saclay.fr\/en\/wp-json\/wp\/v2\/media\/1456"}],"wp:attachment":[{"href":"https:\/\/www.chairedelimmateriel.universite-paris-saclay.fr\/en\/wp-json\/wp\/v2\/media?parent=400"}],"wp:term":[{"taxonomy":"category","embeddable":true,"href":"https:\/\/www.chairedelimmateriel.universite-paris-saclay.fr\/en\/wp-json\/wp\/v2\/categories?post=400"},{"taxonomy":"post_tag","embeddable":true,"href":"https:\/\/www.chairedelimmateriel.universite-paris-saclay.fr\/en\/wp-json\/wp\/v2\/tags?post=400"}],"curies":[{"name":"wp","href":"https:\/\/api.w.org\/{rel}","templated":true}]}}