{"id":388,"date":"2015-10-16T20:19:00","date_gmt":"2015-10-16T20:19:00","guid":{"rendered":"https:\/\/www.chairedelimmateriel.universite-paris-saclay.fr\/2015\/10\/16\/2eme-conference-sur-les-actifs-immateriels-territoriaux\/"},"modified":"2017-02-07T15:23:56","modified_gmt":"2017-02-07T14:23:56","slug":"2eme-conference-sur-les-actifs-immateriels-territoriaux","status":"publish","type":"post","link":"https:\/\/www.chairedelimmateriel.universite-paris-saclay.fr\/en\/2015\/10\/16\/2eme-conference-sur-les-actifs-immateriels-territoriaux\/","title":{"rendered":"2\u00e8me conf\u00e9rence sur les Actifs Immat\u00e9riels Territoriaux"},"content":{"rendered":"<p><img loading=\"lazy\" decoding=\"async\" class=\"alignright size-medium wp-image-1145\" src=\"https:\/\/www.chairedelimmateriel.universite-paris-saclay.fr\/wp-content\/uploads\/2015\/10\/Flyer-conference-27-novembre-1-400x300.jpg\" alt=\"\" width=\"400\" height=\"300\" srcset=\"https:\/\/www.chairedelimmateriel.universite-paris-saclay.fr\/wp-content\/uploads\/2015\/10\/Flyer-conference-27-novembre-1-400x300.jpg 400w, https:\/\/www.chairedelimmateriel.universite-paris-saclay.fr\/wp-content\/uploads\/2015\/10\/Flyer-conference-27-novembre-1-220x165.jpg 220w, https:\/\/www.chairedelimmateriel.universite-paris-saclay.fr\/wp-content\/uploads\/2015\/10\/Flyer-conference-27-novembre-1-768x576.jpg 768w, https:\/\/www.chairedelimmateriel.universite-paris-saclay.fr\/wp-content\/uploads\/2015\/10\/Flyer-conference-27-novembre-1-300x225.jpg 300w, https:\/\/www.chairedelimmateriel.universite-paris-saclay.fr\/wp-content\/uploads\/2015\/10\/Flyer-conference-27-novembre-1.jpg 960w\" sizes=\"auto, (max-width: 400px) 100vw, 400px\" \/>Dans le prolongement de la premie\u0300re confe\u0301rence coorganise\u0301e par la Chaire europe\u0301enne de l\u2019immate\u0301riel (Universite\u0301 Paris-Sud), la Caisse des De\u0301po\u0302ts et l\u2019Agence du Patrimoine Immate\u0301riel de l\u2019Etat (Apie) en octobre 2013, la pre\u0301sente confe\u0301rence vise en particulier a\u0300 renforcer le positionnement de l\u2019agenda de l\u2019immate\u0301riel au plan territorial, en se focalisant notamment sur quelques the\u0300mes d\u2019inte\u0301re\u0302t public&nbsp;:<\/p>\n<ol>\n<li><img loading=\"lazy\" decoding=\"async\" class=\"alignright size-medium wp-image-387\" src=\"https:\/\/www.chairedelimmateriel.universite-paris-saclay.fr\/wp-content\/uploads\/2015\/10\/Flyer conference 27 novembre (1).jpg\" alt=\"\" width=\"1\" height=\"1\" \/>La mode\u0301lisation des actifs immate\u0301riels territoriaux, a\u0300 partir des donne\u0301es existantes (travaux de la chaire en cours sur les bases de donne\u0301es re\u0301gionales a\u0300 partir des donne\u0301es d\u2019Eurostat) ;<\/li>\n<li>Le de\u0301veloppement d\u2019e\u0301cosyste\u0300mes d\u2019innovation autour des universite\u0301s&nbsp;: un regard sur les expe\u0301riences e\u0301trange\u0300res (Suisse, Chine, GB, Allemagne, pays nordiques) ;<\/li>\n<li>Les dispositifs SATT et la formation des actifs immate\u0301riels territoriaux ;<\/li>\n<li>Le de\u0301veloppement d\u2019indicateurs pour le de\u0301veloppement des territoires ;<\/li>\n<li>L\u2019expose\u0301 de cas et d\u2019expe\u0301riences spe\u0301cifiques de territoires en France.<\/li>\n<\/ol>\n<p><a href=\"https:\/\/www.chairedelimmateriel.universite-paris-saclay.fr\/wp-content\/uploads\/2015\/10\/Actifs-immateriels-territoriaux-ecosystemes-dinnovation-Conference-V4-18-10\">\u00ab&nbsp;Actifs immate\u0301riels territoriaux et e\u0301cosyste\u0300mes d\u2019innovation approches, pratiques, e\u0301valuation&nbsp;\u00bb<\/a><\/p>\n<p>Confe\u0301rence du 27 novembre (9h-13h15), \ufffcCDC, 72 Avenue Pierre-Mendes France 75013 Paris<\/p>\n<p><a href=\"http:\/\/www.jm.u-psud.fr\/fr\/la_recherche\/manifestations-scientifiques\/conference-sur-les-actifs-immateriels-territoriaux.html\"><strong>Inscription<\/strong><\/a><\/p>\n<div class=\"shariff\" data-title=\"2\u00e8me conf\u00e9rence sur les Actifs Immat\u00e9riels Territoriaux\" data-info-url=\"\" data-backend-url=\"https:\/\/www.chairedelimmateriel.universite-paris-saclay.fr\/wp-content\/plugins\/shariff-sharing\/backend\/index.php\" data-temp=\"\/tmp\" data-ttl=\"60\" data-service=\"tl\" data-services='[\"facebook\",\"twitter\",\"linkedin\"]' data-image=\"https:\/\/www.chairedelimmateriel.universite-paris-saclay.fr\/wp-content\/uploads\/2015\/10\/Flyer-conference-27-novembre-1-400x300.jpg\" data-url=\"https:\/\/www.chairedelimmateriel.universite-paris-saclay.fr\/en\/2015\/10\/16\/2eme-conference-sur-les-actifs-immateriels-territoriaux\/\" data-lang=\"en\" data-theme=\"color\" data-orientation=\"horizontal\"><\/div>","protected":false},"excerpt":{"rendered":"<p>Dans le prolongement de la premie\u0300re confe\u0301rence coorganise\u0301e par la Chaire europe\u0301enne de l\u2019immate\u0301riel (Universite\u0301 Paris-Sud), la Caisse des De\u0301po\u0302ts et l\u2019Agence du Patrimoine Immate\u0301riel de l\u2019Etat (Apie) en octobre 2013, la pre\u0301sente confe\u0301rence vise en particulier a\u0300 renforcer le&nbsp;<small>(&#8230;)<\/small><\/p>\n","protected":false},"author":2,"featured_media":2008,"comment_status":"closed","ping_status":"closed","sticky":false,"template":"","format":"standard","meta":{"_monsterinsights_skip_tracking":false,"footnotes":""},"categories":[12,4],"tags":[],"class_list":["post-388","post","type-post","status-publish","format-standard","has-post-thumbnail","hentry","category-evenements-en","category-news"],"yoast_head":"<!-- This site is optimized with the Yoast SEO plugin v28.4 - https:\/\/yoast.com\/product\/yoast-seo-wordpress\/ -->\n<title>2\u00e8me conf\u00e9rence sur les Actifs Immat\u00e9riels Territoriaux - Chaire Europ\u00e9enne de l\u2019Immat\u00e9riel<\/title>\n<meta name=\"robots\" content=\"index, follow, max-snippet:-1, max-image-preview:large, max-video-preview:-1\" \/>\n<link rel=\"canonical\" href=\"https:\/\/www.chairedelimmateriel.universite-paris-saclay.fr\/en\/2015\/10\/16\/2eme-conference-sur-les-actifs-immateriels-territoriaux\/\" \/>\n<meta property=\"og:locale\" content=\"en_US\" \/>\n<meta property=\"og:type\" content=\"article\" \/>\n<meta property=\"og:title\" content=\"2\u00e8me conf\u00e9rence sur les Actifs Immat\u00e9riels Territoriaux - Chaire Europ\u00e9enne de l\u2019Immat\u00e9riel\" \/>\n<meta property=\"og:description\" content=\"Dans le prolongement de la premie\u0300re confe\u0301rence coorganise\u0301e par la Chaire europe\u0301enne de l\u2019immate\u0301riel (Universite\u0301 Paris-Sud), la Caisse des De\u0301po\u0302ts et l\u2019Agence du Patrimoine Immate\u0301riel de l\u2019Etat (Apie) en octobre 2013, la pre\u0301sente confe\u0301rence vise en particulier a\u0300 renforcer le&nbsp;(...)\" \/>\n<meta property=\"og:url\" content=\"https:\/\/www.chairedelimmateriel.universite-paris-saclay.fr\/en\/2015\/10\/16\/2eme-conference-sur-les-actifs-immateriels-territoriaux\/\" \/>\n<meta property=\"og:site_name\" content=\"Chaire Europ\u00e9enne de l\u2019Immat\u00e9riel\" \/>\n<meta property=\"article:published_time\" content=\"2015-10-16T20:19:00+00:00\" \/>\n<meta property=\"article:modified_time\" content=\"2017-02-07T14:23:56+00:00\" \/>\n<meta property=\"og:image\" content=\"https:\/\/www.chairedelimmateriel.universite-paris-saclay.fr\/wp-content\/uploads\/2015\/10\/Flyer-conference-27-novembre-1.jpg\" \/>\n\t<meta property=\"og:image:width\" content=\"960\" \/>\n\t<meta property=\"og:image:height\" content=\"720\" \/>\n\t<meta property=\"og:image:type\" content=\"image\/jpeg\" \/>\n<meta name=\"author\" content=\"Ahmed Bounfour\" \/>\n<meta name=\"twitter:card\" content=\"summary_large_image\" \/>\n<meta name=\"twitter:label1\" content=\"Written by\" \/>\n\t<meta name=\"twitter:data1\" content=\"Ahmed Bounfour\" \/>\n\t<meta name=\"twitter:label2\" content=\"Est. reading time\" \/>\n\t<meta name=\"twitter:data2\" content=\"1 minute\" \/>\n<script type=\"application\/ld+json\" class=\"yoast-schema-graph\">{\"@context\":\"https:\\\/\\\/schema.org\",\"@graph\":[{\"@type\":\"Article\",\"@id\":\"https:\\\/\\\/www.chairedelimmateriel.universite-paris-saclay.fr\\\/en\\\/2015\\\/10\\\/16\\\/2eme-conference-sur-les-actifs-immateriels-territoriaux\\\/#article\",\"isPartOf\":{\"@id\":\"https:\\\/\\\/www.chairedelimmateriel.universite-paris-saclay.fr\\\/en\\\/2015\\\/10\\\/16\\\/2eme-conference-sur-les-actifs-immateriels-territoriaux\\\/\"},\"author\":{\"name\":\"Ahmed Bounfour\",\"@id\":\"https:\\\/\\\/www.chairedelimmateriel.universite-paris-saclay.fr\\\/#\\\/schema\\\/person\\\/99fad4cfaf4bf6a8c5d1970bd79888f4\"},\"headline\":\"2\u00e8me conf\u00e9rence sur les Actifs Immat\u00e9riels Territoriaux\",\"datePublished\":\"2015-10-16T20:19:00+00:00\",\"dateModified\":\"2017-02-07T14:23:56+00:00\",\"mainEntityOfPage\":{\"@id\":\"https:\\\/\\\/www.chairedelimmateriel.universite-paris-saclay.fr\\\/en\\\/2015\\\/10\\\/16\\\/2eme-conference-sur-les-actifs-immateriels-territoriaux\\\/\"},\"wordCount\":210,\"image\":{\"@id\":\"https:\\\/\\\/www.chairedelimmateriel.universite-paris-saclay.fr\\\/en\\\/2015\\\/10\\\/16\\\/2eme-conference-sur-les-actifs-immateriels-territoriaux\\\/#primaryimage\"},\"thumbnailUrl\":\"https:\\\/\\\/www.chairedelimmateriel.universite-paris-saclay.fr\\\/wp-content\\\/uploads\\\/2015\\\/10\\\/Flyer-conference-27-novembre-1.jpg\",\"articleSection\":[\"Ev\u00e9nements\",\"News\"],\"inLanguage\":\"en-US\"},{\"@type\":\"WebPage\",\"@id\":\"https:\\\/\\\/www.chairedelimmateriel.universite-paris-saclay.fr\\\/en\\\/2015\\\/10\\\/16\\\/2eme-conference-sur-les-actifs-immateriels-territoriaux\\\/\",\"url\":\"https:\\\/\\\/www.chairedelimmateriel.universite-paris-saclay.fr\\\/en\\\/2015\\\/10\\\/16\\\/2eme-conference-sur-les-actifs-immateriels-territoriaux\\\/\",\"name\":\"2\u00e8me conf\u00e9rence sur les Actifs Immat\u00e9riels Territoriaux - Chaire Europ\u00e9enne de l\u2019Immat\u00e9riel\",\"isPartOf\":{\"@id\":\"https:\\\/\\\/www.chairedelimmateriel.universite-paris-saclay.fr\\\/#website\"},\"primaryImageOfPage\":{\"@id\":\"https:\\\/\\\/www.chairedelimmateriel.universite-paris-saclay.fr\\\/en\\\/2015\\\/10\\\/16\\\/2eme-conference-sur-les-actifs-immateriels-territoriaux\\\/#primaryimage\"},\"image\":{\"@id\":\"https:\\\/\\\/www.chairedelimmateriel.universite-paris-saclay.fr\\\/en\\\/2015\\\/10\\\/16\\\/2eme-conference-sur-les-actifs-immateriels-territoriaux\\\/#primaryimage\"},\"thumbnailUrl\":\"https:\\\/\\\/www.chairedelimmateriel.universite-paris-saclay.fr\\\/wp-content\\\/uploads\\\/2015\\\/10\\\/Flyer-conference-27-novembre-1.jpg\",\"datePublished\":\"2015-10-16T20:19:00+00:00\",\"dateModified\":\"2017-02-07T14:23:56+00:00\",\"author\":{\"@id\":\"https:\\\/\\\/www.chairedelimmateriel.universite-paris-saclay.fr\\\/#\\\/schema\\\/person\\\/99fad4cfaf4bf6a8c5d1970bd79888f4\"},\"breadcrumb\":{\"@id\":\"https:\\\/\\\/www.chairedelimmateriel.universite-paris-saclay.fr\\\/en\\\/2015\\\/10\\\/16\\\/2eme-conference-sur-les-actifs-immateriels-territoriaux\\\/#breadcrumb\"},\"inLanguage\":\"en-US\",\"potentialAction\":[{\"@type\":\"ReadAction\",\"target\":[\"https:\\\/\\\/www.chairedelimmateriel.universite-paris-saclay.fr\\\/en\\\/2015\\\/10\\\/16\\\/2eme-conference-sur-les-actifs-immateriels-territoriaux\\\/\"]}]},{\"@type\":\"ImageObject\",\"inLanguage\":\"en-US\",\"@id\":\"https:\\\/\\\/www.chairedelimmateriel.universite-paris-saclay.fr\\\/en\\\/2015\\\/10\\\/16\\\/2eme-conference-sur-les-actifs-immateriels-territoriaux\\\/#primaryimage\",\"url\":\"https:\\\/\\\/www.chairedelimmateriel.universite-paris-saclay.fr\\\/wp-content\\\/uploads\\\/2015\\\/10\\\/Flyer-conference-27-novembre-1.jpg\",\"contentUrl\":\"https:\\\/\\\/www.chairedelimmateriel.universite-paris-saclay.fr\\\/wp-content\\\/uploads\\\/2015\\\/10\\\/Flyer-conference-27-novembre-1.jpg\",\"width\":960,\"height\":720},{\"@type\":\"BreadcrumbList\",\"@id\":\"https:\\\/\\\/www.chairedelimmateriel.universite-paris-saclay.fr\\\/en\\\/2015\\\/10\\\/16\\\/2eme-conference-sur-les-actifs-immateriels-territoriaux\\\/#breadcrumb\",\"itemListElement\":[{\"@type\":\"ListItem\",\"position\":1,\"name\":\"Home\",\"item\":\"https:\\\/\\\/www.chairedelimmateriel.universite-paris-saclay.fr\\\/en\\\/\"},{\"@type\":\"ListItem\",\"position\":2,\"name\":\"2\u00e8me conf\u00e9rence sur les Actifs Immat\u00e9riels Territoriaux\"}]},{\"@type\":\"WebSite\",\"@id\":\"https:\\\/\\\/www.chairedelimmateriel.universite-paris-saclay.fr\\\/#website\",\"url\":\"https:\\\/\\\/www.chairedelimmateriel.universite-paris-saclay.fr\\\/\",\"name\":\"Chaire Europ\u00e9enne de l\u2019Immat\u00e9riel\",\"description\":\"\",\"potentialAction\":[{\"@type\":\"SearchAction\",\"target\":{\"@type\":\"EntryPoint\",\"urlTemplate\":\"https:\\\/\\\/www.chairedelimmateriel.universite-paris-saclay.fr\\\/?s={search_term_string}\"},\"query-input\":{\"@type\":\"PropertyValueSpecification\",\"valueRequired\":true,\"valueName\":\"search_term_string\"}}],\"inLanguage\":\"en-US\"},{\"@type\":\"Person\",\"@id\":\"https:\\\/\\\/www.chairedelimmateriel.universite-paris-saclay.fr\\\/#\\\/schema\\\/person\\\/99fad4cfaf4bf6a8c5d1970bd79888f4\",\"name\":\"Ahmed Bounfour\",\"image\":{\"@type\":\"ImageObject\",\"inLanguage\":\"en-US\",\"@id\":\"https:\\\/\\\/secure.gravatar.com\\\/avatar\\\/944d10c10395648f2cc983a051d3fe5d78761ea984ca1c1eb5c80b294b5ad65b?s=96&d=mm&r=g\",\"url\":\"https:\\\/\\\/secure.gravatar.com\\\/avatar\\\/944d10c10395648f2cc983a051d3fe5d78761ea984ca1c1eb5c80b294b5ad65b?s=96&d=mm&r=g\",\"contentUrl\":\"https:\\\/\\\/secure.gravatar.com\\\/avatar\\\/944d10c10395648f2cc983a051d3fe5d78761ea984ca1c1eb5c80b294b5ad65b?s=96&d=mm&r=g\",\"caption\":\"Ahmed Bounfour\"},\"sameAs\":[\"https:\\\/\\\/www.chairedelimmateriel.universite-paris-saclay.fr\"]}]}<\/script>\n<!-- \/ Yoast SEO plugin. -->","yoast_head_json":{"title":"2\u00e8me conf\u00e9rence sur les Actifs Immat\u00e9riels Territoriaux - Chaire Europ\u00e9enne de l\u2019Immat\u00e9riel","robots":{"index":"index","follow":"follow","max-snippet":"max-snippet:-1","max-image-preview":"max-image-preview:large","max-video-preview":"max-video-preview:-1"},"canonical":"https:\/\/www.chairedelimmateriel.universite-paris-saclay.fr\/en\/2015\/10\/16\/2eme-conference-sur-les-actifs-immateriels-territoriaux\/","og_locale":"en_US","og_type":"article","og_title":"2\u00e8me conf\u00e9rence sur les Actifs Immat\u00e9riels Territoriaux - Chaire Europ\u00e9enne de l\u2019Immat\u00e9riel","og_description":"Dans le prolongement de la premie\u0300re confe\u0301rence coorganise\u0301e par la Chaire europe\u0301enne de l\u2019immate\u0301riel (Universite\u0301 Paris-Sud), la Caisse des De\u0301po\u0302ts et l\u2019Agence du Patrimoine Immate\u0301riel de l\u2019Etat (Apie) en octobre 2013, la pre\u0301sente confe\u0301rence vise en particulier a\u0300 renforcer le&nbsp;(...)","og_url":"https:\/\/www.chairedelimmateriel.universite-paris-saclay.fr\/en\/2015\/10\/16\/2eme-conference-sur-les-actifs-immateriels-territoriaux\/","og_site_name":"Chaire Europ\u00e9enne de l\u2019Immat\u00e9riel","article_published_time":"2015-10-16T20:19:00+00:00","article_modified_time":"2017-02-07T14:23:56+00:00","og_image":[{"width":960,"height":720,"url":"https:\/\/www.chairedelimmateriel.universite-paris-saclay.fr\/wp-content\/uploads\/2015\/10\/Flyer-conference-27-novembre-1.jpg","type":"image\/jpeg"}],"author":"Ahmed Bounfour","twitter_card":"summary_large_image","twitter_misc":{"Written by":"Ahmed Bounfour","Est. reading time":"1 minute"},"schema":{"@context":"https:\/\/schema.org","@graph":[{"@type":"Article","@id":"https:\/\/www.chairedelimmateriel.universite-paris-saclay.fr\/en\/2015\/10\/16\/2eme-conference-sur-les-actifs-immateriels-territoriaux\/#article","isPartOf":{"@id":"https:\/\/www.chairedelimmateriel.universite-paris-saclay.fr\/en\/2015\/10\/16\/2eme-conference-sur-les-actifs-immateriels-territoriaux\/"},"author":{"name":"Ahmed Bounfour","@id":"https:\/\/www.chairedelimmateriel.universite-paris-saclay.fr\/#\/schema\/person\/99fad4cfaf4bf6a8c5d1970bd79888f4"},"headline":"2\u00e8me conf\u00e9rence sur les Actifs Immat\u00e9riels Territoriaux","datePublished":"2015-10-16T20:19:00+00:00","dateModified":"2017-02-07T14:23:56+00:00","mainEntityOfPage":{"@id":"https:\/\/www.chairedelimmateriel.universite-paris-saclay.fr\/en\/2015\/10\/16\/2eme-conference-sur-les-actifs-immateriels-territoriaux\/"},"wordCount":210,"image":{"@id":"https:\/\/www.chairedelimmateriel.universite-paris-saclay.fr\/en\/2015\/10\/16\/2eme-conference-sur-les-actifs-immateriels-territoriaux\/#primaryimage"},"thumbnailUrl":"https:\/\/www.chairedelimmateriel.universite-paris-saclay.fr\/wp-content\/uploads\/2015\/10\/Flyer-conference-27-novembre-1.jpg","articleSection":["Ev\u00e9nements","News"],"inLanguage":"en-US"},{"@type":"WebPage","@id":"https:\/\/www.chairedelimmateriel.universite-paris-saclay.fr\/en\/2015\/10\/16\/2eme-conference-sur-les-actifs-immateriels-territoriaux\/","url":"https:\/\/www.chairedelimmateriel.universite-paris-saclay.fr\/en\/2015\/10\/16\/2eme-conference-sur-les-actifs-immateriels-territoriaux\/","name":"2\u00e8me conf\u00e9rence sur les Actifs Immat\u00e9riels Territoriaux - Chaire Europ\u00e9enne de l\u2019Immat\u00e9riel","isPartOf":{"@id":"https:\/\/www.chairedelimmateriel.universite-paris-saclay.fr\/#website"},"primaryImageOfPage":{"@id":"https:\/\/www.chairedelimmateriel.universite-paris-saclay.fr\/en\/2015\/10\/16\/2eme-conference-sur-les-actifs-immateriels-territoriaux\/#primaryimage"},"image":{"@id":"https:\/\/www.chairedelimmateriel.universite-paris-saclay.fr\/en\/2015\/10\/16\/2eme-conference-sur-les-actifs-immateriels-territoriaux\/#primaryimage"},"thumbnailUrl":"https:\/\/www.chairedelimmateriel.universite-paris-saclay.fr\/wp-content\/uploads\/2015\/10\/Flyer-conference-27-novembre-1.jpg","datePublished":"2015-10-16T20:19:00+00:00","dateModified":"2017-02-07T14:23:56+00:00","author":{"@id":"https:\/\/www.chairedelimmateriel.universite-paris-saclay.fr\/#\/schema\/person\/99fad4cfaf4bf6a8c5d1970bd79888f4"},"breadcrumb":{"@id":"https:\/\/www.chairedelimmateriel.universite-paris-saclay.fr\/en\/2015\/10\/16\/2eme-conference-sur-les-actifs-immateriels-territoriaux\/#breadcrumb"},"inLanguage":"en-US","potentialAction":[{"@type":"ReadAction","target":["https:\/\/www.chairedelimmateriel.universite-paris-saclay.fr\/en\/2015\/10\/16\/2eme-conference-sur-les-actifs-immateriels-territoriaux\/"]}]},{"@type":"ImageObject","inLanguage":"en-US","@id":"https:\/\/www.chairedelimmateriel.universite-paris-saclay.fr\/en\/2015\/10\/16\/2eme-conference-sur-les-actifs-immateriels-territoriaux\/#primaryimage","url":"https:\/\/www.chairedelimmateriel.universite-paris-saclay.fr\/wp-content\/uploads\/2015\/10\/Flyer-conference-27-novembre-1.jpg","contentUrl":"https:\/\/www.chairedelimmateriel.universite-paris-saclay.fr\/wp-content\/uploads\/2015\/10\/Flyer-conference-27-novembre-1.jpg","width":960,"height":720},{"@type":"BreadcrumbList","@id":"https:\/\/www.chairedelimmateriel.universite-paris-saclay.fr\/en\/2015\/10\/16\/2eme-conference-sur-les-actifs-immateriels-territoriaux\/#breadcrumb","itemListElement":[{"@type":"ListItem","position":1,"name":"Home","item":"https:\/\/www.chairedelimmateriel.universite-paris-saclay.fr\/en\/"},{"@type":"ListItem","position":2,"name":"2\u00e8me conf\u00e9rence sur les Actifs Immat\u00e9riels Territoriaux"}]},{"@type":"WebSite","@id":"https:\/\/www.chairedelimmateriel.universite-paris-saclay.fr\/#website","url":"https:\/\/www.chairedelimmateriel.universite-paris-saclay.fr\/","name":"Chaire Europ\u00e9enne de l\u2019Immat\u00e9riel","description":"","potentialAction":[{"@type":"SearchAction","target":{"@type":"EntryPoint","urlTemplate":"https:\/\/www.chairedelimmateriel.universite-paris-saclay.fr\/?s={search_term_string}"},"query-input":{"@type":"PropertyValueSpecification","valueRequired":true,"valueName":"search_term_string"}}],"inLanguage":"en-US"},{"@type":"Person","@id":"https:\/\/www.chairedelimmateriel.universite-paris-saclay.fr\/#\/schema\/person\/99fad4cfaf4bf6a8c5d1970bd79888f4","name":"Ahmed Bounfour","image":{"@type":"ImageObject","inLanguage":"en-US","@id":"https:\/\/secure.gravatar.com\/avatar\/944d10c10395648f2cc983a051d3fe5d78761ea984ca1c1eb5c80b294b5ad65b?s=96&d=mm&r=g","url":"https:\/\/secure.gravatar.com\/avatar\/944d10c10395648f2cc983a051d3fe5d78761ea984ca1c1eb5c80b294b5ad65b?s=96&d=mm&r=g","contentUrl":"https:\/\/secure.gravatar.com\/avatar\/944d10c10395648f2cc983a051d3fe5d78761ea984ca1c1eb5c80b294b5ad65b?s=96&d=mm&r=g","caption":"Ahmed Bounfour"},"sameAs":["https:\/\/www.chairedelimmateriel.universite-paris-saclay.fr"]}]}},"_links":{"self":[{"href":"https:\/\/www.chairedelimmateriel.universite-paris-saclay.fr\/en\/wp-json\/wp\/v2\/posts\/388","targetHints":{"allow":["GET"]}}],"collection":[{"href":"https:\/\/www.chairedelimmateriel.universite-paris-saclay.fr\/en\/wp-json\/wp\/v2\/posts"}],"about":[{"href":"https:\/\/www.chairedelimmateriel.universite-paris-saclay.fr\/en\/wp-json\/wp\/v2\/types\/post"}],"author":[{"embeddable":true,"href":"https:\/\/www.chairedelimmateriel.universite-paris-saclay.fr\/en\/wp-json\/wp\/v2\/users\/2"}],"replies":[{"embeddable":true,"href":"https:\/\/www.chairedelimmateriel.universite-paris-saclay.fr\/en\/wp-json\/wp\/v2\/comments?post=388"}],"version-history":[{"count":5,"href":"https:\/\/www.chairedelimmateriel.universite-paris-saclay.fr\/en\/wp-json\/wp\/v2\/posts\/388\/revisions"}],"predecessor-version":[{"id":2095,"href":"https:\/\/www.chairedelimmateriel.universite-paris-saclay.fr\/en\/wp-json\/wp\/v2\/posts\/388\/revisions\/2095"}],"wp:featuredmedia":[{"embeddable":true,"href":"https:\/\/www.chairedelimmateriel.universite-paris-saclay.fr\/en\/wp-json\/wp\/v2\/media\/2008"}],"wp:attachment":[{"href":"https:\/\/www.chairedelimmateriel.universite-paris-saclay.fr\/en\/wp-json\/wp\/v2\/media?parent=388"}],"wp:term":[{"taxonomy":"category","embeddable":true,"href":"https:\/\/www.chairedelimmateriel.universite-paris-saclay.fr\/en\/wp-json\/wp\/v2\/categories?post=388"},{"taxonomy":"post_tag","embeddable":true,"href":"https:\/\/www.chairedelimmateriel.universite-paris-saclay.fr\/en\/wp-json\/wp\/v2\/tags?post=388"}],"curies":[{"name":"wp","href":"https:\/\/api.w.org\/{rel}","templated":true}]}}