{"id":375,"date":"2014-12-30T13:13:00","date_gmt":"2014-12-30T13:13:00","guid":{"rendered":"https:\/\/www.chairedelimmateriel.universite-paris-saclay.fr\/2014\/12\/30\/le-capital-immateriel-du-maroc-une-strategie-pour-le-xxieme-siecle-rapport-fondation-ona-new-club-of-paris-ahmed-bounfour-sous-la-direction-de\/"},"modified":"2017-02-02T17:54:12","modified_gmt":"2017-02-02T16:54:12","slug":"capital-immateriel-du-maroc-une-strategie-pour-le-xxi-siecle","status":"publish","type":"post","link":"https:\/\/www.chairedelimmateriel.universite-paris-saclay.fr\/en\/2014\/12\/30\/capital-immateriel-du-maroc-une-strategie-pour-le-xxi-siecle\/","title":{"rendered":"Le Capital immat\u00e9riel du Maroc, une strat\u00e9gie pour le XXI\u00e8me si\u00e8cle"},"content":{"rendered":"<p><strong>Rapport Fondation ONA , New Club of Paris , Ahmed Bounfour (sous la direction de )<\/strong><\/p>\n<p><a class=\"btn\" href=\"https:\/\/www.chairedelimmateriel.universite-paris-saclay.fr\/wp-content\/uploads\/2015\/04\/morocco_ncp_ona_report_icofmorocco1.pdf\">T\u00e9l\u00e9chargez le rapport<\/a><\/p>\n<p>Les \u00e9l\u00e9ments de synth\u00e8se qui suivent renvoient \u00e0 la Table Ronde organis\u00e9e conjointement par la <a href=\"http:\/\/www.fondationona.ma\">Fondation ONA<\/a> et le <a href=\"http:\/\/www.the-new-club-of-paris.org\">Nouveau Club of Paris<\/a> le 26 avril 2007, \u00e0 Rabat, avec la participation de d\u00e9cideurs publics et priv\u00e9s marocains et d\u2019experts internationaux invit\u00e9s. L\u2019objectif, dans l\u2019esprit du Nouveau Club de Paris et de la Fondation ONA, n\u2019est pas d\u2019\u00e9tablir une liste d\u00e9taill\u00e9e de recommandations, mais plut\u00f4t de faire ressortir les id\u00e9es cl\u00e9s, susceptibles de fonder une trajectoire strat\u00e9gique pour le Maroc, lui permettant de tirer le meilleur parti possible des opportunit\u00e9s offertes par l\u2019\u00e9conomie de l\u2019immat\u00e9riel et de la connaissance. Les travaux de la journ\u00e9e ont \u00e9t\u00e9 conduits sur la base des communications des d\u00e9cideurs invit\u00e9s, mais \u00e9galement des documents strat\u00e9giques pr\u00e9par\u00e9s et communiqu\u00e9s par la Fondation ONA aux experts, ainsi qu\u2019\u00e0 partir des donn\u00e9es disponibles aupr\u00e8s de grandes institutions internationales, et de celles en charge du rating et de l\u2019\u00e9valuation de la performance des nations, au plan international. Les travaux de la journ\u00e9e ont mis en \u00e9vidence plusieurs aspects importants relatifs \u00e0 la strat\u00e9gie du Maroc dans le domaine du d\u00e9veloppement et de la valorisation du potentiel que repr\u00e9sente (&#8230;)<\/p>\n<div class=\"shariff\" data-title=\"Le Capital immat\u00e9riel du Maroc, une strat\u00e9gie pour le XXI\u00e8me si\u00e8cle\" data-info-url=\"\" data-backend-url=\"https:\/\/www.chairedelimmateriel.universite-paris-saclay.fr\/wp-content\/plugins\/shariff-sharing\/backend\/index.php\" data-temp=\"\/tmp\" data-ttl=\"60\" data-service=\"tl\" data-services='[\"facebook\",\"twitter\",\"linkedin\"]' data-image=\"\" data-url=\"https:\/\/www.chairedelimmateriel.universite-paris-saclay.fr\/en\/2014\/12\/30\/capital-immateriel-du-maroc-une-strategie-pour-le-xxi-siecle\/\" data-lang=\"en\" data-theme=\"color\" data-orientation=\"horizontal\"><\/div>","protected":false},"excerpt":{"rendered":"<p>Rapport Fondation ONA , New Club of Paris , Ahmed Bounfour (sous la direction de ) T\u00e9l\u00e9chargez le rapport Les \u00e9l\u00e9ments de synth\u00e8se qui suivent renvoient \u00e0 la Table Ronde organis\u00e9e conjointement par la Fondation ONA et le Nouveau Club&nbsp;<small>(&#8230;)<\/small><\/p>\n","protected":false},"author":2,"featured_media":0,"comment_status":"closed","ping_status":"closed","sticky":false,"template":"","format":"standard","meta":{"_monsterinsights_skip_tracking":false,"footnotes":""},"categories":[4],"tags":[],"class_list":["post-375","post","type-post","status-publish","format-standard","hentry","category-news"],"yoast_head":"<!-- This site is optimized with the Yoast SEO plugin v28.4 - https:\/\/yoast.com\/product\/yoast-seo-wordpress\/ -->\n<title>Le Capital immat\u00e9riel du Maroc, une strat\u00e9gie pour le XXI\u00e8me si\u00e8cle - Chaire Europ\u00e9enne de l\u2019Immat\u00e9riel<\/title>\n<meta name=\"robots\" content=\"index, follow, max-snippet:-1, max-image-preview:large, max-video-preview:-1\" \/>\n<link rel=\"canonical\" href=\"https:\/\/www.chairedelimmateriel.universite-paris-saclay.fr\/en\/2014\/12\/30\/capital-immateriel-du-maroc-une-strategie-pour-le-xxi-siecle\/\" \/>\n<meta property=\"og:locale\" content=\"en_US\" \/>\n<meta property=\"og:type\" content=\"article\" \/>\n<meta property=\"og:title\" content=\"Le Capital immat\u00e9riel du Maroc, une strat\u00e9gie pour le XXI\u00e8me si\u00e8cle - Chaire Europ\u00e9enne de l\u2019Immat\u00e9riel\" \/>\n<meta property=\"og:description\" content=\"Rapport Fondation ONA , New Club of Paris , Ahmed Bounfour (sous la direction de ) T\u00e9l\u00e9chargez le rapport Les \u00e9l\u00e9ments de synth\u00e8se qui suivent renvoient \u00e0 la Table Ronde organis\u00e9e conjointement par la Fondation ONA et le Nouveau Club&nbsp;(...)\" \/>\n<meta property=\"og:url\" content=\"https:\/\/www.chairedelimmateriel.universite-paris-saclay.fr\/en\/2014\/12\/30\/capital-immateriel-du-maroc-une-strategie-pour-le-xxi-siecle\/\" \/>\n<meta property=\"og:site_name\" content=\"Chaire Europ\u00e9enne de l\u2019Immat\u00e9riel\" \/>\n<meta property=\"article:published_time\" content=\"2014-12-30T13:13:00+00:00\" \/>\n<meta property=\"article:modified_time\" content=\"2017-02-02T16:54:12+00:00\" \/>\n<meta name=\"author\" content=\"Ahmed Bounfour\" \/>\n<meta name=\"twitter:card\" content=\"summary_large_image\" \/>\n<meta name=\"twitter:label1\" content=\"Written by\" \/>\n\t<meta name=\"twitter:data1\" content=\"Ahmed Bounfour\" \/>\n\t<meta name=\"twitter:label2\" content=\"Est. reading time\" \/>\n\t<meta name=\"twitter:data2\" content=\"1 minute\" \/>\n<script type=\"application\/ld+json\" class=\"yoast-schema-graph\">{\"@context\":\"https:\\\/\\\/schema.org\",\"@graph\":[{\"@type\":\"Article\",\"@id\":\"https:\\\/\\\/www.chairedelimmateriel.universite-paris-saclay.fr\\\/en\\\/2014\\\/12\\\/30\\\/capital-immateriel-du-maroc-une-strategie-pour-le-xxi-siecle\\\/#article\",\"isPartOf\":{\"@id\":\"https:\\\/\\\/www.chairedelimmateriel.universite-paris-saclay.fr\\\/en\\\/2014\\\/12\\\/30\\\/capital-immateriel-du-maroc-une-strategie-pour-le-xxi-siecle\\\/\"},\"author\":{\"name\":\"Ahmed Bounfour\",\"@id\":\"https:\\\/\\\/www.chairedelimmateriel.universite-paris-saclay.fr\\\/#\\\/schema\\\/person\\\/99fad4cfaf4bf6a8c5d1970bd79888f4\"},\"headline\":\"Le Capital immat\u00e9riel du Maroc, une strat\u00e9gie pour le XXI\u00e8me si\u00e8cle\",\"datePublished\":\"2014-12-30T13:13:00+00:00\",\"dateModified\":\"2017-02-02T16:54:12+00:00\",\"mainEntityOfPage\":{\"@id\":\"https:\\\/\\\/www.chairedelimmateriel.universite-paris-saclay.fr\\\/en\\\/2014\\\/12\\\/30\\\/capital-immateriel-du-maroc-une-strategie-pour-le-xxi-siecle\\\/\"},\"wordCount\":252,\"articleSection\":[\"News\"],\"inLanguage\":\"en-US\"},{\"@type\":\"WebPage\",\"@id\":\"https:\\\/\\\/www.chairedelimmateriel.universite-paris-saclay.fr\\\/en\\\/2014\\\/12\\\/30\\\/capital-immateriel-du-maroc-une-strategie-pour-le-xxi-siecle\\\/\",\"url\":\"https:\\\/\\\/www.chairedelimmateriel.universite-paris-saclay.fr\\\/en\\\/2014\\\/12\\\/30\\\/capital-immateriel-du-maroc-une-strategie-pour-le-xxi-siecle\\\/\",\"name\":\"Le Capital immat\u00e9riel du Maroc, une strat\u00e9gie pour le XXI\u00e8me si\u00e8cle - Chaire Europ\u00e9enne de l\u2019Immat\u00e9riel\",\"isPartOf\":{\"@id\":\"https:\\\/\\\/www.chairedelimmateriel.universite-paris-saclay.fr\\\/#website\"},\"datePublished\":\"2014-12-30T13:13:00+00:00\",\"dateModified\":\"2017-02-02T16:54:12+00:00\",\"author\":{\"@id\":\"https:\\\/\\\/www.chairedelimmateriel.universite-paris-saclay.fr\\\/#\\\/schema\\\/person\\\/99fad4cfaf4bf6a8c5d1970bd79888f4\"},\"breadcrumb\":{\"@id\":\"https:\\\/\\\/www.chairedelimmateriel.universite-paris-saclay.fr\\\/en\\\/2014\\\/12\\\/30\\\/capital-immateriel-du-maroc-une-strategie-pour-le-xxi-siecle\\\/#breadcrumb\"},\"inLanguage\":\"en-US\",\"potentialAction\":[{\"@type\":\"ReadAction\",\"target\":[\"https:\\\/\\\/www.chairedelimmateriel.universite-paris-saclay.fr\\\/en\\\/2014\\\/12\\\/30\\\/capital-immateriel-du-maroc-une-strategie-pour-le-xxi-siecle\\\/\"]}]},{\"@type\":\"BreadcrumbList\",\"@id\":\"https:\\\/\\\/www.chairedelimmateriel.universite-paris-saclay.fr\\\/en\\\/2014\\\/12\\\/30\\\/capital-immateriel-du-maroc-une-strategie-pour-le-xxi-siecle\\\/#breadcrumb\",\"itemListElement\":[{\"@type\":\"ListItem\",\"position\":1,\"name\":\"Home\",\"item\":\"https:\\\/\\\/www.chairedelimmateriel.universite-paris-saclay.fr\\\/en\\\/\"},{\"@type\":\"ListItem\",\"position\":2,\"name\":\"Le Capital immat\u00e9riel du Maroc, une strat\u00e9gie pour le XXI\u00e8me si\u00e8cle\"}]},{\"@type\":\"WebSite\",\"@id\":\"https:\\\/\\\/www.chairedelimmateriel.universite-paris-saclay.fr\\\/#website\",\"url\":\"https:\\\/\\\/www.chairedelimmateriel.universite-paris-saclay.fr\\\/\",\"name\":\"Chaire Europ\u00e9enne de l\u2019Immat\u00e9riel\",\"description\":\"\",\"potentialAction\":[{\"@type\":\"SearchAction\",\"target\":{\"@type\":\"EntryPoint\",\"urlTemplate\":\"https:\\\/\\\/www.chairedelimmateriel.universite-paris-saclay.fr\\\/?s={search_term_string}\"},\"query-input\":{\"@type\":\"PropertyValueSpecification\",\"valueRequired\":true,\"valueName\":\"search_term_string\"}}],\"inLanguage\":\"en-US\"},{\"@type\":\"Person\",\"@id\":\"https:\\\/\\\/www.chairedelimmateriel.universite-paris-saclay.fr\\\/#\\\/schema\\\/person\\\/99fad4cfaf4bf6a8c5d1970bd79888f4\",\"name\":\"Ahmed Bounfour\",\"image\":{\"@type\":\"ImageObject\",\"inLanguage\":\"en-US\",\"@id\":\"https:\\\/\\\/secure.gravatar.com\\\/avatar\\\/944d10c10395648f2cc983a051d3fe5d78761ea984ca1c1eb5c80b294b5ad65b?s=96&d=mm&r=g\",\"url\":\"https:\\\/\\\/secure.gravatar.com\\\/avatar\\\/944d10c10395648f2cc983a051d3fe5d78761ea984ca1c1eb5c80b294b5ad65b?s=96&d=mm&r=g\",\"contentUrl\":\"https:\\\/\\\/secure.gravatar.com\\\/avatar\\\/944d10c10395648f2cc983a051d3fe5d78761ea984ca1c1eb5c80b294b5ad65b?s=96&d=mm&r=g\",\"caption\":\"Ahmed Bounfour\"},\"sameAs\":[\"https:\\\/\\\/www.chairedelimmateriel.universite-paris-saclay.fr\"]}]}<\/script>\n<!-- \/ Yoast SEO plugin. -->","yoast_head_json":{"title":"Le Capital immat\u00e9riel du Maroc, une strat\u00e9gie pour le XXI\u00e8me si\u00e8cle - Chaire Europ\u00e9enne de l\u2019Immat\u00e9riel","robots":{"index":"index","follow":"follow","max-snippet":"max-snippet:-1","max-image-preview":"max-image-preview:large","max-video-preview":"max-video-preview:-1"},"canonical":"https:\/\/www.chairedelimmateriel.universite-paris-saclay.fr\/en\/2014\/12\/30\/capital-immateriel-du-maroc-une-strategie-pour-le-xxi-siecle\/","og_locale":"en_US","og_type":"article","og_title":"Le Capital immat\u00e9riel du Maroc, une strat\u00e9gie pour le XXI\u00e8me si\u00e8cle - Chaire Europ\u00e9enne de l\u2019Immat\u00e9riel","og_description":"Rapport Fondation ONA , New Club of Paris , Ahmed Bounfour (sous la direction de ) T\u00e9l\u00e9chargez le rapport Les \u00e9l\u00e9ments de synth\u00e8se qui suivent renvoient \u00e0 la Table Ronde organis\u00e9e conjointement par la Fondation ONA et le Nouveau Club&nbsp;(...)","og_url":"https:\/\/www.chairedelimmateriel.universite-paris-saclay.fr\/en\/2014\/12\/30\/capital-immateriel-du-maroc-une-strategie-pour-le-xxi-siecle\/","og_site_name":"Chaire Europ\u00e9enne de l\u2019Immat\u00e9riel","article_published_time":"2014-12-30T13:13:00+00:00","article_modified_time":"2017-02-02T16:54:12+00:00","author":"Ahmed Bounfour","twitter_card":"summary_large_image","twitter_misc":{"Written by":"Ahmed Bounfour","Est. reading time":"1 minute"},"schema":{"@context":"https:\/\/schema.org","@graph":[{"@type":"Article","@id":"https:\/\/www.chairedelimmateriel.universite-paris-saclay.fr\/en\/2014\/12\/30\/capital-immateriel-du-maroc-une-strategie-pour-le-xxi-siecle\/#article","isPartOf":{"@id":"https:\/\/www.chairedelimmateriel.universite-paris-saclay.fr\/en\/2014\/12\/30\/capital-immateriel-du-maroc-une-strategie-pour-le-xxi-siecle\/"},"author":{"name":"Ahmed Bounfour","@id":"https:\/\/www.chairedelimmateriel.universite-paris-saclay.fr\/#\/schema\/person\/99fad4cfaf4bf6a8c5d1970bd79888f4"},"headline":"Le Capital immat\u00e9riel du Maroc, une strat\u00e9gie pour le XXI\u00e8me si\u00e8cle","datePublished":"2014-12-30T13:13:00+00:00","dateModified":"2017-02-02T16:54:12+00:00","mainEntityOfPage":{"@id":"https:\/\/www.chairedelimmateriel.universite-paris-saclay.fr\/en\/2014\/12\/30\/capital-immateriel-du-maroc-une-strategie-pour-le-xxi-siecle\/"},"wordCount":252,"articleSection":["News"],"inLanguage":"en-US"},{"@type":"WebPage","@id":"https:\/\/www.chairedelimmateriel.universite-paris-saclay.fr\/en\/2014\/12\/30\/capital-immateriel-du-maroc-une-strategie-pour-le-xxi-siecle\/","url":"https:\/\/www.chairedelimmateriel.universite-paris-saclay.fr\/en\/2014\/12\/30\/capital-immateriel-du-maroc-une-strategie-pour-le-xxi-siecle\/","name":"Le Capital immat\u00e9riel du Maroc, une strat\u00e9gie pour le XXI\u00e8me si\u00e8cle - Chaire Europ\u00e9enne de l\u2019Immat\u00e9riel","isPartOf":{"@id":"https:\/\/www.chairedelimmateriel.universite-paris-saclay.fr\/#website"},"datePublished":"2014-12-30T13:13:00+00:00","dateModified":"2017-02-02T16:54:12+00:00","author":{"@id":"https:\/\/www.chairedelimmateriel.universite-paris-saclay.fr\/#\/schema\/person\/99fad4cfaf4bf6a8c5d1970bd79888f4"},"breadcrumb":{"@id":"https:\/\/www.chairedelimmateriel.universite-paris-saclay.fr\/en\/2014\/12\/30\/capital-immateriel-du-maroc-une-strategie-pour-le-xxi-siecle\/#breadcrumb"},"inLanguage":"en-US","potentialAction":[{"@type":"ReadAction","target":["https:\/\/www.chairedelimmateriel.universite-paris-saclay.fr\/en\/2014\/12\/30\/capital-immateriel-du-maroc-une-strategie-pour-le-xxi-siecle\/"]}]},{"@type":"BreadcrumbList","@id":"https:\/\/www.chairedelimmateriel.universite-paris-saclay.fr\/en\/2014\/12\/30\/capital-immateriel-du-maroc-une-strategie-pour-le-xxi-siecle\/#breadcrumb","itemListElement":[{"@type":"ListItem","position":1,"name":"Home","item":"https:\/\/www.chairedelimmateriel.universite-paris-saclay.fr\/en\/"},{"@type":"ListItem","position":2,"name":"Le Capital immat\u00e9riel du Maroc, une strat\u00e9gie pour le XXI\u00e8me si\u00e8cle"}]},{"@type":"WebSite","@id":"https:\/\/www.chairedelimmateriel.universite-paris-saclay.fr\/#website","url":"https:\/\/www.chairedelimmateriel.universite-paris-saclay.fr\/","name":"Chaire Europ\u00e9enne de l\u2019Immat\u00e9riel","description":"","potentialAction":[{"@type":"SearchAction","target":{"@type":"EntryPoint","urlTemplate":"https:\/\/www.chairedelimmateriel.universite-paris-saclay.fr\/?s={search_term_string}"},"query-input":{"@type":"PropertyValueSpecification","valueRequired":true,"valueName":"search_term_string"}}],"inLanguage":"en-US"},{"@type":"Person","@id":"https:\/\/www.chairedelimmateriel.universite-paris-saclay.fr\/#\/schema\/person\/99fad4cfaf4bf6a8c5d1970bd79888f4","name":"Ahmed Bounfour","image":{"@type":"ImageObject","inLanguage":"en-US","@id":"https:\/\/secure.gravatar.com\/avatar\/944d10c10395648f2cc983a051d3fe5d78761ea984ca1c1eb5c80b294b5ad65b?s=96&d=mm&r=g","url":"https:\/\/secure.gravatar.com\/avatar\/944d10c10395648f2cc983a051d3fe5d78761ea984ca1c1eb5c80b294b5ad65b?s=96&d=mm&r=g","contentUrl":"https:\/\/secure.gravatar.com\/avatar\/944d10c10395648f2cc983a051d3fe5d78761ea984ca1c1eb5c80b294b5ad65b?s=96&d=mm&r=g","caption":"Ahmed Bounfour"},"sameAs":["https:\/\/www.chairedelimmateriel.universite-paris-saclay.fr"]}]}},"_links":{"self":[{"href":"https:\/\/www.chairedelimmateriel.universite-paris-saclay.fr\/en\/wp-json\/wp\/v2\/posts\/375","targetHints":{"allow":["GET"]}}],"collection":[{"href":"https:\/\/www.chairedelimmateriel.universite-paris-saclay.fr\/en\/wp-json\/wp\/v2\/posts"}],"about":[{"href":"https:\/\/www.chairedelimmateriel.universite-paris-saclay.fr\/en\/wp-json\/wp\/v2\/types\/post"}],"author":[{"embeddable":true,"href":"https:\/\/www.chairedelimmateriel.universite-paris-saclay.fr\/en\/wp-json\/wp\/v2\/users\/2"}],"replies":[{"embeddable":true,"href":"https:\/\/www.chairedelimmateriel.universite-paris-saclay.fr\/en\/wp-json\/wp\/v2\/comments?post=375"}],"version-history":[{"count":4,"href":"https:\/\/www.chairedelimmateriel.universite-paris-saclay.fr\/en\/wp-json\/wp\/v2\/posts\/375\/revisions"}],"predecessor-version":[{"id":1166,"href":"https:\/\/www.chairedelimmateriel.universite-paris-saclay.fr\/en\/wp-json\/wp\/v2\/posts\/375\/revisions\/1166"}],"wp:attachment":[{"href":"https:\/\/www.chairedelimmateriel.universite-paris-saclay.fr\/en\/wp-json\/wp\/v2\/media?parent=375"}],"wp:term":[{"taxonomy":"category","embeddable":true,"href":"https:\/\/www.chairedelimmateriel.universite-paris-saclay.fr\/en\/wp-json\/wp\/v2\/categories?post=375"},{"taxonomy":"post_tag","embeddable":true,"href":"https:\/\/www.chairedelimmateriel.universite-paris-saclay.fr\/en\/wp-json\/wp\/v2\/tags?post=375"}],"curies":[{"name":"wp","href":"https:\/\/api.w.org\/{rel}","templated":true}]}}