{"id":346,"date":"2013-10-02T14:19:00","date_gmt":"2013-10-02T14:19:00","guid":{"rendered":"https:\/\/www.chairedelimmateriel.universite-paris-saclay.fr\/2013\/10\/02\/les-actifs-immateriels-publics-source-de-croissance-et-levier-de-re-design-de-lagenda-public\/"},"modified":"2017-02-07T15:24:01","modified_gmt":"2017-02-07T14:24:01","slug":"les-actifs-immateriels-publics-source-de-croissance-et-levier-de-re-design-de-lagenda-public","status":"publish","type":"post","link":"https:\/\/www.chairedelimmateriel.universite-paris-saclay.fr\/en\/2013\/10\/02\/les-actifs-immateriels-publics-source-de-croissance-et-levier-de-re-design-de-lagenda-public\/","title":{"rendered":"Les actifs immat\u00e9riels publics, source de croissance et levier de re-design de l&#8217;agenda public"},"content":{"rendered":"<p>Ahmed Bounfour, Parole Publique: La revue de la Communication Publique, N\u00b03, Septembre 2013.<\/p>\n<p><strong>Extrait:<\/strong><br \/><i>Le \u00ab&nbsp;pilotage des actifs immat\u00e9riels&nbsp;\u00bb fait l&#8217;objet d&#8217;une attention particuli\u00e8re depuis quelques ann\u00e9es, tant par les institutions publiques que priv\u00e9es, notamment au plan international. Plusieurs programmes ont en effet \u00e9t\u00e9 lanc\u00e9s par des pays de l&#8217;OCDE mais \u00e9galement par les pays \u00e9mergents, visant sp\u00e9cifiquement \u00e0 valoriser les actifs immat\u00e9riels des entreprises, des r\u00e9gions et des territoires.<\/i><\/p>\n<p><a  href=\"http:\/\/www.calameo.com\/read\/002241860b15637a74327\">Acc\u00e8s \u00e0 la revue<\/a>.<\/p>\n<div class=\"shariff\" data-title=\"Les actifs immat\u00e9riels publics, source de croissance et levier de re-design de l&#8217;agenda public\" data-info-url=\"\" data-backend-url=\"https:\/\/www.chairedelimmateriel.universite-paris-saclay.fr\/wp-content\/plugins\/shariff-sharing\/backend\/index.php\" data-temp=\"\/tmp\" data-ttl=\"60\" data-service=\"tl\" data-services='[\"facebook\",\"twitter\",\"linkedin\"]' data-image=\"\" data-url=\"https:\/\/www.chairedelimmateriel.universite-paris-saclay.fr\/en\/2013\/10\/02\/les-actifs-immateriels-publics-source-de-croissance-et-levier-de-re-design-de-lagenda-public\/\" data-lang=\"en\" data-theme=\"color\" data-orientation=\"horizontal\"><\/div>","protected":false},"excerpt":{"rendered":"<p>Ahmed Bounfour, Parole Publique: La revue de la Communication Publique, N\u00b03, Septembre 2013. Extrait:Le \u00ab&nbsp;pilotage des actifs immat\u00e9riels&nbsp;\u00bb fait l&#8217;objet d&#8217;une attention particuli\u00e8re depuis quelques ann\u00e9es, tant par les institutions publiques que priv\u00e9es, notamment au plan international. Plusieurs programmes ont&nbsp;<small>(&#8230;)<\/small><\/p>\n","protected":false},"author":2,"featured_media":0,"comment_status":"closed","ping_status":"closed","sticky":false,"template":"","format":"standard","meta":{"_monsterinsights_skip_tracking":false,"footnotes":""},"categories":[4],"tags":[],"class_list":["post-346","post","type-post","status-publish","format-standard","hentry","category-news"],"yoast_head":"<!-- This site is optimized with the Yoast SEO plugin v28.4 - https:\/\/yoast.com\/product\/yoast-seo-wordpress\/ -->\n<title>Les actifs immat\u00e9riels publics, source de croissance et levier de re-design de l&#039;agenda public - Chaire Europ\u00e9enne de l\u2019Immat\u00e9riel<\/title>\n<meta name=\"robots\" content=\"index, follow, max-snippet:-1, max-image-preview:large, max-video-preview:-1\" \/>\n<link rel=\"canonical\" href=\"https:\/\/www.chairedelimmateriel.universite-paris-saclay.fr\/en\/2013\/10\/02\/les-actifs-immateriels-publics-source-de-croissance-et-levier-de-re-design-de-lagenda-public\/\" \/>\n<meta property=\"og:locale\" content=\"en_US\" \/>\n<meta property=\"og:type\" content=\"article\" \/>\n<meta property=\"og:title\" content=\"Les actifs immat\u00e9riels publics, source de croissance et levier de re-design de l&#039;agenda public - Chaire Europ\u00e9enne de l\u2019Immat\u00e9riel\" \/>\n<meta property=\"og:description\" content=\"Ahmed Bounfour, Parole Publique: La revue de la Communication Publique, N\u00b03, Septembre 2013. Extrait:Le \u00ab&nbsp;pilotage des actifs immat\u00e9riels&nbsp;\u00bb fait l&#8217;objet d&#8217;une attention particuli\u00e8re depuis quelques ann\u00e9es, tant par les institutions publiques que priv\u00e9es, notamment au plan international. Plusieurs programmes ont&nbsp;(...)\" \/>\n<meta property=\"og:url\" content=\"https:\/\/www.chairedelimmateriel.universite-paris-saclay.fr\/en\/2013\/10\/02\/les-actifs-immateriels-publics-source-de-croissance-et-levier-de-re-design-de-lagenda-public\/\" \/>\n<meta property=\"og:site_name\" content=\"Chaire Europ\u00e9enne de l\u2019Immat\u00e9riel\" \/>\n<meta property=\"article:published_time\" content=\"2013-10-02T14:19:00+00:00\" \/>\n<meta property=\"article:modified_time\" content=\"2017-02-07T14:24:01+00:00\" \/>\n<meta name=\"author\" content=\"Ahmed Bounfour\" \/>\n<meta name=\"twitter:card\" content=\"summary_large_image\" \/>\n<meta name=\"twitter:label1\" content=\"Written by\" \/>\n\t<meta name=\"twitter:data1\" content=\"Ahmed Bounfour\" \/>\n<script type=\"application\/ld+json\" class=\"yoast-schema-graph\">{\"@context\":\"https:\\\/\\\/schema.org\",\"@graph\":[{\"@type\":\"Article\",\"@id\":\"https:\\\/\\\/www.chairedelimmateriel.universite-paris-saclay.fr\\\/en\\\/2013\\\/10\\\/02\\\/les-actifs-immateriels-publics-source-de-croissance-et-levier-de-re-design-de-lagenda-public\\\/#article\",\"isPartOf\":{\"@id\":\"https:\\\/\\\/www.chairedelimmateriel.universite-paris-saclay.fr\\\/en\\\/2013\\\/10\\\/02\\\/les-actifs-immateriels-publics-source-de-croissance-et-levier-de-re-design-de-lagenda-public\\\/\"},\"author\":{\"name\":\"Ahmed Bounfour\",\"@id\":\"https:\\\/\\\/www.chairedelimmateriel.universite-paris-saclay.fr\\\/#\\\/schema\\\/person\\\/99fad4cfaf4bf6a8c5d1970bd79888f4\"},\"headline\":\"Les actifs immat\u00e9riels publics, source de croissance et levier de re-design de l&#8217;agenda public\",\"datePublished\":\"2013-10-02T14:19:00+00:00\",\"dateModified\":\"2017-02-07T14:24:01+00:00\",\"mainEntityOfPage\":{\"@id\":\"https:\\\/\\\/www.chairedelimmateriel.universite-paris-saclay.fr\\\/en\\\/2013\\\/10\\\/02\\\/les-actifs-immateriels-publics-source-de-croissance-et-levier-de-re-design-de-lagenda-public\\\/\"},\"wordCount\":99,\"articleSection\":[\"News\"],\"inLanguage\":\"en-US\"},{\"@type\":\"WebPage\",\"@id\":\"https:\\\/\\\/www.chairedelimmateriel.universite-paris-saclay.fr\\\/en\\\/2013\\\/10\\\/02\\\/les-actifs-immateriels-publics-source-de-croissance-et-levier-de-re-design-de-lagenda-public\\\/\",\"url\":\"https:\\\/\\\/www.chairedelimmateriel.universite-paris-saclay.fr\\\/en\\\/2013\\\/10\\\/02\\\/les-actifs-immateriels-publics-source-de-croissance-et-levier-de-re-design-de-lagenda-public\\\/\",\"name\":\"Les actifs immat\u00e9riels publics, source de croissance et levier de re-design de l'agenda public - Chaire Europ\u00e9enne de l\u2019Immat\u00e9riel\",\"isPartOf\":{\"@id\":\"https:\\\/\\\/www.chairedelimmateriel.universite-paris-saclay.fr\\\/#website\"},\"datePublished\":\"2013-10-02T14:19:00+00:00\",\"dateModified\":\"2017-02-07T14:24:01+00:00\",\"author\":{\"@id\":\"https:\\\/\\\/www.chairedelimmateriel.universite-paris-saclay.fr\\\/#\\\/schema\\\/person\\\/99fad4cfaf4bf6a8c5d1970bd79888f4\"},\"breadcrumb\":{\"@id\":\"https:\\\/\\\/www.chairedelimmateriel.universite-paris-saclay.fr\\\/en\\\/2013\\\/10\\\/02\\\/les-actifs-immateriels-publics-source-de-croissance-et-levier-de-re-design-de-lagenda-public\\\/#breadcrumb\"},\"inLanguage\":\"en-US\",\"potentialAction\":[{\"@type\":\"ReadAction\",\"target\":[\"https:\\\/\\\/www.chairedelimmateriel.universite-paris-saclay.fr\\\/en\\\/2013\\\/10\\\/02\\\/les-actifs-immateriels-publics-source-de-croissance-et-levier-de-re-design-de-lagenda-public\\\/\"]}]},{\"@type\":\"BreadcrumbList\",\"@id\":\"https:\\\/\\\/www.chairedelimmateriel.universite-paris-saclay.fr\\\/en\\\/2013\\\/10\\\/02\\\/les-actifs-immateriels-publics-source-de-croissance-et-levier-de-re-design-de-lagenda-public\\\/#breadcrumb\",\"itemListElement\":[{\"@type\":\"ListItem\",\"position\":1,\"name\":\"Home\",\"item\":\"https:\\\/\\\/www.chairedelimmateriel.universite-paris-saclay.fr\\\/en\\\/\"},{\"@type\":\"ListItem\",\"position\":2,\"name\":\"Les actifs immat\u00e9riels publics, source de croissance et levier de re-design de l&#8217;agenda public\"}]},{\"@type\":\"WebSite\",\"@id\":\"https:\\\/\\\/www.chairedelimmateriel.universite-paris-saclay.fr\\\/#website\",\"url\":\"https:\\\/\\\/www.chairedelimmateriel.universite-paris-saclay.fr\\\/\",\"name\":\"Chaire Europ\u00e9enne de l\u2019Immat\u00e9riel\",\"description\":\"\",\"potentialAction\":[{\"@type\":\"SearchAction\",\"target\":{\"@type\":\"EntryPoint\",\"urlTemplate\":\"https:\\\/\\\/www.chairedelimmateriel.universite-paris-saclay.fr\\\/?s={search_term_string}\"},\"query-input\":{\"@type\":\"PropertyValueSpecification\",\"valueRequired\":true,\"valueName\":\"search_term_string\"}}],\"inLanguage\":\"en-US\"},{\"@type\":\"Person\",\"@id\":\"https:\\\/\\\/www.chairedelimmateriel.universite-paris-saclay.fr\\\/#\\\/schema\\\/person\\\/99fad4cfaf4bf6a8c5d1970bd79888f4\",\"name\":\"Ahmed Bounfour\",\"image\":{\"@type\":\"ImageObject\",\"inLanguage\":\"en-US\",\"@id\":\"https:\\\/\\\/secure.gravatar.com\\\/avatar\\\/944d10c10395648f2cc983a051d3fe5d78761ea984ca1c1eb5c80b294b5ad65b?s=96&d=mm&r=g\",\"url\":\"https:\\\/\\\/secure.gravatar.com\\\/avatar\\\/944d10c10395648f2cc983a051d3fe5d78761ea984ca1c1eb5c80b294b5ad65b?s=96&d=mm&r=g\",\"contentUrl\":\"https:\\\/\\\/secure.gravatar.com\\\/avatar\\\/944d10c10395648f2cc983a051d3fe5d78761ea984ca1c1eb5c80b294b5ad65b?s=96&d=mm&r=g\",\"caption\":\"Ahmed Bounfour\"},\"sameAs\":[\"https:\\\/\\\/www.chairedelimmateriel.universite-paris-saclay.fr\"]}]}<\/script>\n<!-- \/ Yoast SEO plugin. -->","yoast_head_json":{"title":"Les actifs immat\u00e9riels publics, source de croissance et levier de re-design de l'agenda public - Chaire Europ\u00e9enne de l\u2019Immat\u00e9riel","robots":{"index":"index","follow":"follow","max-snippet":"max-snippet:-1","max-image-preview":"max-image-preview:large","max-video-preview":"max-video-preview:-1"},"canonical":"https:\/\/www.chairedelimmateriel.universite-paris-saclay.fr\/en\/2013\/10\/02\/les-actifs-immateriels-publics-source-de-croissance-et-levier-de-re-design-de-lagenda-public\/","og_locale":"en_US","og_type":"article","og_title":"Les actifs immat\u00e9riels publics, source de croissance et levier de re-design de l'agenda public - Chaire Europ\u00e9enne de l\u2019Immat\u00e9riel","og_description":"Ahmed Bounfour, Parole Publique: La revue de la Communication Publique, N\u00b03, Septembre 2013. Extrait:Le \u00ab&nbsp;pilotage des actifs immat\u00e9riels&nbsp;\u00bb fait l&#8217;objet d&#8217;une attention particuli\u00e8re depuis quelques ann\u00e9es, tant par les institutions publiques que priv\u00e9es, notamment au plan international. Plusieurs programmes ont&nbsp;(...)","og_url":"https:\/\/www.chairedelimmateriel.universite-paris-saclay.fr\/en\/2013\/10\/02\/les-actifs-immateriels-publics-source-de-croissance-et-levier-de-re-design-de-lagenda-public\/","og_site_name":"Chaire Europ\u00e9enne de l\u2019Immat\u00e9riel","article_published_time":"2013-10-02T14:19:00+00:00","article_modified_time":"2017-02-07T14:24:01+00:00","author":"Ahmed Bounfour","twitter_card":"summary_large_image","twitter_misc":{"Written by":"Ahmed Bounfour"},"schema":{"@context":"https:\/\/schema.org","@graph":[{"@type":"Article","@id":"https:\/\/www.chairedelimmateriel.universite-paris-saclay.fr\/en\/2013\/10\/02\/les-actifs-immateriels-publics-source-de-croissance-et-levier-de-re-design-de-lagenda-public\/#article","isPartOf":{"@id":"https:\/\/www.chairedelimmateriel.universite-paris-saclay.fr\/en\/2013\/10\/02\/les-actifs-immateriels-publics-source-de-croissance-et-levier-de-re-design-de-lagenda-public\/"},"author":{"name":"Ahmed Bounfour","@id":"https:\/\/www.chairedelimmateriel.universite-paris-saclay.fr\/#\/schema\/person\/99fad4cfaf4bf6a8c5d1970bd79888f4"},"headline":"Les actifs immat\u00e9riels publics, source de croissance et levier de re-design de l&#8217;agenda public","datePublished":"2013-10-02T14:19:00+00:00","dateModified":"2017-02-07T14:24:01+00:00","mainEntityOfPage":{"@id":"https:\/\/www.chairedelimmateriel.universite-paris-saclay.fr\/en\/2013\/10\/02\/les-actifs-immateriels-publics-source-de-croissance-et-levier-de-re-design-de-lagenda-public\/"},"wordCount":99,"articleSection":["News"],"inLanguage":"en-US"},{"@type":"WebPage","@id":"https:\/\/www.chairedelimmateriel.universite-paris-saclay.fr\/en\/2013\/10\/02\/les-actifs-immateriels-publics-source-de-croissance-et-levier-de-re-design-de-lagenda-public\/","url":"https:\/\/www.chairedelimmateriel.universite-paris-saclay.fr\/en\/2013\/10\/02\/les-actifs-immateriels-publics-source-de-croissance-et-levier-de-re-design-de-lagenda-public\/","name":"Les actifs immat\u00e9riels publics, source de croissance et levier de re-design de l'agenda public - Chaire Europ\u00e9enne de l\u2019Immat\u00e9riel","isPartOf":{"@id":"https:\/\/www.chairedelimmateriel.universite-paris-saclay.fr\/#website"},"datePublished":"2013-10-02T14:19:00+00:00","dateModified":"2017-02-07T14:24:01+00:00","author":{"@id":"https:\/\/www.chairedelimmateriel.universite-paris-saclay.fr\/#\/schema\/person\/99fad4cfaf4bf6a8c5d1970bd79888f4"},"breadcrumb":{"@id":"https:\/\/www.chairedelimmateriel.universite-paris-saclay.fr\/en\/2013\/10\/02\/les-actifs-immateriels-publics-source-de-croissance-et-levier-de-re-design-de-lagenda-public\/#breadcrumb"},"inLanguage":"en-US","potentialAction":[{"@type":"ReadAction","target":["https:\/\/www.chairedelimmateriel.universite-paris-saclay.fr\/en\/2013\/10\/02\/les-actifs-immateriels-publics-source-de-croissance-et-levier-de-re-design-de-lagenda-public\/"]}]},{"@type":"BreadcrumbList","@id":"https:\/\/www.chairedelimmateriel.universite-paris-saclay.fr\/en\/2013\/10\/02\/les-actifs-immateriels-publics-source-de-croissance-et-levier-de-re-design-de-lagenda-public\/#breadcrumb","itemListElement":[{"@type":"ListItem","position":1,"name":"Home","item":"https:\/\/www.chairedelimmateriel.universite-paris-saclay.fr\/en\/"},{"@type":"ListItem","position":2,"name":"Les actifs immat\u00e9riels publics, source de croissance et levier de re-design de l&#8217;agenda public"}]},{"@type":"WebSite","@id":"https:\/\/www.chairedelimmateriel.universite-paris-saclay.fr\/#website","url":"https:\/\/www.chairedelimmateriel.universite-paris-saclay.fr\/","name":"Chaire Europ\u00e9enne de l\u2019Immat\u00e9riel","description":"","potentialAction":[{"@type":"SearchAction","target":{"@type":"EntryPoint","urlTemplate":"https:\/\/www.chairedelimmateriel.universite-paris-saclay.fr\/?s={search_term_string}"},"query-input":{"@type":"PropertyValueSpecification","valueRequired":true,"valueName":"search_term_string"}}],"inLanguage":"en-US"},{"@type":"Person","@id":"https:\/\/www.chairedelimmateriel.universite-paris-saclay.fr\/#\/schema\/person\/99fad4cfaf4bf6a8c5d1970bd79888f4","name":"Ahmed Bounfour","image":{"@type":"ImageObject","inLanguage":"en-US","@id":"https:\/\/secure.gravatar.com\/avatar\/944d10c10395648f2cc983a051d3fe5d78761ea984ca1c1eb5c80b294b5ad65b?s=96&d=mm&r=g","url":"https:\/\/secure.gravatar.com\/avatar\/944d10c10395648f2cc983a051d3fe5d78761ea984ca1c1eb5c80b294b5ad65b?s=96&d=mm&r=g","contentUrl":"https:\/\/secure.gravatar.com\/avatar\/944d10c10395648f2cc983a051d3fe5d78761ea984ca1c1eb5c80b294b5ad65b?s=96&d=mm&r=g","caption":"Ahmed Bounfour"},"sameAs":["https:\/\/www.chairedelimmateriel.universite-paris-saclay.fr"]}]}},"_links":{"self":[{"href":"https:\/\/www.chairedelimmateriel.universite-paris-saclay.fr\/en\/wp-json\/wp\/v2\/posts\/346","targetHints":{"allow":["GET"]}}],"collection":[{"href":"https:\/\/www.chairedelimmateriel.universite-paris-saclay.fr\/en\/wp-json\/wp\/v2\/posts"}],"about":[{"href":"https:\/\/www.chairedelimmateriel.universite-paris-saclay.fr\/en\/wp-json\/wp\/v2\/types\/post"}],"author":[{"embeddable":true,"href":"https:\/\/www.chairedelimmateriel.universite-paris-saclay.fr\/en\/wp-json\/wp\/v2\/users\/2"}],"replies":[{"embeddable":true,"href":"https:\/\/www.chairedelimmateriel.universite-paris-saclay.fr\/en\/wp-json\/wp\/v2\/comments?post=346"}],"version-history":[{"count":1,"href":"https:\/\/www.chairedelimmateriel.universite-paris-saclay.fr\/en\/wp-json\/wp\/v2\/posts\/346\/revisions"}],"predecessor-version":[{"id":2113,"href":"https:\/\/www.chairedelimmateriel.universite-paris-saclay.fr\/en\/wp-json\/wp\/v2\/posts\/346\/revisions\/2113"}],"wp:attachment":[{"href":"https:\/\/www.chairedelimmateriel.universite-paris-saclay.fr\/en\/wp-json\/wp\/v2\/media?parent=346"}],"wp:term":[{"taxonomy":"category","embeddable":true,"href":"https:\/\/www.chairedelimmateriel.universite-paris-saclay.fr\/en\/wp-json\/wp\/v2\/categories?post=346"},{"taxonomy":"post_tag","embeddable":true,"href":"https:\/\/www.chairedelimmateriel.universite-paris-saclay.fr\/en\/wp-json\/wp\/v2\/tags?post=346"}],"curies":[{"name":"wp","href":"https:\/\/api.w.org\/{rel}","templated":true}]}}