{"id":340,"date":"2013-09-09T07:22:00","date_gmt":"2013-09-09T07:22:00","guid":{"rendered":"https:\/\/www.chairedelimmateriel.universite-paris-saclay.fr\/2013\/09\/09\/soutenance-de-these-imene-trabelsi-jabeur\/"},"modified":"2017-02-02T18:26:30","modified_gmt":"2017-02-02T17:26:30","slug":"soutenance-de-these-imene-trabelsi-jabeur","status":"publish","type":"post","link":"https:\/\/www.chairedelimmateriel.universite-paris-saclay.fr\/en\/2013\/09\/09\/soutenance-de-these-imene-trabelsi-jabeur\/","title":{"rendered":"Soutenance de th\u00e8se &#8211; Im\u00e8ne Trabelsi-Jabeur"},"content":{"rendered":"<p><img loading=\"lazy\" decoding=\"async\" class=\"aligncenter size-large wp-image-339\" src=\"https:\/\/www.chairedelimmateriel.universite-paris-saclay.fr\/wp-content\/uploads\/2013\/09\/DSC_1995-1024x576.jpg\" alt=\"\" width=\"1024\" height=\"576\" srcset=\"https:\/\/www.chairedelimmateriel.universite-paris-saclay.fr\/wp-content\/uploads\/2013\/09\/DSC_1995.JPG 1024w, https:\/\/www.chairedelimmateriel.universite-paris-saclay.fr\/wp-content\/uploads\/2013\/09\/DSC_1995-220x124.jpg 220w, https:\/\/www.chairedelimmateriel.universite-paris-saclay.fr\/wp-content\/uploads\/2013\/09\/DSC_1995-450x253.jpg 450w, https:\/\/www.chairedelimmateriel.universite-paris-saclay.fr\/wp-content\/uploads\/2013\/09\/DSC_1995-768x432.jpg 768w, https:\/\/www.chairedelimmateriel.universite-paris-saclay.fr\/wp-content\/uploads\/2013\/09\/DSC_1995-300x169.jpg 300w\" sizes=\"auto, (max-width: 1024px) 100vw, 1024px\" \/><\/p>\n<p><strong>Th\u00e8se intitul\u00e9e<\/strong>:<br \/>\n\u00c9tude explicative de l&#8217;innovation \u00e0 partir des connaissances: Proposition d&#8217;une approche par les capacit\u00e9s<\/p>\n<p><strong>Directeur de Recherche<\/strong>:<br \/>\nAhmed BOUNFOUR, Professeur, Universit\u00e9 Paris-Sud &#8211; Directeur, Chair Europ\u00e9enne de Management de l&#8217;Immat\u00e9riel.<\/p>\n<p><strong>Rapporteurs<\/strong>:<br \/>\nCatherine Thomas, Professeur, Universit\u00e9 de Nice Sophia Antipolis.<br \/>\nJacques Liouville, Professeur, Universit\u00e9 de Strasbourg.<\/p>\n<p><strong>Suffragant<\/strong>:<br \/>\nFlorence Durieux, Professeur, Universit\u00e9 Paris Sud.<\/p>\n<div class=\"shariff\" data-title=\"Soutenance de th\u00e8se &#8211; Im\u00e8ne Trabelsi-Jabeur\" data-info-url=\"\" data-backend-url=\"https:\/\/www.chairedelimmateriel.universite-paris-saclay.fr\/wp-content\/plugins\/shariff-sharing\/backend\/index.php\" data-temp=\"\/tmp\" data-ttl=\"60\" data-service=\"tl\" data-services='[\"facebook\",\"twitter\",\"linkedin\"]' data-image=\"https:\/\/www.chairedelimmateriel.universite-paris-saclay.fr\/wp-content\/uploads\/2013\/09\/DSC_1995-1024x576.jpg\" data-url=\"https:\/\/www.chairedelimmateriel.universite-paris-saclay.fr\/en\/2013\/09\/09\/soutenance-de-these-imene-trabelsi-jabeur\/\" data-lang=\"en\" data-theme=\"color\" data-orientation=\"horizontal\"><\/div>","protected":false},"excerpt":{"rendered":"<p>Th\u00e8se intitul\u00e9e: \u00c9tude explicative de l&#8217;innovation \u00e0 partir des connaissances: Proposition d&#8217;une approche par les capacit\u00e9s Directeur de Recherche: Ahmed BOUNFOUR, Professeur, Universit\u00e9 Paris-Sud &#8211; Directeur, Chair Europ\u00e9enne de Management de l&#8217;Immat\u00e9riel. Rapporteurs: Catherine Thomas, Professeur, Universit\u00e9 de Nice Sophia&nbsp;<small>(&#8230;)<\/small><\/p>\n","protected":false},"author":2,"featured_media":0,"comment_status":"closed","ping_status":"closed","sticky":false,"template":"","format":"standard","meta":{"_monsterinsights_skip_tracking":false,"footnotes":""},"categories":[4],"tags":[],"class_list":["post-340","post","type-post","status-publish","format-standard","hentry","category-news"],"yoast_head":"<!-- This site is optimized with the Yoast SEO plugin v28.4 - https:\/\/yoast.com\/product\/yoast-seo-wordpress\/ -->\n<title>Soutenance de th\u00e8se - Im\u00e8ne Trabelsi-Jabeur - Chaire Europ\u00e9enne de l\u2019Immat\u00e9riel<\/title>\n<meta name=\"robots\" content=\"index, follow, max-snippet:-1, max-image-preview:large, max-video-preview:-1\" \/>\n<link rel=\"canonical\" href=\"https:\/\/www.chairedelimmateriel.universite-paris-saclay.fr\/en\/2013\/09\/09\/soutenance-de-these-imene-trabelsi-jabeur\/\" \/>\n<meta property=\"og:locale\" content=\"en_US\" \/>\n<meta property=\"og:type\" content=\"article\" \/>\n<meta property=\"og:title\" content=\"Soutenance de th\u00e8se - Im\u00e8ne Trabelsi-Jabeur - Chaire Europ\u00e9enne de l\u2019Immat\u00e9riel\" \/>\n<meta property=\"og:description\" content=\"Th\u00e8se intitul\u00e9e: \u00c9tude explicative de l&#8217;innovation \u00e0 partir des connaissances: Proposition d&#8217;une approche par les capacit\u00e9s Directeur de Recherche: Ahmed BOUNFOUR, Professeur, Universit\u00e9 Paris-Sud &#8211; Directeur, Chair Europ\u00e9enne de Management de l&#8217;Immat\u00e9riel. Rapporteurs: Catherine Thomas, Professeur, Universit\u00e9 de Nice Sophia&nbsp;(...)\" \/>\n<meta property=\"og:url\" content=\"https:\/\/www.chairedelimmateriel.universite-paris-saclay.fr\/en\/2013\/09\/09\/soutenance-de-these-imene-trabelsi-jabeur\/\" \/>\n<meta property=\"og:site_name\" content=\"Chaire Europ\u00e9enne de l\u2019Immat\u00e9riel\" \/>\n<meta property=\"article:published_time\" content=\"2013-09-09T07:22:00+00:00\" \/>\n<meta property=\"article:modified_time\" content=\"2017-02-02T17:26:30+00:00\" \/>\n<meta property=\"og:image\" content=\"https:\/\/www.chairedelimmateriel.universite-paris-saclay.fr\/wp-content\/uploads\/2013\/09\/DSC_1995-1024x576.jpg\" \/>\n<meta name=\"author\" content=\"Ahmed Bounfour\" \/>\n<meta name=\"twitter:card\" content=\"summary_large_image\" \/>\n<meta name=\"twitter:label1\" content=\"Written by\" \/>\n\t<meta name=\"twitter:data1\" content=\"Ahmed Bounfour\" \/>\n<script type=\"application\/ld+json\" class=\"yoast-schema-graph\">{\"@context\":\"https:\\\/\\\/schema.org\",\"@graph\":[{\"@type\":\"Article\",\"@id\":\"https:\\\/\\\/www.chairedelimmateriel.universite-paris-saclay.fr\\\/en\\\/2013\\\/09\\\/09\\\/soutenance-de-these-imene-trabelsi-jabeur\\\/#article\",\"isPartOf\":{\"@id\":\"https:\\\/\\\/www.chairedelimmateriel.universite-paris-saclay.fr\\\/en\\\/2013\\\/09\\\/09\\\/soutenance-de-these-imene-trabelsi-jabeur\\\/\"},\"author\":{\"name\":\"Ahmed Bounfour\",\"@id\":\"https:\\\/\\\/www.chairedelimmateriel.universite-paris-saclay.fr\\\/#\\\/schema\\\/person\\\/99fad4cfaf4bf6a8c5d1970bd79888f4\"},\"headline\":\"Soutenance de th\u00e8se &#8211; Im\u00e8ne Trabelsi-Jabeur\",\"datePublished\":\"2013-09-09T07:22:00+00:00\",\"dateModified\":\"2017-02-02T17:26:30+00:00\",\"mainEntityOfPage\":{\"@id\":\"https:\\\/\\\/www.chairedelimmateriel.universite-paris-saclay.fr\\\/en\\\/2013\\\/09\\\/09\\\/soutenance-de-these-imene-trabelsi-jabeur\\\/\"},\"wordCount\":69,\"image\":{\"@id\":\"https:\\\/\\\/www.chairedelimmateriel.universite-paris-saclay.fr\\\/en\\\/2013\\\/09\\\/09\\\/soutenance-de-these-imene-trabelsi-jabeur\\\/#primaryimage\"},\"thumbnailUrl\":\"https:\\\/\\\/www.chairedelimmateriel.universite-paris-saclay.fr\\\/wp-content\\\/uploads\\\/2013\\\/09\\\/DSC_1995-1024x576.jpg\",\"articleSection\":[\"News\"],\"inLanguage\":\"en-US\"},{\"@type\":\"WebPage\",\"@id\":\"https:\\\/\\\/www.chairedelimmateriel.universite-paris-saclay.fr\\\/en\\\/2013\\\/09\\\/09\\\/soutenance-de-these-imene-trabelsi-jabeur\\\/\",\"url\":\"https:\\\/\\\/www.chairedelimmateriel.universite-paris-saclay.fr\\\/en\\\/2013\\\/09\\\/09\\\/soutenance-de-these-imene-trabelsi-jabeur\\\/\",\"name\":\"Soutenance de th\u00e8se - Im\u00e8ne Trabelsi-Jabeur - Chaire Europ\u00e9enne de l\u2019Immat\u00e9riel\",\"isPartOf\":{\"@id\":\"https:\\\/\\\/www.chairedelimmateriel.universite-paris-saclay.fr\\\/#website\"},\"primaryImageOfPage\":{\"@id\":\"https:\\\/\\\/www.chairedelimmateriel.universite-paris-saclay.fr\\\/en\\\/2013\\\/09\\\/09\\\/soutenance-de-these-imene-trabelsi-jabeur\\\/#primaryimage\"},\"image\":{\"@id\":\"https:\\\/\\\/www.chairedelimmateriel.universite-paris-saclay.fr\\\/en\\\/2013\\\/09\\\/09\\\/soutenance-de-these-imene-trabelsi-jabeur\\\/#primaryimage\"},\"thumbnailUrl\":\"https:\\\/\\\/www.chairedelimmateriel.universite-paris-saclay.fr\\\/wp-content\\\/uploads\\\/2013\\\/09\\\/DSC_1995-1024x576.jpg\",\"datePublished\":\"2013-09-09T07:22:00+00:00\",\"dateModified\":\"2017-02-02T17:26:30+00:00\",\"author\":{\"@id\":\"https:\\\/\\\/www.chairedelimmateriel.universite-paris-saclay.fr\\\/#\\\/schema\\\/person\\\/99fad4cfaf4bf6a8c5d1970bd79888f4\"},\"breadcrumb\":{\"@id\":\"https:\\\/\\\/www.chairedelimmateriel.universite-paris-saclay.fr\\\/en\\\/2013\\\/09\\\/09\\\/soutenance-de-these-imene-trabelsi-jabeur\\\/#breadcrumb\"},\"inLanguage\":\"en-US\",\"potentialAction\":[{\"@type\":\"ReadAction\",\"target\":[\"https:\\\/\\\/www.chairedelimmateriel.universite-paris-saclay.fr\\\/en\\\/2013\\\/09\\\/09\\\/soutenance-de-these-imene-trabelsi-jabeur\\\/\"]}]},{\"@type\":\"ImageObject\",\"inLanguage\":\"en-US\",\"@id\":\"https:\\\/\\\/www.chairedelimmateriel.universite-paris-saclay.fr\\\/en\\\/2013\\\/09\\\/09\\\/soutenance-de-these-imene-trabelsi-jabeur\\\/#primaryimage\",\"url\":\"https:\\\/\\\/www.chairedelimmateriel.universite-paris-saclay.fr\\\/wp-content\\\/uploads\\\/2013\\\/09\\\/DSC_1995-1024x576.jpg\",\"contentUrl\":\"https:\\\/\\\/www.chairedelimmateriel.universite-paris-saclay.fr\\\/wp-content\\\/uploads\\\/2013\\\/09\\\/DSC_1995-1024x576.jpg\"},{\"@type\":\"BreadcrumbList\",\"@id\":\"https:\\\/\\\/www.chairedelimmateriel.universite-paris-saclay.fr\\\/en\\\/2013\\\/09\\\/09\\\/soutenance-de-these-imene-trabelsi-jabeur\\\/#breadcrumb\",\"itemListElement\":[{\"@type\":\"ListItem\",\"position\":1,\"name\":\"Home\",\"item\":\"https:\\\/\\\/www.chairedelimmateriel.universite-paris-saclay.fr\\\/en\\\/\"},{\"@type\":\"ListItem\",\"position\":2,\"name\":\"Soutenance de th\u00e8se &#8211; Im\u00e8ne Trabelsi-Jabeur\"}]},{\"@type\":\"WebSite\",\"@id\":\"https:\\\/\\\/www.chairedelimmateriel.universite-paris-saclay.fr\\\/#website\",\"url\":\"https:\\\/\\\/www.chairedelimmateriel.universite-paris-saclay.fr\\\/\",\"name\":\"Chaire Europ\u00e9enne de l\u2019Immat\u00e9riel\",\"description\":\"\",\"potentialAction\":[{\"@type\":\"SearchAction\",\"target\":{\"@type\":\"EntryPoint\",\"urlTemplate\":\"https:\\\/\\\/www.chairedelimmateriel.universite-paris-saclay.fr\\\/?s={search_term_string}\"},\"query-input\":{\"@type\":\"PropertyValueSpecification\",\"valueRequired\":true,\"valueName\":\"search_term_string\"}}],\"inLanguage\":\"en-US\"},{\"@type\":\"Person\",\"@id\":\"https:\\\/\\\/www.chairedelimmateriel.universite-paris-saclay.fr\\\/#\\\/schema\\\/person\\\/99fad4cfaf4bf6a8c5d1970bd79888f4\",\"name\":\"Ahmed Bounfour\",\"image\":{\"@type\":\"ImageObject\",\"inLanguage\":\"en-US\",\"@id\":\"https:\\\/\\\/secure.gravatar.com\\\/avatar\\\/944d10c10395648f2cc983a051d3fe5d78761ea984ca1c1eb5c80b294b5ad65b?s=96&d=mm&r=g\",\"url\":\"https:\\\/\\\/secure.gravatar.com\\\/avatar\\\/944d10c10395648f2cc983a051d3fe5d78761ea984ca1c1eb5c80b294b5ad65b?s=96&d=mm&r=g\",\"contentUrl\":\"https:\\\/\\\/secure.gravatar.com\\\/avatar\\\/944d10c10395648f2cc983a051d3fe5d78761ea984ca1c1eb5c80b294b5ad65b?s=96&d=mm&r=g\",\"caption\":\"Ahmed Bounfour\"},\"sameAs\":[\"https:\\\/\\\/www.chairedelimmateriel.universite-paris-saclay.fr\"]}]}<\/script>\n<!-- \/ Yoast SEO plugin. -->","yoast_head_json":{"title":"Soutenance de th\u00e8se - Im\u00e8ne Trabelsi-Jabeur - Chaire Europ\u00e9enne de l\u2019Immat\u00e9riel","robots":{"index":"index","follow":"follow","max-snippet":"max-snippet:-1","max-image-preview":"max-image-preview:large","max-video-preview":"max-video-preview:-1"},"canonical":"https:\/\/www.chairedelimmateriel.universite-paris-saclay.fr\/en\/2013\/09\/09\/soutenance-de-these-imene-trabelsi-jabeur\/","og_locale":"en_US","og_type":"article","og_title":"Soutenance de th\u00e8se - Im\u00e8ne Trabelsi-Jabeur - Chaire Europ\u00e9enne de l\u2019Immat\u00e9riel","og_description":"Th\u00e8se intitul\u00e9e: \u00c9tude explicative de l&#8217;innovation \u00e0 partir des connaissances: Proposition d&#8217;une approche par les capacit\u00e9s Directeur de Recherche: Ahmed BOUNFOUR, Professeur, Universit\u00e9 Paris-Sud &#8211; Directeur, Chair Europ\u00e9enne de Management de l&#8217;Immat\u00e9riel. Rapporteurs: Catherine Thomas, Professeur, Universit\u00e9 de Nice Sophia&nbsp;(...)","og_url":"https:\/\/www.chairedelimmateriel.universite-paris-saclay.fr\/en\/2013\/09\/09\/soutenance-de-these-imene-trabelsi-jabeur\/","og_site_name":"Chaire Europ\u00e9enne de l\u2019Immat\u00e9riel","article_published_time":"2013-09-09T07:22:00+00:00","article_modified_time":"2017-02-02T17:26:30+00:00","og_image":[{"url":"https:\/\/www.chairedelimmateriel.universite-paris-saclay.fr\/wp-content\/uploads\/2013\/09\/DSC_1995-1024x576.jpg","type":"","width":"","height":""}],"author":"Ahmed Bounfour","twitter_card":"summary_large_image","twitter_misc":{"Written by":"Ahmed Bounfour"},"schema":{"@context":"https:\/\/schema.org","@graph":[{"@type":"Article","@id":"https:\/\/www.chairedelimmateriel.universite-paris-saclay.fr\/en\/2013\/09\/09\/soutenance-de-these-imene-trabelsi-jabeur\/#article","isPartOf":{"@id":"https:\/\/www.chairedelimmateriel.universite-paris-saclay.fr\/en\/2013\/09\/09\/soutenance-de-these-imene-trabelsi-jabeur\/"},"author":{"name":"Ahmed Bounfour","@id":"https:\/\/www.chairedelimmateriel.universite-paris-saclay.fr\/#\/schema\/person\/99fad4cfaf4bf6a8c5d1970bd79888f4"},"headline":"Soutenance de th\u00e8se &#8211; Im\u00e8ne Trabelsi-Jabeur","datePublished":"2013-09-09T07:22:00+00:00","dateModified":"2017-02-02T17:26:30+00:00","mainEntityOfPage":{"@id":"https:\/\/www.chairedelimmateriel.universite-paris-saclay.fr\/en\/2013\/09\/09\/soutenance-de-these-imene-trabelsi-jabeur\/"},"wordCount":69,"image":{"@id":"https:\/\/www.chairedelimmateriel.universite-paris-saclay.fr\/en\/2013\/09\/09\/soutenance-de-these-imene-trabelsi-jabeur\/#primaryimage"},"thumbnailUrl":"https:\/\/www.chairedelimmateriel.universite-paris-saclay.fr\/wp-content\/uploads\/2013\/09\/DSC_1995-1024x576.jpg","articleSection":["News"],"inLanguage":"en-US"},{"@type":"WebPage","@id":"https:\/\/www.chairedelimmateriel.universite-paris-saclay.fr\/en\/2013\/09\/09\/soutenance-de-these-imene-trabelsi-jabeur\/","url":"https:\/\/www.chairedelimmateriel.universite-paris-saclay.fr\/en\/2013\/09\/09\/soutenance-de-these-imene-trabelsi-jabeur\/","name":"Soutenance de th\u00e8se - Im\u00e8ne Trabelsi-Jabeur - Chaire Europ\u00e9enne de l\u2019Immat\u00e9riel","isPartOf":{"@id":"https:\/\/www.chairedelimmateriel.universite-paris-saclay.fr\/#website"},"primaryImageOfPage":{"@id":"https:\/\/www.chairedelimmateriel.universite-paris-saclay.fr\/en\/2013\/09\/09\/soutenance-de-these-imene-trabelsi-jabeur\/#primaryimage"},"image":{"@id":"https:\/\/www.chairedelimmateriel.universite-paris-saclay.fr\/en\/2013\/09\/09\/soutenance-de-these-imene-trabelsi-jabeur\/#primaryimage"},"thumbnailUrl":"https:\/\/www.chairedelimmateriel.universite-paris-saclay.fr\/wp-content\/uploads\/2013\/09\/DSC_1995-1024x576.jpg","datePublished":"2013-09-09T07:22:00+00:00","dateModified":"2017-02-02T17:26:30+00:00","author":{"@id":"https:\/\/www.chairedelimmateriel.universite-paris-saclay.fr\/#\/schema\/person\/99fad4cfaf4bf6a8c5d1970bd79888f4"},"breadcrumb":{"@id":"https:\/\/www.chairedelimmateriel.universite-paris-saclay.fr\/en\/2013\/09\/09\/soutenance-de-these-imene-trabelsi-jabeur\/#breadcrumb"},"inLanguage":"en-US","potentialAction":[{"@type":"ReadAction","target":["https:\/\/www.chairedelimmateriel.universite-paris-saclay.fr\/en\/2013\/09\/09\/soutenance-de-these-imene-trabelsi-jabeur\/"]}]},{"@type":"ImageObject","inLanguage":"en-US","@id":"https:\/\/www.chairedelimmateriel.universite-paris-saclay.fr\/en\/2013\/09\/09\/soutenance-de-these-imene-trabelsi-jabeur\/#primaryimage","url":"https:\/\/www.chairedelimmateriel.universite-paris-saclay.fr\/wp-content\/uploads\/2013\/09\/DSC_1995-1024x576.jpg","contentUrl":"https:\/\/www.chairedelimmateriel.universite-paris-saclay.fr\/wp-content\/uploads\/2013\/09\/DSC_1995-1024x576.jpg"},{"@type":"BreadcrumbList","@id":"https:\/\/www.chairedelimmateriel.universite-paris-saclay.fr\/en\/2013\/09\/09\/soutenance-de-these-imene-trabelsi-jabeur\/#breadcrumb","itemListElement":[{"@type":"ListItem","position":1,"name":"Home","item":"https:\/\/www.chairedelimmateriel.universite-paris-saclay.fr\/en\/"},{"@type":"ListItem","position":2,"name":"Soutenance de th\u00e8se &#8211; Im\u00e8ne Trabelsi-Jabeur"}]},{"@type":"WebSite","@id":"https:\/\/www.chairedelimmateriel.universite-paris-saclay.fr\/#website","url":"https:\/\/www.chairedelimmateriel.universite-paris-saclay.fr\/","name":"Chaire Europ\u00e9enne de l\u2019Immat\u00e9riel","description":"","potentialAction":[{"@type":"SearchAction","target":{"@type":"EntryPoint","urlTemplate":"https:\/\/www.chairedelimmateriel.universite-paris-saclay.fr\/?s={search_term_string}"},"query-input":{"@type":"PropertyValueSpecification","valueRequired":true,"valueName":"search_term_string"}}],"inLanguage":"en-US"},{"@type":"Person","@id":"https:\/\/www.chairedelimmateriel.universite-paris-saclay.fr\/#\/schema\/person\/99fad4cfaf4bf6a8c5d1970bd79888f4","name":"Ahmed Bounfour","image":{"@type":"ImageObject","inLanguage":"en-US","@id":"https:\/\/secure.gravatar.com\/avatar\/944d10c10395648f2cc983a051d3fe5d78761ea984ca1c1eb5c80b294b5ad65b?s=96&d=mm&r=g","url":"https:\/\/secure.gravatar.com\/avatar\/944d10c10395648f2cc983a051d3fe5d78761ea984ca1c1eb5c80b294b5ad65b?s=96&d=mm&r=g","contentUrl":"https:\/\/secure.gravatar.com\/avatar\/944d10c10395648f2cc983a051d3fe5d78761ea984ca1c1eb5c80b294b5ad65b?s=96&d=mm&r=g","caption":"Ahmed Bounfour"},"sameAs":["https:\/\/www.chairedelimmateriel.universite-paris-saclay.fr"]}]}},"_links":{"self":[{"href":"https:\/\/www.chairedelimmateriel.universite-paris-saclay.fr\/en\/wp-json\/wp\/v2\/posts\/340","targetHints":{"allow":["GET"]}}],"collection":[{"href":"https:\/\/www.chairedelimmateriel.universite-paris-saclay.fr\/en\/wp-json\/wp\/v2\/posts"}],"about":[{"href":"https:\/\/www.chairedelimmateriel.universite-paris-saclay.fr\/en\/wp-json\/wp\/v2\/types\/post"}],"author":[{"embeddable":true,"href":"https:\/\/www.chairedelimmateriel.universite-paris-saclay.fr\/en\/wp-json\/wp\/v2\/users\/2"}],"replies":[{"embeddable":true,"href":"https:\/\/www.chairedelimmateriel.universite-paris-saclay.fr\/en\/wp-json\/wp\/v2\/comments?post=340"}],"version-history":[{"count":1,"href":"https:\/\/www.chairedelimmateriel.universite-paris-saclay.fr\/en\/wp-json\/wp\/v2\/posts\/340\/revisions"}],"predecessor-version":[{"id":1202,"href":"https:\/\/www.chairedelimmateriel.universite-paris-saclay.fr\/en\/wp-json\/wp\/v2\/posts\/340\/revisions\/1202"}],"wp:attachment":[{"href":"https:\/\/www.chairedelimmateriel.universite-paris-saclay.fr\/en\/wp-json\/wp\/v2\/media?parent=340"}],"wp:term":[{"taxonomy":"category","embeddable":true,"href":"https:\/\/www.chairedelimmateriel.universite-paris-saclay.fr\/en\/wp-json\/wp\/v2\/categories?post=340"},{"taxonomy":"post_tag","embeddable":true,"href":"https:\/\/www.chairedelimmateriel.universite-paris-saclay.fr\/en\/wp-json\/wp\/v2\/tags?post=340"}],"curies":[{"name":"wp","href":"https:\/\/api.w.org\/{rel}","templated":true}]}}