{"id":330,"date":"2013-01-22T09:17:00","date_gmt":"2013-01-22T09:17:00","guid":{"rendered":"https:\/\/www.chairedelimmateriel.universite-paris-saclay.fr\/2013\/01\/22\/table-ronde-franco-allemande-vers-un-agenda-commun-de-limmateriel\/"},"modified":"2017-02-07T15:24:04","modified_gmt":"2017-02-07T14:24:04","slug":"table-ronde-franco-allemande-vers-un-agenda-commun-de-limmateriel","status":"publish","type":"post","link":"https:\/\/www.chairedelimmateriel.universite-paris-saclay.fr\/en\/2013\/01\/22\/table-ronde-franco-allemande-vers-un-agenda-commun-de-limmateriel\/","title":{"rendered":"Table ronde franco-allemande Vers un agenda commun de  l&#8217;immat\u00e9riel"},"content":{"rendered":"<p><a href=\"https:\/\/www.chairedelimmateriel.universite-paris-saclay.fr\/wp-content\/uploads\/2013\/01\/Bounfour-Sueur.pdf\">T\u00e9l\u00e9charger la publication<\/a><\/p>\n<blockquote><p>La table ronde Franco-Allemande sur les actifs immat\u00e9riels est une initiative conjointe de l&#8217;Universit\u00e9 Paris-Sud et de l&#8217;Universit\u00e9 de Heidelberg. La deuxi\u00e8me conf\u00e9rence a \u00e9t\u00e9 organis\u00e9e les 17 et 18 septembre 2012 \u00e0 Heidelberg.<\/p><\/blockquote>\n<div class=\"shariff\" data-title=\"Table ronde franco-allemande Vers un agenda commun de  l&#8217;immat\u00e9riel\" data-info-url=\"\" data-backend-url=\"https:\/\/www.chairedelimmateriel.universite-paris-saclay.fr\/wp-content\/plugins\/shariff-sharing\/backend\/index.php\" data-temp=\"\/tmp\" data-ttl=\"60\" data-service=\"tl\" data-services='[\"facebook\",\"twitter\",\"linkedin\"]' data-image=\"\" data-url=\"https:\/\/www.chairedelimmateriel.universite-paris-saclay.fr\/en\/2013\/01\/22\/table-ronde-franco-allemande-vers-un-agenda-commun-de-limmateriel\/\" data-lang=\"en\" data-theme=\"color\" data-orientation=\"horizontal\"><\/div>","protected":false},"excerpt":{"rendered":"<p>T\u00e9l\u00e9charger la publication La table ronde Franco-Allemande sur les actifs immat\u00e9riels est une initiative conjointe de l&#8217;Universit\u00e9 Paris-Sud et de l&#8217;Universit\u00e9 de Heidelberg. La deuxi\u00e8me conf\u00e9rence a \u00e9t\u00e9 organis\u00e9e les 17 et 18 septembre 2012 \u00e0 Heidelberg.<\/p>\n","protected":false},"author":2,"featured_media":0,"comment_status":"closed","ping_status":"closed","sticky":false,"template":"","format":"standard","meta":{"_monsterinsights_skip_tracking":false,"footnotes":""},"categories":[4],"tags":[],"class_list":["post-330","post","type-post","status-publish","format-standard","hentry","category-news"],"yoast_head":"<!-- This site is optimized with the Yoast SEO plugin v28.4 - https:\/\/yoast.com\/product\/yoast-seo-wordpress\/ -->\n<title>Table ronde franco-allemande Vers un agenda commun de l&#039;immat\u00e9riel - Chaire Europ\u00e9enne de l\u2019Immat\u00e9riel<\/title>\n<meta name=\"robots\" content=\"index, follow, max-snippet:-1, max-image-preview:large, max-video-preview:-1\" \/>\n<link rel=\"canonical\" href=\"https:\/\/www.chairedelimmateriel.universite-paris-saclay.fr\/en\/2013\/01\/22\/table-ronde-franco-allemande-vers-un-agenda-commun-de-limmateriel\/\" \/>\n<meta property=\"og:locale\" content=\"en_US\" \/>\n<meta property=\"og:type\" content=\"article\" \/>\n<meta property=\"og:title\" content=\"Table ronde franco-allemande Vers un agenda commun de l&#039;immat\u00e9riel - Chaire Europ\u00e9enne de l\u2019Immat\u00e9riel\" \/>\n<meta property=\"og:description\" content=\"T\u00e9l\u00e9charger la publication La table ronde Franco-Allemande sur les actifs immat\u00e9riels est une initiative conjointe de l&#8217;Universit\u00e9 Paris-Sud et de l&#8217;Universit\u00e9 de Heidelberg. La deuxi\u00e8me conf\u00e9rence a \u00e9t\u00e9 organis\u00e9e les 17 et 18 septembre 2012 \u00e0 Heidelberg.\" \/>\n<meta property=\"og:url\" content=\"https:\/\/www.chairedelimmateriel.universite-paris-saclay.fr\/en\/2013\/01\/22\/table-ronde-franco-allemande-vers-un-agenda-commun-de-limmateriel\/\" \/>\n<meta property=\"og:site_name\" content=\"Chaire Europ\u00e9enne de l\u2019Immat\u00e9riel\" \/>\n<meta property=\"article:published_time\" content=\"2013-01-22T09:17:00+00:00\" \/>\n<meta property=\"article:modified_time\" content=\"2017-02-07T14:24:04+00:00\" \/>\n<meta name=\"author\" content=\"Ahmed Bounfour\" \/>\n<meta name=\"twitter:card\" content=\"summary_large_image\" \/>\n<meta name=\"twitter:label1\" content=\"Written by\" \/>\n\t<meta name=\"twitter:data1\" content=\"Ahmed Bounfour\" \/>\n<script type=\"application\/ld+json\" class=\"yoast-schema-graph\">{\"@context\":\"https:\\\/\\\/schema.org\",\"@graph\":[{\"@type\":\"Article\",\"@id\":\"https:\\\/\\\/www.chairedelimmateriel.universite-paris-saclay.fr\\\/en\\\/2013\\\/01\\\/22\\\/table-ronde-franco-allemande-vers-un-agenda-commun-de-limmateriel\\\/#article\",\"isPartOf\":{\"@id\":\"https:\\\/\\\/www.chairedelimmateriel.universite-paris-saclay.fr\\\/en\\\/2013\\\/01\\\/22\\\/table-ronde-franco-allemande-vers-un-agenda-commun-de-limmateriel\\\/\"},\"author\":{\"name\":\"Ahmed Bounfour\",\"@id\":\"https:\\\/\\\/www.chairedelimmateriel.universite-paris-saclay.fr\\\/#\\\/schema\\\/person\\\/99fad4cfaf4bf6a8c5d1970bd79888f4\"},\"headline\":\"Table ronde franco-allemande Vers un agenda commun de l&#8217;immat\u00e9riel\",\"datePublished\":\"2013-01-22T09:17:00+00:00\",\"dateModified\":\"2017-02-07T14:24:04+00:00\",\"mainEntityOfPage\":{\"@id\":\"https:\\\/\\\/www.chairedelimmateriel.universite-paris-saclay.fr\\\/en\\\/2013\\\/01\\\/22\\\/table-ronde-franco-allemande-vers-un-agenda-commun-de-limmateriel\\\/\"},\"wordCount\":52,\"articleSection\":[\"News\"],\"inLanguage\":\"en-US\"},{\"@type\":\"WebPage\",\"@id\":\"https:\\\/\\\/www.chairedelimmateriel.universite-paris-saclay.fr\\\/en\\\/2013\\\/01\\\/22\\\/table-ronde-franco-allemande-vers-un-agenda-commun-de-limmateriel\\\/\",\"url\":\"https:\\\/\\\/www.chairedelimmateriel.universite-paris-saclay.fr\\\/en\\\/2013\\\/01\\\/22\\\/table-ronde-franco-allemande-vers-un-agenda-commun-de-limmateriel\\\/\",\"name\":\"Table ronde franco-allemande Vers un agenda commun de l'immat\u00e9riel - Chaire Europ\u00e9enne de l\u2019Immat\u00e9riel\",\"isPartOf\":{\"@id\":\"https:\\\/\\\/www.chairedelimmateriel.universite-paris-saclay.fr\\\/#website\"},\"datePublished\":\"2013-01-22T09:17:00+00:00\",\"dateModified\":\"2017-02-07T14:24:04+00:00\",\"author\":{\"@id\":\"https:\\\/\\\/www.chairedelimmateriel.universite-paris-saclay.fr\\\/#\\\/schema\\\/person\\\/99fad4cfaf4bf6a8c5d1970bd79888f4\"},\"breadcrumb\":{\"@id\":\"https:\\\/\\\/www.chairedelimmateriel.universite-paris-saclay.fr\\\/en\\\/2013\\\/01\\\/22\\\/table-ronde-franco-allemande-vers-un-agenda-commun-de-limmateriel\\\/#breadcrumb\"},\"inLanguage\":\"en-US\",\"potentialAction\":[{\"@type\":\"ReadAction\",\"target\":[\"https:\\\/\\\/www.chairedelimmateriel.universite-paris-saclay.fr\\\/en\\\/2013\\\/01\\\/22\\\/table-ronde-franco-allemande-vers-un-agenda-commun-de-limmateriel\\\/\"]}]},{\"@type\":\"BreadcrumbList\",\"@id\":\"https:\\\/\\\/www.chairedelimmateriel.universite-paris-saclay.fr\\\/en\\\/2013\\\/01\\\/22\\\/table-ronde-franco-allemande-vers-un-agenda-commun-de-limmateriel\\\/#breadcrumb\",\"itemListElement\":[{\"@type\":\"ListItem\",\"position\":1,\"name\":\"Home\",\"item\":\"https:\\\/\\\/www.chairedelimmateriel.universite-paris-saclay.fr\\\/en\\\/\"},{\"@type\":\"ListItem\",\"position\":2,\"name\":\"Table ronde franco-allemande Vers un agenda commun de l&#8217;immat\u00e9riel\"}]},{\"@type\":\"WebSite\",\"@id\":\"https:\\\/\\\/www.chairedelimmateriel.universite-paris-saclay.fr\\\/#website\",\"url\":\"https:\\\/\\\/www.chairedelimmateriel.universite-paris-saclay.fr\\\/\",\"name\":\"Chaire Europ\u00e9enne de l\u2019Immat\u00e9riel\",\"description\":\"\",\"potentialAction\":[{\"@type\":\"SearchAction\",\"target\":{\"@type\":\"EntryPoint\",\"urlTemplate\":\"https:\\\/\\\/www.chairedelimmateriel.universite-paris-saclay.fr\\\/?s={search_term_string}\"},\"query-input\":{\"@type\":\"PropertyValueSpecification\",\"valueRequired\":true,\"valueName\":\"search_term_string\"}}],\"inLanguage\":\"en-US\"},{\"@type\":\"Person\",\"@id\":\"https:\\\/\\\/www.chairedelimmateriel.universite-paris-saclay.fr\\\/#\\\/schema\\\/person\\\/99fad4cfaf4bf6a8c5d1970bd79888f4\",\"name\":\"Ahmed Bounfour\",\"image\":{\"@type\":\"ImageObject\",\"inLanguage\":\"en-US\",\"@id\":\"https:\\\/\\\/secure.gravatar.com\\\/avatar\\\/944d10c10395648f2cc983a051d3fe5d78761ea984ca1c1eb5c80b294b5ad65b?s=96&d=mm&r=g\",\"url\":\"https:\\\/\\\/secure.gravatar.com\\\/avatar\\\/944d10c10395648f2cc983a051d3fe5d78761ea984ca1c1eb5c80b294b5ad65b?s=96&d=mm&r=g\",\"contentUrl\":\"https:\\\/\\\/secure.gravatar.com\\\/avatar\\\/944d10c10395648f2cc983a051d3fe5d78761ea984ca1c1eb5c80b294b5ad65b?s=96&d=mm&r=g\",\"caption\":\"Ahmed Bounfour\"},\"sameAs\":[\"https:\\\/\\\/www.chairedelimmateriel.universite-paris-saclay.fr\"]}]}<\/script>\n<!-- \/ Yoast SEO plugin. -->","yoast_head_json":{"title":"Table ronde franco-allemande Vers un agenda commun de l'immat\u00e9riel - Chaire Europ\u00e9enne de l\u2019Immat\u00e9riel","robots":{"index":"index","follow":"follow","max-snippet":"max-snippet:-1","max-image-preview":"max-image-preview:large","max-video-preview":"max-video-preview:-1"},"canonical":"https:\/\/www.chairedelimmateriel.universite-paris-saclay.fr\/en\/2013\/01\/22\/table-ronde-franco-allemande-vers-un-agenda-commun-de-limmateriel\/","og_locale":"en_US","og_type":"article","og_title":"Table ronde franco-allemande Vers un agenda commun de l'immat\u00e9riel - Chaire Europ\u00e9enne de l\u2019Immat\u00e9riel","og_description":"T\u00e9l\u00e9charger la publication La table ronde Franco-Allemande sur les actifs immat\u00e9riels est une initiative conjointe de l&#8217;Universit\u00e9 Paris-Sud et de l&#8217;Universit\u00e9 de Heidelberg. La deuxi\u00e8me conf\u00e9rence a \u00e9t\u00e9 organis\u00e9e les 17 et 18 septembre 2012 \u00e0 Heidelberg.","og_url":"https:\/\/www.chairedelimmateriel.universite-paris-saclay.fr\/en\/2013\/01\/22\/table-ronde-franco-allemande-vers-un-agenda-commun-de-limmateriel\/","og_site_name":"Chaire Europ\u00e9enne de l\u2019Immat\u00e9riel","article_published_time":"2013-01-22T09:17:00+00:00","article_modified_time":"2017-02-07T14:24:04+00:00","author":"Ahmed Bounfour","twitter_card":"summary_large_image","twitter_misc":{"Written by":"Ahmed Bounfour"},"schema":{"@context":"https:\/\/schema.org","@graph":[{"@type":"Article","@id":"https:\/\/www.chairedelimmateriel.universite-paris-saclay.fr\/en\/2013\/01\/22\/table-ronde-franco-allemande-vers-un-agenda-commun-de-limmateriel\/#article","isPartOf":{"@id":"https:\/\/www.chairedelimmateriel.universite-paris-saclay.fr\/en\/2013\/01\/22\/table-ronde-franco-allemande-vers-un-agenda-commun-de-limmateriel\/"},"author":{"name":"Ahmed Bounfour","@id":"https:\/\/www.chairedelimmateriel.universite-paris-saclay.fr\/#\/schema\/person\/99fad4cfaf4bf6a8c5d1970bd79888f4"},"headline":"Table ronde franco-allemande Vers un agenda commun de l&#8217;immat\u00e9riel","datePublished":"2013-01-22T09:17:00+00:00","dateModified":"2017-02-07T14:24:04+00:00","mainEntityOfPage":{"@id":"https:\/\/www.chairedelimmateriel.universite-paris-saclay.fr\/en\/2013\/01\/22\/table-ronde-franco-allemande-vers-un-agenda-commun-de-limmateriel\/"},"wordCount":52,"articleSection":["News"],"inLanguage":"en-US"},{"@type":"WebPage","@id":"https:\/\/www.chairedelimmateriel.universite-paris-saclay.fr\/en\/2013\/01\/22\/table-ronde-franco-allemande-vers-un-agenda-commun-de-limmateriel\/","url":"https:\/\/www.chairedelimmateriel.universite-paris-saclay.fr\/en\/2013\/01\/22\/table-ronde-franco-allemande-vers-un-agenda-commun-de-limmateriel\/","name":"Table ronde franco-allemande Vers un agenda commun de l'immat\u00e9riel - Chaire Europ\u00e9enne de l\u2019Immat\u00e9riel","isPartOf":{"@id":"https:\/\/www.chairedelimmateriel.universite-paris-saclay.fr\/#website"},"datePublished":"2013-01-22T09:17:00+00:00","dateModified":"2017-02-07T14:24:04+00:00","author":{"@id":"https:\/\/www.chairedelimmateriel.universite-paris-saclay.fr\/#\/schema\/person\/99fad4cfaf4bf6a8c5d1970bd79888f4"},"breadcrumb":{"@id":"https:\/\/www.chairedelimmateriel.universite-paris-saclay.fr\/en\/2013\/01\/22\/table-ronde-franco-allemande-vers-un-agenda-commun-de-limmateriel\/#breadcrumb"},"inLanguage":"en-US","potentialAction":[{"@type":"ReadAction","target":["https:\/\/www.chairedelimmateriel.universite-paris-saclay.fr\/en\/2013\/01\/22\/table-ronde-franco-allemande-vers-un-agenda-commun-de-limmateriel\/"]}]},{"@type":"BreadcrumbList","@id":"https:\/\/www.chairedelimmateriel.universite-paris-saclay.fr\/en\/2013\/01\/22\/table-ronde-franco-allemande-vers-un-agenda-commun-de-limmateriel\/#breadcrumb","itemListElement":[{"@type":"ListItem","position":1,"name":"Home","item":"https:\/\/www.chairedelimmateriel.universite-paris-saclay.fr\/en\/"},{"@type":"ListItem","position":2,"name":"Table ronde franco-allemande Vers un agenda commun de l&#8217;immat\u00e9riel"}]},{"@type":"WebSite","@id":"https:\/\/www.chairedelimmateriel.universite-paris-saclay.fr\/#website","url":"https:\/\/www.chairedelimmateriel.universite-paris-saclay.fr\/","name":"Chaire Europ\u00e9enne de l\u2019Immat\u00e9riel","description":"","potentialAction":[{"@type":"SearchAction","target":{"@type":"EntryPoint","urlTemplate":"https:\/\/www.chairedelimmateriel.universite-paris-saclay.fr\/?s={search_term_string}"},"query-input":{"@type":"PropertyValueSpecification","valueRequired":true,"valueName":"search_term_string"}}],"inLanguage":"en-US"},{"@type":"Person","@id":"https:\/\/www.chairedelimmateriel.universite-paris-saclay.fr\/#\/schema\/person\/99fad4cfaf4bf6a8c5d1970bd79888f4","name":"Ahmed Bounfour","image":{"@type":"ImageObject","inLanguage":"en-US","@id":"https:\/\/secure.gravatar.com\/avatar\/944d10c10395648f2cc983a051d3fe5d78761ea984ca1c1eb5c80b294b5ad65b?s=96&d=mm&r=g","url":"https:\/\/secure.gravatar.com\/avatar\/944d10c10395648f2cc983a051d3fe5d78761ea984ca1c1eb5c80b294b5ad65b?s=96&d=mm&r=g","contentUrl":"https:\/\/secure.gravatar.com\/avatar\/944d10c10395648f2cc983a051d3fe5d78761ea984ca1c1eb5c80b294b5ad65b?s=96&d=mm&r=g","caption":"Ahmed Bounfour"},"sameAs":["https:\/\/www.chairedelimmateriel.universite-paris-saclay.fr"]}]}},"_links":{"self":[{"href":"https:\/\/www.chairedelimmateriel.universite-paris-saclay.fr\/en\/wp-json\/wp\/v2\/posts\/330","targetHints":{"allow":["GET"]}}],"collection":[{"href":"https:\/\/www.chairedelimmateriel.universite-paris-saclay.fr\/en\/wp-json\/wp\/v2\/posts"}],"about":[{"href":"https:\/\/www.chairedelimmateriel.universite-paris-saclay.fr\/en\/wp-json\/wp\/v2\/types\/post"}],"author":[{"embeddable":true,"href":"https:\/\/www.chairedelimmateriel.universite-paris-saclay.fr\/en\/wp-json\/wp\/v2\/users\/2"}],"replies":[{"embeddable":true,"href":"https:\/\/www.chairedelimmateriel.universite-paris-saclay.fr\/en\/wp-json\/wp\/v2\/comments?post=330"}],"version-history":[{"count":4,"href":"https:\/\/www.chairedelimmateriel.universite-paris-saclay.fr\/en\/wp-json\/wp\/v2\/posts\/330\/revisions"}],"predecessor-version":[{"id":2123,"href":"https:\/\/www.chairedelimmateriel.universite-paris-saclay.fr\/en\/wp-json\/wp\/v2\/posts\/330\/revisions\/2123"}],"wp:attachment":[{"href":"https:\/\/www.chairedelimmateriel.universite-paris-saclay.fr\/en\/wp-json\/wp\/v2\/media?parent=330"}],"wp:term":[{"taxonomy":"category","embeddable":true,"href":"https:\/\/www.chairedelimmateriel.universite-paris-saclay.fr\/en\/wp-json\/wp\/v2\/categories?post=330"},{"taxonomy":"post_tag","embeddable":true,"href":"https:\/\/www.chairedelimmateriel.universite-paris-saclay.fr\/en\/wp-json\/wp\/v2\/tags?post=330"}],"curies":[{"name":"wp","href":"https:\/\/api.w.org\/{rel}","templated":true}]}}