{"id":3152,"date":"2020-11-18T07:12:08","date_gmt":"2020-11-18T06:12:08","guid":{"rendered":"https:\/\/www.chairedelimmateriel.universite-paris-saclay.fr\/?p=3152\/"},"modified":"2020-11-18T12:28:01","modified_gmt":"2020-11-18T11:28:01","slug":"plateformes-donnees-developpement-territorial-rapport-de-5eme-conference-actifs-immateriels-territoriaux","status":"publish","type":"post","link":"https:\/\/www.chairedelimmateriel.universite-paris-saclay.fr\/en\/2020\/11\/18\/plateformes-donnees-developpement-territorial-rapport-de-5eme-conference-actifs-immateriels-territoriaux\/","title":{"rendered":"PLATEFORMES, DONNEES  ET  DEVELOPPEMENT TERRITORIAL"},"content":{"rendered":"<p style=\"text-align: left;\">L\u2019ubiquit\u00e9 du num\u00e9rique a grandement facilit\u00e9 l\u2019\u00e9mergence des plateformes comme mode d\u2019organisation dominant des activit\u00e9s au plan micro\u00e9conomique (l\u2019entreprise), mais \u00e9galement au plan territorial &#8211; local, r\u00e9gional et global. \u00a0La plateformisation renvoie \u00e0 un mode d\u2019organisation articulant des \u00e9l\u00e9ments centraux &#8211; notamment de connaissances et d\u2019informations &#8211; \u00e0 des \u00e9l\u00e9ments p\u00e9riph\u00e9riques,\u00a0 sans cesse en recombinaison. C\u2019est ce mode d\u2019organisation qui est adopt\u00e9 par les grandes plateformes num\u00e9riques (en particulier les GAFA). Mais la plateformisation ne concerne pas seulement les entreprises \u00abpurs players\u00a0\u00bb du num\u00e9rique. Ce mode est \u00e9galement adopt\u00e9 par des entreprises traditionnelles: les grandes chaines h\u00f4teli\u00e8res se plateformisent, pour sauvegarder leurs marges.<\/p>\n<p>\u00a0Au plan territorial, la plateformisation \u00a0est \u00e0 l\u2019\u0153uvre dans les nouveaux espaces de mobilit\u00e9, autour notamment du v\u00e9hicule autonome, mais \u00e9galement dans le d\u00e9veloppement de nouveaux services aux usagers.<\/p>\n<p>En termes concrets, les probl\u00e8mes pos\u00e9s par la plateformisation sont de divers ordres\u00a0:<\/p>\n<ul>\n<li>dans un syst\u00e8me de production en voie d\u2019hybridation, comment faciliter les interactions entre les acteurs socio\u00e9conomiques, et combattre les positions dominantes et les rentres associ\u00e9es\u00a0?<\/li>\n<li>Comment d\u00e9velopper des instruments d\u2019investissement permettant l\u2019initiative et le d\u00e9veloppement de projets num\u00e9riques, port\u00e9s ou associ\u00e9s \u00e0 des plateformes\u00a0?<\/li>\n<li>Quels r\u00f4les sp\u00e9cifiques pour les acteurs publics, et quelles modalit\u00e9s de partenariat public\/priv\u00e9\u00a0?<\/li>\n<li>Comment s\u2019assurer de l\u2019adaptation continue des instruments d\u2019intervention publique, dans un contexte ou l\u2019acc\u00e9l\u00e9ration constitue la r\u00e8gle\u00a0?<\/li>\n<\/ul>\n<p>La\u00a0 5<sup>me<\/sup> conf\u00e9rence sur les actifs immat\u00e9riels territoriaux\u00a0 ; qui a vu la participation d\u2019une soixantaine de d\u00e9cideurs et d\u2019experts territoriaux, a trait\u00e9 de certaines de ces questions, autour d\u2019expos\u00e9s de\u00a0 projets de d\u00e9ploiement de plateformes territoriales, dans le cadre de strat\u00e9gies globales de transformation num\u00e9rique.<\/p>\n<p><a href=\"https:\/\/www.chairedelimmateriel.universite-paris-saclay.fr\/wp-content\/uploads\/2020\/11\/Donn\u00e9es-plateformes-et-d\u00e9veloppement-territorial-2.pdf\">Donn\u00e9es, plateformes et d\u00e9veloppement territorial<\/a><\/p>\n<div class=\"shariff\" data-title=\"PLATEFORMES, DONNEES  ET  DEVELOPPEMENT TERRITORIAL\" data-info-url=\"\" data-backend-url=\"https:\/\/www.chairedelimmateriel.universite-paris-saclay.fr\/wp-content\/plugins\/shariff-sharing\/backend\/index.php\" data-temp=\"\/tmp\" data-ttl=\"60\" data-service=\"tl\" data-services='[\"facebook\",\"twitter\",\"linkedin\"]' data-image=\"\" data-url=\"https:\/\/www.chairedelimmateriel.universite-paris-saclay.fr\/en\/2020\/11\/18\/plateformes-donnees-developpement-territorial-rapport-de-5eme-conference-actifs-immateriels-territoriaux\/\" data-lang=\"en\" data-theme=\"color\" data-orientation=\"horizontal\"><\/div>","protected":false},"excerpt":{"rendered":"<p>L\u2019ubiquit\u00e9 du num\u00e9rique a grandement facilit\u00e9 l\u2019\u00e9mergence des plateformes comme mode d\u2019organisation dominant des activit\u00e9s au plan micro\u00e9conomique (l\u2019entreprise), mais \u00e9galement au plan territorial &#8211; local, r\u00e9gional et global. \u00a0La plateformisation renvoie \u00e0 un mode d\u2019organisation articulant des \u00e9l\u00e9ments centraux&nbsp;<small>(&#8230;)<\/small><\/p>\n","protected":false},"author":2,"featured_media":0,"comment_status":"closed","ping_status":"closed","sticky":false,"template":"","format":"standard","meta":{"_monsterinsights_skip_tracking":false,"footnotes":""},"categories":[1],"tags":[],"class_list":["post-3152","post","type-post","status-publish","format-standard","hentry","category-actualites"],"yoast_head":"<!-- This site is optimized with the Yoast SEO plugin v28.4 - https:\/\/yoast.com\/product\/yoast-seo-wordpress\/ -->\n<title>PLATEFORMES, DONNEES ET DEVELOPPEMENT TERRITORIAL - Chaire Europ\u00e9enne de l\u2019Immat\u00e9riel<\/title>\n<meta name=\"robots\" content=\"index, follow, max-snippet:-1, max-image-preview:large, max-video-preview:-1\" \/>\n<link rel=\"canonical\" href=\"https:\/\/www.chairedelimmateriel.universite-paris-saclay.fr\/2020\/11\/18\/plateformes-donnees-developpement-territorial-rapport-de-5eme-conference-actifs-immateriels-territoriaux\/\" \/>\n<meta property=\"og:locale\" content=\"en_US\" \/>\n<meta property=\"og:type\" content=\"article\" \/>\n<meta property=\"og:title\" content=\"PLATEFORMES, DONNEES ET DEVELOPPEMENT TERRITORIAL - Chaire Europ\u00e9enne de l\u2019Immat\u00e9riel\" \/>\n<meta property=\"og:description\" content=\"L\u2019ubiquit\u00e9 du num\u00e9rique a grandement facilit\u00e9 l\u2019\u00e9mergence des plateformes comme mode d\u2019organisation dominant des activit\u00e9s au plan micro\u00e9conomique (l\u2019entreprise), mais \u00e9galement au plan territorial &#8211; local, r\u00e9gional et global. \u00a0La plateformisation renvoie \u00e0 un mode d\u2019organisation articulant des \u00e9l\u00e9ments centraux&nbsp;(...)\" \/>\n<meta property=\"og:url\" content=\"https:\/\/www.chairedelimmateriel.universite-paris-saclay.fr\/2020\/11\/18\/plateformes-donnees-developpement-territorial-rapport-de-5eme-conference-actifs-immateriels-territoriaux\/\" \/>\n<meta property=\"og:site_name\" content=\"Chaire Europ\u00e9enne de l\u2019Immat\u00e9riel\" \/>\n<meta property=\"article:published_time\" content=\"2020-11-18T06:12:08+00:00\" \/>\n<meta property=\"article:modified_time\" content=\"2020-11-18T11:28:01+00:00\" \/>\n<meta name=\"author\" content=\"Ahmed Bounfour\" \/>\n<meta name=\"twitter:card\" content=\"summary_large_image\" \/>\n<meta name=\"twitter:label1\" content=\"Written by\" \/>\n\t<meta name=\"twitter:data1\" content=\"Ahmed Bounfour\" \/>\n\t<meta name=\"twitter:label2\" content=\"Est. reading time\" \/>\n\t<meta name=\"twitter:data2\" content=\"2 minutes\" \/>\n<script type=\"application\/ld+json\" class=\"yoast-schema-graph\">{\"@context\":\"https:\\\/\\\/schema.org\",\"@graph\":[{\"@type\":\"Article\",\"@id\":\"https:\\\/\\\/www.chairedelimmateriel.universite-paris-saclay.fr\\\/2020\\\/11\\\/18\\\/plateformes-donnees-developpement-territorial-rapport-de-5eme-conference-actifs-immateriels-territoriaux\\\/#article\",\"isPartOf\":{\"@id\":\"https:\\\/\\\/www.chairedelimmateriel.universite-paris-saclay.fr\\\/2020\\\/11\\\/18\\\/plateformes-donnees-developpement-territorial-rapport-de-5eme-conference-actifs-immateriels-territoriaux\\\/\"},\"author\":{\"name\":\"Ahmed Bounfour\",\"@id\":\"https:\\\/\\\/www.chairedelimmateriel.universite-paris-saclay.fr\\\/#\\\/schema\\\/person\\\/99fad4cfaf4bf6a8c5d1970bd79888f4\"},\"headline\":\"PLATEFORMES, DONNEES ET DEVELOPPEMENT TERRITORIAL\",\"datePublished\":\"2020-11-18T06:12:08+00:00\",\"dateModified\":\"2020-11-18T11:28:01+00:00\",\"mainEntityOfPage\":{\"@id\":\"https:\\\/\\\/www.chairedelimmateriel.universite-paris-saclay.fr\\\/2020\\\/11\\\/18\\\/plateformes-donnees-developpement-territorial-rapport-de-5eme-conference-actifs-immateriels-territoriaux\\\/\"},\"wordCount\":329,\"articleSection\":[\"Actualit\u00e9s\"],\"inLanguage\":\"en-US\"},{\"@type\":\"WebPage\",\"@id\":\"https:\\\/\\\/www.chairedelimmateriel.universite-paris-saclay.fr\\\/2020\\\/11\\\/18\\\/plateformes-donnees-developpement-territorial-rapport-de-5eme-conference-actifs-immateriels-territoriaux\\\/\",\"url\":\"https:\\\/\\\/www.chairedelimmateriel.universite-paris-saclay.fr\\\/2020\\\/11\\\/18\\\/plateformes-donnees-developpement-territorial-rapport-de-5eme-conference-actifs-immateriels-territoriaux\\\/\",\"name\":\"PLATEFORMES, DONNEES ET DEVELOPPEMENT TERRITORIAL - Chaire Europ\u00e9enne de l\u2019Immat\u00e9riel\",\"isPartOf\":{\"@id\":\"https:\\\/\\\/www.chairedelimmateriel.universite-paris-saclay.fr\\\/#website\"},\"datePublished\":\"2020-11-18T06:12:08+00:00\",\"dateModified\":\"2020-11-18T11:28:01+00:00\",\"author\":{\"@id\":\"https:\\\/\\\/www.chairedelimmateriel.universite-paris-saclay.fr\\\/#\\\/schema\\\/person\\\/99fad4cfaf4bf6a8c5d1970bd79888f4\"},\"breadcrumb\":{\"@id\":\"https:\\\/\\\/www.chairedelimmateriel.universite-paris-saclay.fr\\\/2020\\\/11\\\/18\\\/plateformes-donnees-developpement-territorial-rapport-de-5eme-conference-actifs-immateriels-territoriaux\\\/#breadcrumb\"},\"inLanguage\":\"en-US\",\"potentialAction\":[{\"@type\":\"ReadAction\",\"target\":[\"https:\\\/\\\/www.chairedelimmateriel.universite-paris-saclay.fr\\\/2020\\\/11\\\/18\\\/plateformes-donnees-developpement-territorial-rapport-de-5eme-conference-actifs-immateriels-territoriaux\\\/\"]}]},{\"@type\":\"BreadcrumbList\",\"@id\":\"https:\\\/\\\/www.chairedelimmateriel.universite-paris-saclay.fr\\\/2020\\\/11\\\/18\\\/plateformes-donnees-developpement-territorial-rapport-de-5eme-conference-actifs-immateriels-territoriaux\\\/#breadcrumb\",\"itemListElement\":[{\"@type\":\"ListItem\",\"position\":1,\"name\":\"Home\",\"item\":\"https:\\\/\\\/www.chairedelimmateriel.universite-paris-saclay.fr\\\/en\\\/\"},{\"@type\":\"ListItem\",\"position\":2,\"name\":\"PLATEFORMES, DONNEES ET DEVELOPPEMENT TERRITORIAL\"}]},{\"@type\":\"WebSite\",\"@id\":\"https:\\\/\\\/www.chairedelimmateriel.universite-paris-saclay.fr\\\/#website\",\"url\":\"https:\\\/\\\/www.chairedelimmateriel.universite-paris-saclay.fr\\\/\",\"name\":\"Chaire Europ\u00e9enne de l\u2019Immat\u00e9riel\",\"description\":\"\",\"potentialAction\":[{\"@type\":\"SearchAction\",\"target\":{\"@type\":\"EntryPoint\",\"urlTemplate\":\"https:\\\/\\\/www.chairedelimmateriel.universite-paris-saclay.fr\\\/?s={search_term_string}\"},\"query-input\":{\"@type\":\"PropertyValueSpecification\",\"valueRequired\":true,\"valueName\":\"search_term_string\"}}],\"inLanguage\":\"en-US\"},{\"@type\":\"Person\",\"@id\":\"https:\\\/\\\/www.chairedelimmateriel.universite-paris-saclay.fr\\\/#\\\/schema\\\/person\\\/99fad4cfaf4bf6a8c5d1970bd79888f4\",\"name\":\"Ahmed Bounfour\",\"image\":{\"@type\":\"ImageObject\",\"inLanguage\":\"en-US\",\"@id\":\"https:\\\/\\\/secure.gravatar.com\\\/avatar\\\/944d10c10395648f2cc983a051d3fe5d78761ea984ca1c1eb5c80b294b5ad65b?s=96&d=mm&r=g\",\"url\":\"https:\\\/\\\/secure.gravatar.com\\\/avatar\\\/944d10c10395648f2cc983a051d3fe5d78761ea984ca1c1eb5c80b294b5ad65b?s=96&d=mm&r=g\",\"contentUrl\":\"https:\\\/\\\/secure.gravatar.com\\\/avatar\\\/944d10c10395648f2cc983a051d3fe5d78761ea984ca1c1eb5c80b294b5ad65b?s=96&d=mm&r=g\",\"caption\":\"Ahmed Bounfour\"},\"sameAs\":[\"https:\\\/\\\/www.chairedelimmateriel.universite-paris-saclay.fr\"]}]}<\/script>\n<!-- \/ Yoast SEO plugin. -->","yoast_head_json":{"title":"PLATEFORMES, DONNEES ET DEVELOPPEMENT TERRITORIAL - Chaire Europ\u00e9enne de l\u2019Immat\u00e9riel","robots":{"index":"index","follow":"follow","max-snippet":"max-snippet:-1","max-image-preview":"max-image-preview:large","max-video-preview":"max-video-preview:-1"},"canonical":"https:\/\/www.chairedelimmateriel.universite-paris-saclay.fr\/2020\/11\/18\/plateformes-donnees-developpement-territorial-rapport-de-5eme-conference-actifs-immateriels-territoriaux\/","og_locale":"en_US","og_type":"article","og_title":"PLATEFORMES, DONNEES ET DEVELOPPEMENT TERRITORIAL - Chaire Europ\u00e9enne de l\u2019Immat\u00e9riel","og_description":"L\u2019ubiquit\u00e9 du num\u00e9rique a grandement facilit\u00e9 l\u2019\u00e9mergence des plateformes comme mode d\u2019organisation dominant des activit\u00e9s au plan micro\u00e9conomique (l\u2019entreprise), mais \u00e9galement au plan territorial &#8211; local, r\u00e9gional et global. \u00a0La plateformisation renvoie \u00e0 un mode d\u2019organisation articulant des \u00e9l\u00e9ments centraux&nbsp;(...)","og_url":"https:\/\/www.chairedelimmateriel.universite-paris-saclay.fr\/2020\/11\/18\/plateformes-donnees-developpement-territorial-rapport-de-5eme-conference-actifs-immateriels-territoriaux\/","og_site_name":"Chaire Europ\u00e9enne de l\u2019Immat\u00e9riel","article_published_time":"2020-11-18T06:12:08+00:00","article_modified_time":"2020-11-18T11:28:01+00:00","author":"Ahmed Bounfour","twitter_card":"summary_large_image","twitter_misc":{"Written by":"Ahmed Bounfour","Est. reading time":"2 minutes"},"schema":{"@context":"https:\/\/schema.org","@graph":[{"@type":"Article","@id":"https:\/\/www.chairedelimmateriel.universite-paris-saclay.fr\/2020\/11\/18\/plateformes-donnees-developpement-territorial-rapport-de-5eme-conference-actifs-immateriels-territoriaux\/#article","isPartOf":{"@id":"https:\/\/www.chairedelimmateriel.universite-paris-saclay.fr\/2020\/11\/18\/plateformes-donnees-developpement-territorial-rapport-de-5eme-conference-actifs-immateriels-territoriaux\/"},"author":{"name":"Ahmed Bounfour","@id":"https:\/\/www.chairedelimmateriel.universite-paris-saclay.fr\/#\/schema\/person\/99fad4cfaf4bf6a8c5d1970bd79888f4"},"headline":"PLATEFORMES, DONNEES ET DEVELOPPEMENT TERRITORIAL","datePublished":"2020-11-18T06:12:08+00:00","dateModified":"2020-11-18T11:28:01+00:00","mainEntityOfPage":{"@id":"https:\/\/www.chairedelimmateriel.universite-paris-saclay.fr\/2020\/11\/18\/plateformes-donnees-developpement-territorial-rapport-de-5eme-conference-actifs-immateriels-territoriaux\/"},"wordCount":329,"articleSection":["Actualit\u00e9s"],"inLanguage":"en-US"},{"@type":"WebPage","@id":"https:\/\/www.chairedelimmateriel.universite-paris-saclay.fr\/2020\/11\/18\/plateformes-donnees-developpement-territorial-rapport-de-5eme-conference-actifs-immateriels-territoriaux\/","url":"https:\/\/www.chairedelimmateriel.universite-paris-saclay.fr\/2020\/11\/18\/plateformes-donnees-developpement-territorial-rapport-de-5eme-conference-actifs-immateriels-territoriaux\/","name":"PLATEFORMES, DONNEES ET DEVELOPPEMENT TERRITORIAL - Chaire Europ\u00e9enne de l\u2019Immat\u00e9riel","isPartOf":{"@id":"https:\/\/www.chairedelimmateriel.universite-paris-saclay.fr\/#website"},"datePublished":"2020-11-18T06:12:08+00:00","dateModified":"2020-11-18T11:28:01+00:00","author":{"@id":"https:\/\/www.chairedelimmateriel.universite-paris-saclay.fr\/#\/schema\/person\/99fad4cfaf4bf6a8c5d1970bd79888f4"},"breadcrumb":{"@id":"https:\/\/www.chairedelimmateriel.universite-paris-saclay.fr\/2020\/11\/18\/plateformes-donnees-developpement-territorial-rapport-de-5eme-conference-actifs-immateriels-territoriaux\/#breadcrumb"},"inLanguage":"en-US","potentialAction":[{"@type":"ReadAction","target":["https:\/\/www.chairedelimmateriel.universite-paris-saclay.fr\/2020\/11\/18\/plateformes-donnees-developpement-territorial-rapport-de-5eme-conference-actifs-immateriels-territoriaux\/"]}]},{"@type":"BreadcrumbList","@id":"https:\/\/www.chairedelimmateriel.universite-paris-saclay.fr\/2020\/11\/18\/plateformes-donnees-developpement-territorial-rapport-de-5eme-conference-actifs-immateriels-territoriaux\/#breadcrumb","itemListElement":[{"@type":"ListItem","position":1,"name":"Home","item":"https:\/\/www.chairedelimmateriel.universite-paris-saclay.fr\/en\/"},{"@type":"ListItem","position":2,"name":"PLATEFORMES, DONNEES ET DEVELOPPEMENT TERRITORIAL"}]},{"@type":"WebSite","@id":"https:\/\/www.chairedelimmateriel.universite-paris-saclay.fr\/#website","url":"https:\/\/www.chairedelimmateriel.universite-paris-saclay.fr\/","name":"Chaire Europ\u00e9enne de l\u2019Immat\u00e9riel","description":"","potentialAction":[{"@type":"SearchAction","target":{"@type":"EntryPoint","urlTemplate":"https:\/\/www.chairedelimmateriel.universite-paris-saclay.fr\/?s={search_term_string}"},"query-input":{"@type":"PropertyValueSpecification","valueRequired":true,"valueName":"search_term_string"}}],"inLanguage":"en-US"},{"@type":"Person","@id":"https:\/\/www.chairedelimmateriel.universite-paris-saclay.fr\/#\/schema\/person\/99fad4cfaf4bf6a8c5d1970bd79888f4","name":"Ahmed Bounfour","image":{"@type":"ImageObject","inLanguage":"en-US","@id":"https:\/\/secure.gravatar.com\/avatar\/944d10c10395648f2cc983a051d3fe5d78761ea984ca1c1eb5c80b294b5ad65b?s=96&d=mm&r=g","url":"https:\/\/secure.gravatar.com\/avatar\/944d10c10395648f2cc983a051d3fe5d78761ea984ca1c1eb5c80b294b5ad65b?s=96&d=mm&r=g","contentUrl":"https:\/\/secure.gravatar.com\/avatar\/944d10c10395648f2cc983a051d3fe5d78761ea984ca1c1eb5c80b294b5ad65b?s=96&d=mm&r=g","caption":"Ahmed Bounfour"},"sameAs":["https:\/\/www.chairedelimmateriel.universite-paris-saclay.fr"]}]}},"_links":{"self":[{"href":"https:\/\/www.chairedelimmateriel.universite-paris-saclay.fr\/en\/wp-json\/wp\/v2\/posts\/3152","targetHints":{"allow":["GET"]}}],"collection":[{"href":"https:\/\/www.chairedelimmateriel.universite-paris-saclay.fr\/en\/wp-json\/wp\/v2\/posts"}],"about":[{"href":"https:\/\/www.chairedelimmateriel.universite-paris-saclay.fr\/en\/wp-json\/wp\/v2\/types\/post"}],"author":[{"embeddable":true,"href":"https:\/\/www.chairedelimmateriel.universite-paris-saclay.fr\/en\/wp-json\/wp\/v2\/users\/2"}],"replies":[{"embeddable":true,"href":"https:\/\/www.chairedelimmateriel.universite-paris-saclay.fr\/en\/wp-json\/wp\/v2\/comments?post=3152"}],"version-history":[{"count":6,"href":"https:\/\/www.chairedelimmateriel.universite-paris-saclay.fr\/en\/wp-json\/wp\/v2\/posts\/3152\/revisions"}],"predecessor-version":[{"id":3172,"href":"https:\/\/www.chairedelimmateriel.universite-paris-saclay.fr\/en\/wp-json\/wp\/v2\/posts\/3152\/revisions\/3172"}],"wp:attachment":[{"href":"https:\/\/www.chairedelimmateriel.universite-paris-saclay.fr\/en\/wp-json\/wp\/v2\/media?parent=3152"}],"wp:term":[{"taxonomy":"category","embeddable":true,"href":"https:\/\/www.chairedelimmateriel.universite-paris-saclay.fr\/en\/wp-json\/wp\/v2\/categories?post=3152"},{"taxonomy":"post_tag","embeddable":true,"href":"https:\/\/www.chairedelimmateriel.universite-paris-saclay.fr\/en\/wp-json\/wp\/v2\/tags?post=3152"}],"curies":[{"name":"wp","href":"https:\/\/api.w.org\/{rel}","templated":true}]}}