{"id":3106,"date":"2020-03-22T19:17:24","date_gmt":"2020-03-22T18:17:24","guid":{"rendered":"https:\/\/www.chairedelimmateriel.universite-paris-saclay.fr\/?p=3106\/"},"modified":"2020-04-13T18:00:19","modified_gmt":"2020-04-13T16:00:19","slug":"laura-kreiling-defended-phd-thesis","status":"publish","type":"post","link":"https:\/\/www.chairedelimmateriel.universite-paris-saclay.fr\/en\/2020\/03\/22\/laura-kreiling-defended-phd-thesis\/","title":{"rendered":"Laura Kreiling defends her PhD thesis"},"content":{"rendered":"<p style=\"text-align: center;\">On 11 March 2020,<strong> Laura Kreiling<\/strong>\u00a0defended her PhD thesis:<\/p>\n<h3 style=\"text-align: center;\"><em>&#8220;Intermediaries in innovation ecosystem &#8211; delineating practices and context of European Knowledge Transfer Organisations&#8221;<\/em><\/h3>\n<p><img loading=\"lazy\" decoding=\"async\" class=\"alignright wp-image-3107 size-medium\" src=\"https:\/\/www.chairedelimmateriel.universite-paris-saclay.fr\/wp-content\/uploads\/2020\/03\/IMG_7270_jury_v1-e1584900684794-450x275.jpg\" alt=\"\" width=\"450\" height=\"275\" srcset=\"https:\/\/www.chairedelimmateriel.universite-paris-saclay.fr\/wp-content\/uploads\/2020\/03\/IMG_7270_jury_v1-e1584900684794-450x275.jpg 450w, https:\/\/www.chairedelimmateriel.universite-paris-saclay.fr\/wp-content\/uploads\/2020\/03\/IMG_7270_jury_v1-e1584900684794-220x134.jpg 220w, https:\/\/www.chairedelimmateriel.universite-paris-saclay.fr\/wp-content\/uploads\/2020\/03\/IMG_7270_jury_v1-e1584900684794-768x469.jpg 768w, https:\/\/www.chairedelimmateriel.universite-paris-saclay.fr\/wp-content\/uploads\/2020\/03\/IMG_7270_jury_v1-e1584900684794-1024x625.jpg 1024w, https:\/\/www.chairedelimmateriel.universite-paris-saclay.fr\/wp-content\/uploads\/2020\/03\/IMG_7270_jury_v1-e1584900684794-300x183.jpg 300w\" sizes=\"auto, (max-width: 450px) 100vw, 450px\" \/><\/p>\n<p><strong>Thesis supervisor<\/strong>: Prof. Ahmed Bounfour<\/p>\n<p><strong>PhD committee<\/strong>:<\/p>\n<ul>\n<li>Prof. Pascal Corbel,\u00a0Universit\u00e9 Paris-Saclay (RITM) &#8211;\u00a0President<\/li>\n<li>Prof. Jakob Edler, Fraunhofer Institute (ISI), University of\u00a0Manchester (MIoIR) &#8211; Rapporteur<\/li>\n<li>Prof. Catherine Thomas,\u00a0Universit\u00e9 Nice Sophia Antipolis\u00a0(GREDEG) &#8211; Rapporteur<\/li>\n<li>Raffaele Trapasso, OECD\u00a0&#8211; Examiner<\/li>\n<\/ul>\n\n<div>\n<div dir=\"auto\">\n<div dir=\"auto\">\n<div dir=\"auto\">\n<div dir=\"auto\">\n<div>\n<div dir=\"ltr\"><b><u>Summary of the thesis<\/u><\/b><\/div>\n<\/div>\n<div dir=\"ltr\">\n<div><\/div>\n<blockquote>\n<div dir=\"auto\">\n<div dir=\"auto\">\n<div dir=\"auto\">\n<div dir=\"auto\">\n<div dir=\"ltr\">\u00a0<i>This thesis research is on intermediary organisations for the\u00a0transfer of knowledge and technology from academia to\u00a0industry in innovation ecosystems. Managerial practices and\u00a0regional context of European Knowledge Transfer\u00a0Organisations (KTOs) are investigated to enrich the\u00a0understanding of their managerial determinants. A systemic\u00a0approach is adopted resulting in research on multiple\u00a0analytical levels. Consequently, the empirical part of this\u00a0thesis consists of three studies. The first analyses the\u00a0influence of actors in the regional innovation system. Based\u00a0on interviews at French regional KTOs and stakeholder\u00a0theory, a theoretical model on their value creation\u00a0ambidexterity is created and seven regional stakeholders\u00a0identified, as well as six organisational roles which are\u00a0adopted in response to the regional context. The second\u00a0study is on internal managerial practices and investigates\u00a0their maturity in relation to other KTO performance\u00a0dimensions using dynamic capabilities and contingency\u00a0theory. It results in the development and initial use of a\u00a0holistic practice-based maturity model for KTO performance\u00a0management. Initial data from 17 European KTOs shows\u00a0that maturity is highest in the area of \u2018translation &amp;\u00a0combination\u2019 practices and lowest for \u2018knowledge\u00a0management\u2019. The third study uses reference group and\u00a0benchmarking theory to develop a clustering approach for\u00a0the comparison of similar European KTOs based on existing\u00a0activity metrics. A framework is proposed based on which\u00a0transnational European peer groups are created with a\u00a0clustering approach. Variables related to the internal\u00a0knowledge transfer culture primarily drove cluster creation,\u00a0followed by the external ecosystem and KTO budget. In\u00a0conclusion, the research findings shed light on emerging\u00a0topics in the university-industry knowledge transfer literature,\u00a0particularly on the existence and influence of regional\u00a0stakeholders, the role of capabilities and practices in\u00a0performance management and the ability to not only create\u00a0transnational groups for benchmarking and bench-learning\u00a0but also visibility on the variables that drive cluster creation.\u00a0This has managerial and policy implications as well as\u00a0provides fertile ground for future research on management at\u00a0the intersection of academia and industry.<\/i><\/div>\n<\/div>\n<\/div>\n<\/div>\n<\/div>\n<\/blockquote>\n<\/div>\n<div dir=\"ltr\"><\/div>\n<div dir=\"ltr\">\n<div>\n<div dir=\"auto\">\n<div dir=\"auto\">\n<div dir=\"auto\">\n<div dir=\"auto\">\n<div>\n<div dir=\"ltr\"><b><u>R\u00e9sum\u00e9 de la th\u00e8se&nbsp;:<\/u><\/b><\/div>\n<div dir=\"ltr\"><\/div>\n<\/div>\n<\/div>\n<\/div>\n<\/div>\n<\/div>\n<\/div>\n<blockquote>\n<div>\n<div dir=\"auto\">\n<div dir=\"auto\">\n<div dir=\"auto\">\n<div dir=\"auto\">\n<div>\n<div dir=\"ltr\">Cette th\u00e8se porte sur organisations interm\u00e9diaires de\u00a0transfert de connaissance et technologie du monde\u00a0universitaire vers l&#8217;industrie, au sein des \u00e9cosyst\u00e8mes\u00a0d&#8217;innovation. Les pratiques de gestion et le contexte r\u00e9gional\u00a0des organisations europ\u00e9ennes de transfert de\u00a0connaissances (OTC) sont \u00e9tudi\u00e9s afin d&#8217;enrichir la\u00a0compr\u00e9hension de leurs d\u00e9terminants manag\u00e9riaux. Une\u00a0approche syst\u00e9mique est adopt\u00e9e qui aboutit \u00e0 des \u00e9tudes\u00a0empiriques \u00e0 de multiples niveaux.\u00a0La premi\u00e8re porte sur\u00a0l&#8217;influence du contexte r\u00e9gional et analyse le r\u00f4le des acteurs\u00a0dans les syst\u00e8mes d\u2019innovation r\u00e9gionaux. Sur la base\u00a0d&#8217;entretiens dans des OTC r\u00e9gionaux fran\u00e7ais et de la\u00a0th\u00e9orie des parties prenantes, un mod\u00e8le th\u00e9orique sur\u00a0l\u2019ambidextrie de cr\u00e9ation de valeur est d\u00e9velopp\u00e9, sept\u00a0parties prenantes r\u00e9gionales identifi\u00e9es, ainsi que six r\u00f4les\u00a0organisationnels adopt\u00e9s.\u00a0La deuxi\u00e8me \u00e9tude porte sur les\u00a0pratiques de gestion interne et examine leur maturit\u00e9 par\u00a0rapport \u00e0 d&#8217;autres dimensions de la performance des OTC\u00a0en mobilisant les capacit\u00e9s dynamiques et la th\u00e9orie de la\u00a0contingence. Il en r\u00e9sulte l&#8217;\u00e9laboration et l&#8217;utilisation d&#8217;un\u00a0mod\u00e8le de maturit\u00e9 holistique fond\u00e9 sur les pratiques\u00a0manag\u00e9riales des OTC. Les donn\u00e9es d&#8217;enqu\u00eate initiales de\u00a017 OTC europ\u00e9ennes montrent que la maturit\u00e9 est la plus\u00a0\u00e9lev\u00e9e dans le domaine des pratiques de \u201ctraduction et\u00a0combinaison\u201d et la plus faible pour \u201cla gestion des\u00a0connaissances\u201d.\u00a0La troisi\u00e8me \u00e9tude utilise le groupe de\u00a0r\u00e9f\u00e9rence et de l&#8217;analyse de benchmarking pour d\u00e9velopper\u00a0une approche de regroupement de OTC europ\u00e9ennes bas\u00e9e\u00a0sur des indicateurs d\u2018activit\u00e9. Un cadre est propos\u00e9 sur la\u00a0base duquel des clusters europ\u00e9ens transnationaux sont\u00a0cr\u00e9\u00e9s. Il en ressort que les variables li\u00e9es \u00e0 la culture interne\u00a0de transfert des connaissances sont principalement \u00e0\u00a0l&#8217;origine de la cr\u00e9ation de groupes, suivies la variable\u00a0\u201d\u00e9cosyst\u00e8me externe\u201d et de celle relative au budget.\u00a0En\u00a0conclusion, cette recherche contribue \u00e0 l&#8217;\u00e9mergence de\u00a0nouveaux th\u00e8mes dans la litt\u00e9rature sur le transfert des\u00a0connaissances entre l&#8217;universit\u00e9 et l&#8217;industrie, en particulier\u00a0sur l&#8217;existence et l&#8217;influence des intervenants r\u00e9gionaux, le\u00a0r\u00f4le des capacit\u00e9s et des pratiques dans la performance des\u00a0OTC et la capacit\u00e9 non seulement de cr\u00e9er des groupes\u00a0transnationaux pour le benchmarking et le benchlearning,\u00a0mais aussi la mise en \u00e9vidence des variables qui\u00a0d\u00e9terminent la cr\u00e9ation de groupes. Cela a des\u00a0r\u00e9percussions manag\u00e9riales et de politiques publiques, mais\u00a0\u00e9galement les offre un terrain fertile pour la recherche future\u00a0en management sur les liens entre les universit\u00e9s et\u00a0l&#8217;industrie.<\/div>\n<\/div>\n<\/div>\n<\/div>\n<\/div>\n<\/div>\n<\/div>\n<\/blockquote>\n<div>\u00a0Information on Laura Kreiling&#8217;s PhD activities and publications: <a class=\"btn\" href=\"http:\/\/www.ritm.universite-paris-saclay.fr\/researchers\/laura-kreiling\/\">Enter Laura&#8217;s RITM website<\/a><\/div>\n<div><\/div>\n<\/div>\n<\/div>\n<\/div>\n<\/div>\n<\/div>\n<\/div>\n<div dir=\"auto\"><\/div>\n<div class=\"shariff\" data-title=\"Laura Kreiling defends her PhD thesis\" data-info-url=\"\" data-backend-url=\"https:\/\/www.chairedelimmateriel.universite-paris-saclay.fr\/wp-content\/plugins\/shariff-sharing\/backend\/index.php\" data-temp=\"\/tmp\" data-ttl=\"60\" data-service=\"tl\" data-services='[\"facebook\",\"twitter\",\"linkedin\"]' data-image=\"https:\/\/www.chairedelimmateriel.universite-paris-saclay.fr\/wp-content\/uploads\/2020\/03\/IMG_7270_jury_v1-e1584900684794-450x275.jpg\" data-url=\"https:\/\/www.chairedelimmateriel.universite-paris-saclay.fr\/en\/2020\/03\/22\/laura-kreiling-defended-phd-thesis\/\" data-lang=\"en\" data-theme=\"color\" data-orientation=\"horizontal\"><\/div>","protected":false},"excerpt":{"rendered":"<p>On 11 March 2020, Laura Kreiling\u00a0defended her PhD thesis: &#8220;Intermediaries in innovation ecosystem &#8211; delineating practices and context of European Knowledge Transfer Organisations&#8221; Thesis supervisor: Prof. Ahmed Bounfour PhD committee: Prof. Pascal Corbel,\u00a0Universit\u00e9 Paris-Saclay (RITM) &#8211;\u00a0President Prof. Jakob Edler, Fraunhofer&nbsp;<small>(&#8230;)<\/small><\/p>\n","protected":false},"author":3,"featured_media":0,"comment_status":"closed","ping_status":"closed","sticky":false,"template":"","format":"standard","meta":{"_monsterinsights_skip_tracking":false,"footnotes":""},"categories":[4],"tags":[],"class_list":["post-3106","post","type-post","status-publish","format-standard","hentry","category-news"],"yoast_head":"<!-- This site is optimized with the Yoast SEO plugin v28.4 - https:\/\/yoast.com\/product\/yoast-seo-wordpress\/ -->\n<title>Laura Kreiling defends her PhD thesis - Chaire Europ\u00e9enne de l\u2019Immat\u00e9riel<\/title>\n<meta name=\"robots\" content=\"index, follow, max-snippet:-1, max-image-preview:large, max-video-preview:-1\" \/>\n<link rel=\"canonical\" href=\"https:\/\/www.chairedelimmateriel.universite-paris-saclay.fr\/2020\/03\/22\/laura-kreiling-defended-phd-thesis\/\" \/>\n<meta property=\"og:locale\" content=\"en_US\" \/>\n<meta property=\"og:type\" content=\"article\" \/>\n<meta property=\"og:title\" content=\"Laura Kreiling defends her PhD thesis - Chaire Europ\u00e9enne de l\u2019Immat\u00e9riel\" \/>\n<meta property=\"og:description\" content=\"On 11 March 2020, Laura Kreiling\u00a0defended her PhD thesis: &#8220;Intermediaries in innovation ecosystem &#8211; delineating practices and context of European Knowledge Transfer Organisations&#8221; Thesis supervisor: Prof. Ahmed Bounfour PhD committee: Prof. Pascal Corbel,\u00a0Universit\u00e9 Paris-Saclay (RITM) &#8211;\u00a0President Prof. Jakob Edler, Fraunhofer&nbsp;(...)\" \/>\n<meta property=\"og:url\" content=\"https:\/\/www.chairedelimmateriel.universite-paris-saclay.fr\/2020\/03\/22\/laura-kreiling-defended-phd-thesis\/\" \/>\n<meta property=\"og:site_name\" content=\"Chaire Europ\u00e9enne de l\u2019Immat\u00e9riel\" \/>\n<meta property=\"article:published_time\" content=\"2020-03-22T18:17:24+00:00\" \/>\n<meta property=\"article:modified_time\" content=\"2020-04-13T16:00:19+00:00\" \/>\n<meta property=\"og:image\" content=\"https:\/\/www.chairedelimmateriel.universite-paris-saclay.fr\/wp-content\/uploads\/2020\/03\/IMG_7270_jury_v1-e1584900684794-450x275.jpg\" \/>\n<meta name=\"author\" content=\"Kreiling Laura\" \/>\n<meta name=\"twitter:card\" content=\"summary_large_image\" \/>\n<meta name=\"twitter:label1\" content=\"Written by\" \/>\n\t<meta name=\"twitter:data1\" content=\"Kreiling Laura\" \/>\n\t<meta name=\"twitter:label2\" content=\"Est. reading time\" \/>\n\t<meta name=\"twitter:data2\" content=\"4 minutes\" \/>\n<script type=\"application\/ld+json\" class=\"yoast-schema-graph\">{\"@context\":\"https:\\\/\\\/schema.org\",\"@graph\":[{\"@type\":\"Article\",\"@id\":\"https:\\\/\\\/www.chairedelimmateriel.universite-paris-saclay.fr\\\/2020\\\/03\\\/22\\\/laura-kreiling-defended-phd-thesis\\\/#article\",\"isPartOf\":{\"@id\":\"https:\\\/\\\/www.chairedelimmateriel.universite-paris-saclay.fr\\\/2020\\\/03\\\/22\\\/laura-kreiling-defended-phd-thesis\\\/\"},\"author\":{\"name\":\"Kreiling Laura\",\"@id\":\"https:\\\/\\\/www.chairedelimmateriel.universite-paris-saclay.fr\\\/#\\\/schema\\\/person\\\/ffacb5936f64abc8adaaa7e81662aa51\"},\"headline\":\"Laura Kreiling defends her PhD thesis\",\"datePublished\":\"2020-03-22T18:17:24+00:00\",\"dateModified\":\"2020-04-13T16:00:19+00:00\",\"mainEntityOfPage\":{\"@id\":\"https:\\\/\\\/www.chairedelimmateriel.universite-paris-saclay.fr\\\/2020\\\/03\\\/22\\\/laura-kreiling-defended-phd-thesis\\\/\"},\"wordCount\":881,\"image\":{\"@id\":\"https:\\\/\\\/www.chairedelimmateriel.universite-paris-saclay.fr\\\/2020\\\/03\\\/22\\\/laura-kreiling-defended-phd-thesis\\\/#primaryimage\"},\"thumbnailUrl\":\"https:\\\/\\\/www.chairedelimmateriel.universite-paris-saclay.fr\\\/wp-content\\\/uploads\\\/2020\\\/03\\\/IMG_7270_jury_v1-e1584900684794-450x275.jpg\",\"articleSection\":[\"News\"],\"inLanguage\":\"en-US\"},{\"@type\":\"WebPage\",\"@id\":\"https:\\\/\\\/www.chairedelimmateriel.universite-paris-saclay.fr\\\/2020\\\/03\\\/22\\\/laura-kreiling-defended-phd-thesis\\\/\",\"url\":\"https:\\\/\\\/www.chairedelimmateriel.universite-paris-saclay.fr\\\/2020\\\/03\\\/22\\\/laura-kreiling-defended-phd-thesis\\\/\",\"name\":\"Laura Kreiling defends her PhD thesis - Chaire Europ\u00e9enne de l\u2019Immat\u00e9riel\",\"isPartOf\":{\"@id\":\"https:\\\/\\\/www.chairedelimmateriel.universite-paris-saclay.fr\\\/#website\"},\"primaryImageOfPage\":{\"@id\":\"https:\\\/\\\/www.chairedelimmateriel.universite-paris-saclay.fr\\\/2020\\\/03\\\/22\\\/laura-kreiling-defended-phd-thesis\\\/#primaryimage\"},\"image\":{\"@id\":\"https:\\\/\\\/www.chairedelimmateriel.universite-paris-saclay.fr\\\/2020\\\/03\\\/22\\\/laura-kreiling-defended-phd-thesis\\\/#primaryimage\"},\"thumbnailUrl\":\"https:\\\/\\\/www.chairedelimmateriel.universite-paris-saclay.fr\\\/wp-content\\\/uploads\\\/2020\\\/03\\\/IMG_7270_jury_v1-e1584900684794-450x275.jpg\",\"datePublished\":\"2020-03-22T18:17:24+00:00\",\"dateModified\":\"2020-04-13T16:00:19+00:00\",\"author\":{\"@id\":\"https:\\\/\\\/www.chairedelimmateriel.universite-paris-saclay.fr\\\/#\\\/schema\\\/person\\\/ffacb5936f64abc8adaaa7e81662aa51\"},\"breadcrumb\":{\"@id\":\"https:\\\/\\\/www.chairedelimmateriel.universite-paris-saclay.fr\\\/2020\\\/03\\\/22\\\/laura-kreiling-defended-phd-thesis\\\/#breadcrumb\"},\"inLanguage\":\"en-US\",\"potentialAction\":[{\"@type\":\"ReadAction\",\"target\":[\"https:\\\/\\\/www.chairedelimmateriel.universite-paris-saclay.fr\\\/2020\\\/03\\\/22\\\/laura-kreiling-defended-phd-thesis\\\/\"]}]},{\"@type\":\"ImageObject\",\"inLanguage\":\"en-US\",\"@id\":\"https:\\\/\\\/www.chairedelimmateriel.universite-paris-saclay.fr\\\/2020\\\/03\\\/22\\\/laura-kreiling-defended-phd-thesis\\\/#primaryimage\",\"url\":\"https:\\\/\\\/www.chairedelimmateriel.universite-paris-saclay.fr\\\/wp-content\\\/uploads\\\/2020\\\/03\\\/IMG_7270_jury_v1-e1584900684794-450x275.jpg\",\"contentUrl\":\"https:\\\/\\\/www.chairedelimmateriel.universite-paris-saclay.fr\\\/wp-content\\\/uploads\\\/2020\\\/03\\\/IMG_7270_jury_v1-e1584900684794-450x275.jpg\"},{\"@type\":\"BreadcrumbList\",\"@id\":\"https:\\\/\\\/www.chairedelimmateriel.universite-paris-saclay.fr\\\/2020\\\/03\\\/22\\\/laura-kreiling-defended-phd-thesis\\\/#breadcrumb\",\"itemListElement\":[{\"@type\":\"ListItem\",\"position\":1,\"name\":\"Home\",\"item\":\"https:\\\/\\\/www.chairedelimmateriel.universite-paris-saclay.fr\\\/en\\\/\"},{\"@type\":\"ListItem\",\"position\":2,\"name\":\"Laura Kreiling defends her PhD thesis\"}]},{\"@type\":\"WebSite\",\"@id\":\"https:\\\/\\\/www.chairedelimmateriel.universite-paris-saclay.fr\\\/#website\",\"url\":\"https:\\\/\\\/www.chairedelimmateriel.universite-paris-saclay.fr\\\/\",\"name\":\"Chaire Europ\u00e9enne de l\u2019Immat\u00e9riel\",\"description\":\"\",\"potentialAction\":[{\"@type\":\"SearchAction\",\"target\":{\"@type\":\"EntryPoint\",\"urlTemplate\":\"https:\\\/\\\/www.chairedelimmateriel.universite-paris-saclay.fr\\\/?s={search_term_string}\"},\"query-input\":{\"@type\":\"PropertyValueSpecification\",\"valueRequired\":true,\"valueName\":\"search_term_string\"}}],\"inLanguage\":\"en-US\"},{\"@type\":\"Person\",\"@id\":\"https:\\\/\\\/www.chairedelimmateriel.universite-paris-saclay.fr\\\/#\\\/schema\\\/person\\\/ffacb5936f64abc8adaaa7e81662aa51\",\"name\":\"Kreiling Laura\",\"image\":{\"@type\":\"ImageObject\",\"inLanguage\":\"en-US\",\"@id\":\"https:\\\/\\\/secure.gravatar.com\\\/avatar\\\/15602beaf7c7c4cecbce7fdcd7ede47d550db5ff16e5a1615ef796947e415d3c?s=96&d=mm&r=g\",\"url\":\"https:\\\/\\\/secure.gravatar.com\\\/avatar\\\/15602beaf7c7c4cecbce7fdcd7ede47d550db5ff16e5a1615ef796947e415d3c?s=96&d=mm&r=g\",\"contentUrl\":\"https:\\\/\\\/secure.gravatar.com\\\/avatar\\\/15602beaf7c7c4cecbce7fdcd7ede47d550db5ff16e5a1615ef796947e415d3c?s=96&d=mm&r=g\",\"caption\":\"Kreiling Laura\"}}]}<\/script>\n<!-- \/ Yoast SEO plugin. -->","yoast_head_json":{"title":"Laura Kreiling defends her PhD thesis - Chaire Europ\u00e9enne de l\u2019Immat\u00e9riel","robots":{"index":"index","follow":"follow","max-snippet":"max-snippet:-1","max-image-preview":"max-image-preview:large","max-video-preview":"max-video-preview:-1"},"canonical":"https:\/\/www.chairedelimmateriel.universite-paris-saclay.fr\/2020\/03\/22\/laura-kreiling-defended-phd-thesis\/","og_locale":"en_US","og_type":"article","og_title":"Laura Kreiling defends her PhD thesis - Chaire Europ\u00e9enne de l\u2019Immat\u00e9riel","og_description":"On 11 March 2020, Laura Kreiling\u00a0defended her PhD thesis: &#8220;Intermediaries in innovation ecosystem &#8211; delineating practices and context of European Knowledge Transfer Organisations&#8221; Thesis supervisor: Prof. Ahmed Bounfour PhD committee: Prof. Pascal Corbel,\u00a0Universit\u00e9 Paris-Saclay (RITM) &#8211;\u00a0President Prof. Jakob Edler, Fraunhofer&nbsp;(...)","og_url":"https:\/\/www.chairedelimmateriel.universite-paris-saclay.fr\/2020\/03\/22\/laura-kreiling-defended-phd-thesis\/","og_site_name":"Chaire Europ\u00e9enne de l\u2019Immat\u00e9riel","article_published_time":"2020-03-22T18:17:24+00:00","article_modified_time":"2020-04-13T16:00:19+00:00","og_image":[{"url":"https:\/\/www.chairedelimmateriel.universite-paris-saclay.fr\/wp-content\/uploads\/2020\/03\/IMG_7270_jury_v1-e1584900684794-450x275.jpg","type":"","width":"","height":""}],"author":"Kreiling Laura","twitter_card":"summary_large_image","twitter_misc":{"Written by":"Kreiling Laura","Est. reading time":"4 minutes"},"schema":{"@context":"https:\/\/schema.org","@graph":[{"@type":"Article","@id":"https:\/\/www.chairedelimmateriel.universite-paris-saclay.fr\/2020\/03\/22\/laura-kreiling-defended-phd-thesis\/#article","isPartOf":{"@id":"https:\/\/www.chairedelimmateriel.universite-paris-saclay.fr\/2020\/03\/22\/laura-kreiling-defended-phd-thesis\/"},"author":{"name":"Kreiling Laura","@id":"https:\/\/www.chairedelimmateriel.universite-paris-saclay.fr\/#\/schema\/person\/ffacb5936f64abc8adaaa7e81662aa51"},"headline":"Laura Kreiling defends her PhD thesis","datePublished":"2020-03-22T18:17:24+00:00","dateModified":"2020-04-13T16:00:19+00:00","mainEntityOfPage":{"@id":"https:\/\/www.chairedelimmateriel.universite-paris-saclay.fr\/2020\/03\/22\/laura-kreiling-defended-phd-thesis\/"},"wordCount":881,"image":{"@id":"https:\/\/www.chairedelimmateriel.universite-paris-saclay.fr\/2020\/03\/22\/laura-kreiling-defended-phd-thesis\/#primaryimage"},"thumbnailUrl":"https:\/\/www.chairedelimmateriel.universite-paris-saclay.fr\/wp-content\/uploads\/2020\/03\/IMG_7270_jury_v1-e1584900684794-450x275.jpg","articleSection":["News"],"inLanguage":"en-US"},{"@type":"WebPage","@id":"https:\/\/www.chairedelimmateriel.universite-paris-saclay.fr\/2020\/03\/22\/laura-kreiling-defended-phd-thesis\/","url":"https:\/\/www.chairedelimmateriel.universite-paris-saclay.fr\/2020\/03\/22\/laura-kreiling-defended-phd-thesis\/","name":"Laura Kreiling defends her PhD thesis - Chaire Europ\u00e9enne de l\u2019Immat\u00e9riel","isPartOf":{"@id":"https:\/\/www.chairedelimmateriel.universite-paris-saclay.fr\/#website"},"primaryImageOfPage":{"@id":"https:\/\/www.chairedelimmateriel.universite-paris-saclay.fr\/2020\/03\/22\/laura-kreiling-defended-phd-thesis\/#primaryimage"},"image":{"@id":"https:\/\/www.chairedelimmateriel.universite-paris-saclay.fr\/2020\/03\/22\/laura-kreiling-defended-phd-thesis\/#primaryimage"},"thumbnailUrl":"https:\/\/www.chairedelimmateriel.universite-paris-saclay.fr\/wp-content\/uploads\/2020\/03\/IMG_7270_jury_v1-e1584900684794-450x275.jpg","datePublished":"2020-03-22T18:17:24+00:00","dateModified":"2020-04-13T16:00:19+00:00","author":{"@id":"https:\/\/www.chairedelimmateriel.universite-paris-saclay.fr\/#\/schema\/person\/ffacb5936f64abc8adaaa7e81662aa51"},"breadcrumb":{"@id":"https:\/\/www.chairedelimmateriel.universite-paris-saclay.fr\/2020\/03\/22\/laura-kreiling-defended-phd-thesis\/#breadcrumb"},"inLanguage":"en-US","potentialAction":[{"@type":"ReadAction","target":["https:\/\/www.chairedelimmateriel.universite-paris-saclay.fr\/2020\/03\/22\/laura-kreiling-defended-phd-thesis\/"]}]},{"@type":"ImageObject","inLanguage":"en-US","@id":"https:\/\/www.chairedelimmateriel.universite-paris-saclay.fr\/2020\/03\/22\/laura-kreiling-defended-phd-thesis\/#primaryimage","url":"https:\/\/www.chairedelimmateriel.universite-paris-saclay.fr\/wp-content\/uploads\/2020\/03\/IMG_7270_jury_v1-e1584900684794-450x275.jpg","contentUrl":"https:\/\/www.chairedelimmateriel.universite-paris-saclay.fr\/wp-content\/uploads\/2020\/03\/IMG_7270_jury_v1-e1584900684794-450x275.jpg"},{"@type":"BreadcrumbList","@id":"https:\/\/www.chairedelimmateriel.universite-paris-saclay.fr\/2020\/03\/22\/laura-kreiling-defended-phd-thesis\/#breadcrumb","itemListElement":[{"@type":"ListItem","position":1,"name":"Home","item":"https:\/\/www.chairedelimmateriel.universite-paris-saclay.fr\/en\/"},{"@type":"ListItem","position":2,"name":"Laura Kreiling defends her PhD thesis"}]},{"@type":"WebSite","@id":"https:\/\/www.chairedelimmateriel.universite-paris-saclay.fr\/#website","url":"https:\/\/www.chairedelimmateriel.universite-paris-saclay.fr\/","name":"Chaire Europ\u00e9enne de l\u2019Immat\u00e9riel","description":"","potentialAction":[{"@type":"SearchAction","target":{"@type":"EntryPoint","urlTemplate":"https:\/\/www.chairedelimmateriel.universite-paris-saclay.fr\/?s={search_term_string}"},"query-input":{"@type":"PropertyValueSpecification","valueRequired":true,"valueName":"search_term_string"}}],"inLanguage":"en-US"},{"@type":"Person","@id":"https:\/\/www.chairedelimmateriel.universite-paris-saclay.fr\/#\/schema\/person\/ffacb5936f64abc8adaaa7e81662aa51","name":"Kreiling Laura","image":{"@type":"ImageObject","inLanguage":"en-US","@id":"https:\/\/secure.gravatar.com\/avatar\/15602beaf7c7c4cecbce7fdcd7ede47d550db5ff16e5a1615ef796947e415d3c?s=96&d=mm&r=g","url":"https:\/\/secure.gravatar.com\/avatar\/15602beaf7c7c4cecbce7fdcd7ede47d550db5ff16e5a1615ef796947e415d3c?s=96&d=mm&r=g","contentUrl":"https:\/\/secure.gravatar.com\/avatar\/15602beaf7c7c4cecbce7fdcd7ede47d550db5ff16e5a1615ef796947e415d3c?s=96&d=mm&r=g","caption":"Kreiling Laura"}}]}},"_links":{"self":[{"href":"https:\/\/www.chairedelimmateriel.universite-paris-saclay.fr\/en\/wp-json\/wp\/v2\/posts\/3106","targetHints":{"allow":["GET"]}}],"collection":[{"href":"https:\/\/www.chairedelimmateriel.universite-paris-saclay.fr\/en\/wp-json\/wp\/v2\/posts"}],"about":[{"href":"https:\/\/www.chairedelimmateriel.universite-paris-saclay.fr\/en\/wp-json\/wp\/v2\/types\/post"}],"author":[{"embeddable":true,"href":"https:\/\/www.chairedelimmateriel.universite-paris-saclay.fr\/en\/wp-json\/wp\/v2\/users\/3"}],"replies":[{"embeddable":true,"href":"https:\/\/www.chairedelimmateriel.universite-paris-saclay.fr\/en\/wp-json\/wp\/v2\/comments?post=3106"}],"version-history":[{"count":6,"href":"https:\/\/www.chairedelimmateriel.universite-paris-saclay.fr\/en\/wp-json\/wp\/v2\/posts\/3106\/revisions"}],"predecessor-version":[{"id":3128,"href":"https:\/\/www.chairedelimmateriel.universite-paris-saclay.fr\/en\/wp-json\/wp\/v2\/posts\/3106\/revisions\/3128"}],"wp:attachment":[{"href":"https:\/\/www.chairedelimmateriel.universite-paris-saclay.fr\/en\/wp-json\/wp\/v2\/media?parent=3106"}],"wp:term":[{"taxonomy":"category","embeddable":true,"href":"https:\/\/www.chairedelimmateriel.universite-paris-saclay.fr\/en\/wp-json\/wp\/v2\/categories?post=3106"},{"taxonomy":"post_tag","embeddable":true,"href":"https:\/\/www.chairedelimmateriel.universite-paris-saclay.fr\/en\/wp-json\/wp\/v2\/tags?post=3106"}],"curies":[{"name":"wp","href":"https:\/\/api.w.org\/{rel}","templated":true}]}}