{"id":2874,"date":"2019-06-16T21:54:25","date_gmt":"2019-06-16T19:54:25","guid":{"rendered":"https:\/\/www.chairedelimmateriel.universite-paris-saclay.fr\/?p=2874\/"},"modified":"2019-06-16T21:54:25","modified_gmt":"2019-06-16T19:54:25","slug":"les-territoires-dans-la-grande-transition-colloque-organise-paris-le-19-juin-2019-par-la-societe-francaise-de-prospective","status":"publish","type":"post","link":"https:\/\/www.chairedelimmateriel.universite-paris-saclay.fr\/en\/2019\/06\/16\/les-territoires-dans-la-grande-transition-colloque-organise-paris-le-19-juin-2019-par-la-societe-francaise-de-prospective\/","title":{"rendered":"&#8220;Les territoires dans la grande transition&#8221; Colloque organis\u00e9 \u00e0 Paris le 19 juin 2019 par la Soci\u00e9t\u00e9 fran\u00e7aise de prospective."},"content":{"rendered":"<h2 style=\"text-align: center;\">&#8220;Les territoires dans la grande transition&#8221;<\/h2>\n<p style=\"text-align: center;\"><strong>Colloque organis\u00e9 \u00e0 Paris le 19 juin 2019 par la Soci\u00e9t\u00e9 fran\u00e7aise de prospective.<\/strong><\/p>\n<blockquote class=\"wp-embedded-content\" data-secret=\"JxqB1OpetX\"><p><a href=\"https:\/\/www.societefrancaisedeprospective.fr\/le-programme\/\">Programme<\/a><\/p><\/blockquote>\n<p><iframe loading=\"lazy\" class=\"wp-embedded-content\" sandbox=\"allow-scripts\" security=\"restricted\" style=\"position: absolute; visibility: hidden;\" title=\"\u00ab\u00a0Programme\u00a0\u00bb \u2014 Soci\u00e9t\u00e9 Fran\u00e7aise de Prospective\" src=\"https:\/\/www.societefrancaisedeprospective.fr\/le-programme\/embed\/#?secret=t58wtOQieq#?secret=JxqB1OpetX\" data-secret=\"JxqB1OpetX\" width=\"500\" height=\"282\" frameborder=\"0\" marginwidth=\"0\" marginheight=\"0\" scrolling=\"no\"><\/iframe><\/p>\n<p><a class=\"btn\" href=\"https:\/\/www.eventbrite.fr\/e\/billets-7eme-printemps-de-la-prospective-les-territoires-dans-la-grande-transition-paris-19-juin-2019-60761287647\">Billeterie\u00a0<\/a><\/p>\n<div class=\"shariff\" data-title=\"&#8220;Les territoires dans la grande transition&#8221; Colloque organis\u00e9 \u00e0 Paris le 19 juin 2019 par la Soci\u00e9t\u00e9 fran\u00e7aise de prospective.\" data-info-url=\"\" data-backend-url=\"https:\/\/www.chairedelimmateriel.universite-paris-saclay.fr\/wp-content\/plugins\/shariff-sharing\/backend\/index.php\" data-temp=\"\/tmp\" data-ttl=\"60\" data-service=\"tl\" data-services='[\"facebook\",\"twitter\",\"linkedin\"]' data-image=\"\" data-url=\"https:\/\/www.chairedelimmateriel.universite-paris-saclay.fr\/en\/2019\/06\/16\/les-territoires-dans-la-grande-transition-colloque-organise-paris-le-19-juin-2019-par-la-societe-francaise-de-prospective\/\" data-lang=\"en\" data-theme=\"color\" data-orientation=\"horizontal\"><\/div>","protected":false},"excerpt":{"rendered":"<p>&#8220;Les territoires dans la grande transition&#8221; Colloque organis\u00e9 \u00e0 Paris le 19 juin 2019 par la Soci\u00e9t\u00e9 fran\u00e7aise de prospective. Programme Billeterie\u00a0<\/p>\n","protected":false},"author":3,"featured_media":0,"comment_status":"closed","ping_status":"closed","sticky":false,"template":"","format":"standard","meta":{"_monsterinsights_skip_tracking":false,"footnotes":""},"categories":[1,7],"tags":[],"class_list":["post-2874","post","type-post","status-publish","format-standard","hentry","category-actualites","category-evenements"],"yoast_head":"<!-- This site is optimized with the Yoast SEO plugin v28.4 - https:\/\/yoast.com\/product\/yoast-seo-wordpress\/ -->\n<title>&quot;Les territoires dans la grande transition&quot; Colloque organis\u00e9 \u00e0 Paris le 19 juin 2019 par la Soci\u00e9t\u00e9 fran\u00e7aise de prospective. - Chaire Europ\u00e9enne de l\u2019Immat\u00e9riel<\/title>\n<meta name=\"robots\" content=\"index, follow, max-snippet:-1, max-image-preview:large, max-video-preview:-1\" \/>\n<link rel=\"canonical\" href=\"https:\/\/www.chairedelimmateriel.universite-paris-saclay.fr\/2019\/06\/16\/les-territoires-dans-la-grande-transition-colloque-organise-paris-le-19-juin-2019-par-la-societe-francaise-de-prospective\/\" \/>\n<meta property=\"og:locale\" content=\"en_US\" \/>\n<meta property=\"og:type\" content=\"article\" \/>\n<meta property=\"og:title\" content=\"&quot;Les territoires dans la grande transition&quot; Colloque organis\u00e9 \u00e0 Paris le 19 juin 2019 par la Soci\u00e9t\u00e9 fran\u00e7aise de prospective. - Chaire Europ\u00e9enne de l\u2019Immat\u00e9riel\" \/>\n<meta property=\"og:description\" content=\"&#8220;Les territoires dans la grande transition&#8221; Colloque organis\u00e9 \u00e0 Paris le 19 juin 2019 par la Soci\u00e9t\u00e9 fran\u00e7aise de prospective. Programme Billeterie\u00a0\" \/>\n<meta property=\"og:url\" content=\"https:\/\/www.chairedelimmateriel.universite-paris-saclay.fr\/2019\/06\/16\/les-territoires-dans-la-grande-transition-colloque-organise-paris-le-19-juin-2019-par-la-societe-francaise-de-prospective\/\" \/>\n<meta property=\"og:site_name\" content=\"Chaire Europ\u00e9enne de l\u2019Immat\u00e9riel\" \/>\n<meta property=\"article:published_time\" content=\"2019-06-16T19:54:25+00:00\" \/>\n<meta name=\"author\" content=\"Kreiling Laura\" \/>\n<meta name=\"twitter:card\" content=\"summary_large_image\" \/>\n<meta name=\"twitter:label1\" content=\"Written by\" \/>\n\t<meta name=\"twitter:data1\" content=\"Kreiling Laura\" \/>\n<script type=\"application\/ld+json\" class=\"yoast-schema-graph\">{\"@context\":\"https:\\\/\\\/schema.org\",\"@graph\":[{\"@type\":\"Article\",\"@id\":\"https:\\\/\\\/www.chairedelimmateriel.universite-paris-saclay.fr\\\/2019\\\/06\\\/16\\\/les-territoires-dans-la-grande-transition-colloque-organise-paris-le-19-juin-2019-par-la-societe-francaise-de-prospective\\\/#article\",\"isPartOf\":{\"@id\":\"https:\\\/\\\/www.chairedelimmateriel.universite-paris-saclay.fr\\\/2019\\\/06\\\/16\\\/les-territoires-dans-la-grande-transition-colloque-organise-paris-le-19-juin-2019-par-la-societe-francaise-de-prospective\\\/\"},\"author\":{\"name\":\"Kreiling Laura\",\"@id\":\"https:\\\/\\\/www.chairedelimmateriel.universite-paris-saclay.fr\\\/#\\\/schema\\\/person\\\/ffacb5936f64abc8adaaa7e81662aa51\"},\"headline\":\"&#8220;Les territoires dans la grande transition&#8221; Colloque organis\u00e9 \u00e0 Paris le 19 juin 2019 par la Soci\u00e9t\u00e9 fran\u00e7aise de prospective.\",\"datePublished\":\"2019-06-16T19:54:25+00:00\",\"mainEntityOfPage\":{\"@id\":\"https:\\\/\\\/www.chairedelimmateriel.universite-paris-saclay.fr\\\/2019\\\/06\\\/16\\\/les-territoires-dans-la-grande-transition-colloque-organise-paris-le-19-juin-2019-par-la-societe-francaise-de-prospective\\\/\"},\"wordCount\":44,\"articleSection\":[\"Actualit\u00e9s\",\"Ev\u00e9nements\"],\"inLanguage\":\"en-US\"},{\"@type\":\"WebPage\",\"@id\":\"https:\\\/\\\/www.chairedelimmateriel.universite-paris-saclay.fr\\\/2019\\\/06\\\/16\\\/les-territoires-dans-la-grande-transition-colloque-organise-paris-le-19-juin-2019-par-la-societe-francaise-de-prospective\\\/\",\"url\":\"https:\\\/\\\/www.chairedelimmateriel.universite-paris-saclay.fr\\\/2019\\\/06\\\/16\\\/les-territoires-dans-la-grande-transition-colloque-organise-paris-le-19-juin-2019-par-la-societe-francaise-de-prospective\\\/\",\"name\":\"\\\"Les territoires dans la grande transition\\\" Colloque organis\u00e9 \u00e0 Paris le 19 juin 2019 par la Soci\u00e9t\u00e9 fran\u00e7aise de prospective. - Chaire Europ\u00e9enne de l\u2019Immat\u00e9riel\",\"isPartOf\":{\"@id\":\"https:\\\/\\\/www.chairedelimmateriel.universite-paris-saclay.fr\\\/#website\"},\"datePublished\":\"2019-06-16T19:54:25+00:00\",\"author\":{\"@id\":\"https:\\\/\\\/www.chairedelimmateriel.universite-paris-saclay.fr\\\/#\\\/schema\\\/person\\\/ffacb5936f64abc8adaaa7e81662aa51\"},\"breadcrumb\":{\"@id\":\"https:\\\/\\\/www.chairedelimmateriel.universite-paris-saclay.fr\\\/2019\\\/06\\\/16\\\/les-territoires-dans-la-grande-transition-colloque-organise-paris-le-19-juin-2019-par-la-societe-francaise-de-prospective\\\/#breadcrumb\"},\"inLanguage\":\"en-US\",\"potentialAction\":[{\"@type\":\"ReadAction\",\"target\":[\"https:\\\/\\\/www.chairedelimmateriel.universite-paris-saclay.fr\\\/2019\\\/06\\\/16\\\/les-territoires-dans-la-grande-transition-colloque-organise-paris-le-19-juin-2019-par-la-societe-francaise-de-prospective\\\/\"]}]},{\"@type\":\"BreadcrumbList\",\"@id\":\"https:\\\/\\\/www.chairedelimmateriel.universite-paris-saclay.fr\\\/2019\\\/06\\\/16\\\/les-territoires-dans-la-grande-transition-colloque-organise-paris-le-19-juin-2019-par-la-societe-francaise-de-prospective\\\/#breadcrumb\",\"itemListElement\":[{\"@type\":\"ListItem\",\"position\":1,\"name\":\"Home\",\"item\":\"https:\\\/\\\/www.chairedelimmateriel.universite-paris-saclay.fr\\\/en\\\/\"},{\"@type\":\"ListItem\",\"position\":2,\"name\":\"\u00ab\u00a0Les territoires dans la grande transition\u00a0\u00bb Colloque organis\u00e9 \u00e0 Paris le 19 juin 2019 par la Soci\u00e9t\u00e9 fran\u00e7aise de prospective.\"}]},{\"@type\":\"WebSite\",\"@id\":\"https:\\\/\\\/www.chairedelimmateriel.universite-paris-saclay.fr\\\/#website\",\"url\":\"https:\\\/\\\/www.chairedelimmateriel.universite-paris-saclay.fr\\\/\",\"name\":\"Chaire Europ\u00e9enne de l\u2019Immat\u00e9riel\",\"description\":\"\",\"potentialAction\":[{\"@type\":\"SearchAction\",\"target\":{\"@type\":\"EntryPoint\",\"urlTemplate\":\"https:\\\/\\\/www.chairedelimmateriel.universite-paris-saclay.fr\\\/?s={search_term_string}\"},\"query-input\":{\"@type\":\"PropertyValueSpecification\",\"valueRequired\":true,\"valueName\":\"search_term_string\"}}],\"inLanguage\":\"en-US\"},{\"@type\":\"Person\",\"@id\":\"https:\\\/\\\/www.chairedelimmateriel.universite-paris-saclay.fr\\\/#\\\/schema\\\/person\\\/ffacb5936f64abc8adaaa7e81662aa51\",\"name\":\"Kreiling Laura\",\"image\":{\"@type\":\"ImageObject\",\"inLanguage\":\"en-US\",\"@id\":\"https:\\\/\\\/secure.gravatar.com\\\/avatar\\\/15602beaf7c7c4cecbce7fdcd7ede47d550db5ff16e5a1615ef796947e415d3c?s=96&d=mm&r=g\",\"url\":\"https:\\\/\\\/secure.gravatar.com\\\/avatar\\\/15602beaf7c7c4cecbce7fdcd7ede47d550db5ff16e5a1615ef796947e415d3c?s=96&d=mm&r=g\",\"contentUrl\":\"https:\\\/\\\/secure.gravatar.com\\\/avatar\\\/15602beaf7c7c4cecbce7fdcd7ede47d550db5ff16e5a1615ef796947e415d3c?s=96&d=mm&r=g\",\"caption\":\"Kreiling Laura\"}}]}<\/script>\n<!-- \/ Yoast SEO plugin. -->","yoast_head_json":{"title":"\"Les territoires dans la grande transition\" Colloque organis\u00e9 \u00e0 Paris le 19 juin 2019 par la Soci\u00e9t\u00e9 fran\u00e7aise de prospective. - Chaire Europ\u00e9enne de l\u2019Immat\u00e9riel","robots":{"index":"index","follow":"follow","max-snippet":"max-snippet:-1","max-image-preview":"max-image-preview:large","max-video-preview":"max-video-preview:-1"},"canonical":"https:\/\/www.chairedelimmateriel.universite-paris-saclay.fr\/2019\/06\/16\/les-territoires-dans-la-grande-transition-colloque-organise-paris-le-19-juin-2019-par-la-societe-francaise-de-prospective\/","og_locale":"en_US","og_type":"article","og_title":"\"Les territoires dans la grande transition\" Colloque organis\u00e9 \u00e0 Paris le 19 juin 2019 par la Soci\u00e9t\u00e9 fran\u00e7aise de prospective. - Chaire Europ\u00e9enne de l\u2019Immat\u00e9riel","og_description":"&#8220;Les territoires dans la grande transition&#8221; Colloque organis\u00e9 \u00e0 Paris le 19 juin 2019 par la Soci\u00e9t\u00e9 fran\u00e7aise de prospective. Programme Billeterie\u00a0","og_url":"https:\/\/www.chairedelimmateriel.universite-paris-saclay.fr\/2019\/06\/16\/les-territoires-dans-la-grande-transition-colloque-organise-paris-le-19-juin-2019-par-la-societe-francaise-de-prospective\/","og_site_name":"Chaire Europ\u00e9enne de l\u2019Immat\u00e9riel","article_published_time":"2019-06-16T19:54:25+00:00","author":"Kreiling Laura","twitter_card":"summary_large_image","twitter_misc":{"Written by":"Kreiling Laura"},"schema":{"@context":"https:\/\/schema.org","@graph":[{"@type":"Article","@id":"https:\/\/www.chairedelimmateriel.universite-paris-saclay.fr\/2019\/06\/16\/les-territoires-dans-la-grande-transition-colloque-organise-paris-le-19-juin-2019-par-la-societe-francaise-de-prospective\/#article","isPartOf":{"@id":"https:\/\/www.chairedelimmateriel.universite-paris-saclay.fr\/2019\/06\/16\/les-territoires-dans-la-grande-transition-colloque-organise-paris-le-19-juin-2019-par-la-societe-francaise-de-prospective\/"},"author":{"name":"Kreiling Laura","@id":"https:\/\/www.chairedelimmateriel.universite-paris-saclay.fr\/#\/schema\/person\/ffacb5936f64abc8adaaa7e81662aa51"},"headline":"&#8220;Les territoires dans la grande transition&#8221; Colloque organis\u00e9 \u00e0 Paris le 19 juin 2019 par la Soci\u00e9t\u00e9 fran\u00e7aise de prospective.","datePublished":"2019-06-16T19:54:25+00:00","mainEntityOfPage":{"@id":"https:\/\/www.chairedelimmateriel.universite-paris-saclay.fr\/2019\/06\/16\/les-territoires-dans-la-grande-transition-colloque-organise-paris-le-19-juin-2019-par-la-societe-francaise-de-prospective\/"},"wordCount":44,"articleSection":["Actualit\u00e9s","Ev\u00e9nements"],"inLanguage":"en-US"},{"@type":"WebPage","@id":"https:\/\/www.chairedelimmateriel.universite-paris-saclay.fr\/2019\/06\/16\/les-territoires-dans-la-grande-transition-colloque-organise-paris-le-19-juin-2019-par-la-societe-francaise-de-prospective\/","url":"https:\/\/www.chairedelimmateriel.universite-paris-saclay.fr\/2019\/06\/16\/les-territoires-dans-la-grande-transition-colloque-organise-paris-le-19-juin-2019-par-la-societe-francaise-de-prospective\/","name":"\"Les territoires dans la grande transition\" Colloque organis\u00e9 \u00e0 Paris le 19 juin 2019 par la Soci\u00e9t\u00e9 fran\u00e7aise de prospective. - Chaire Europ\u00e9enne de l\u2019Immat\u00e9riel","isPartOf":{"@id":"https:\/\/www.chairedelimmateriel.universite-paris-saclay.fr\/#website"},"datePublished":"2019-06-16T19:54:25+00:00","author":{"@id":"https:\/\/www.chairedelimmateriel.universite-paris-saclay.fr\/#\/schema\/person\/ffacb5936f64abc8adaaa7e81662aa51"},"breadcrumb":{"@id":"https:\/\/www.chairedelimmateriel.universite-paris-saclay.fr\/2019\/06\/16\/les-territoires-dans-la-grande-transition-colloque-organise-paris-le-19-juin-2019-par-la-societe-francaise-de-prospective\/#breadcrumb"},"inLanguage":"en-US","potentialAction":[{"@type":"ReadAction","target":["https:\/\/www.chairedelimmateriel.universite-paris-saclay.fr\/2019\/06\/16\/les-territoires-dans-la-grande-transition-colloque-organise-paris-le-19-juin-2019-par-la-societe-francaise-de-prospective\/"]}]},{"@type":"BreadcrumbList","@id":"https:\/\/www.chairedelimmateriel.universite-paris-saclay.fr\/2019\/06\/16\/les-territoires-dans-la-grande-transition-colloque-organise-paris-le-19-juin-2019-par-la-societe-francaise-de-prospective\/#breadcrumb","itemListElement":[{"@type":"ListItem","position":1,"name":"Home","item":"https:\/\/www.chairedelimmateriel.universite-paris-saclay.fr\/en\/"},{"@type":"ListItem","position":2,"name":"\u00ab\u00a0Les territoires dans la grande transition\u00a0\u00bb Colloque organis\u00e9 \u00e0 Paris le 19 juin 2019 par la Soci\u00e9t\u00e9 fran\u00e7aise de prospective."}]},{"@type":"WebSite","@id":"https:\/\/www.chairedelimmateriel.universite-paris-saclay.fr\/#website","url":"https:\/\/www.chairedelimmateriel.universite-paris-saclay.fr\/","name":"Chaire Europ\u00e9enne de l\u2019Immat\u00e9riel","description":"","potentialAction":[{"@type":"SearchAction","target":{"@type":"EntryPoint","urlTemplate":"https:\/\/www.chairedelimmateriel.universite-paris-saclay.fr\/?s={search_term_string}"},"query-input":{"@type":"PropertyValueSpecification","valueRequired":true,"valueName":"search_term_string"}}],"inLanguage":"en-US"},{"@type":"Person","@id":"https:\/\/www.chairedelimmateriel.universite-paris-saclay.fr\/#\/schema\/person\/ffacb5936f64abc8adaaa7e81662aa51","name":"Kreiling Laura","image":{"@type":"ImageObject","inLanguage":"en-US","@id":"https:\/\/secure.gravatar.com\/avatar\/15602beaf7c7c4cecbce7fdcd7ede47d550db5ff16e5a1615ef796947e415d3c?s=96&d=mm&r=g","url":"https:\/\/secure.gravatar.com\/avatar\/15602beaf7c7c4cecbce7fdcd7ede47d550db5ff16e5a1615ef796947e415d3c?s=96&d=mm&r=g","contentUrl":"https:\/\/secure.gravatar.com\/avatar\/15602beaf7c7c4cecbce7fdcd7ede47d550db5ff16e5a1615ef796947e415d3c?s=96&d=mm&r=g","caption":"Kreiling Laura"}}]}},"_links":{"self":[{"href":"https:\/\/www.chairedelimmateriel.universite-paris-saclay.fr\/en\/wp-json\/wp\/v2\/posts\/2874","targetHints":{"allow":["GET"]}}],"collection":[{"href":"https:\/\/www.chairedelimmateriel.universite-paris-saclay.fr\/en\/wp-json\/wp\/v2\/posts"}],"about":[{"href":"https:\/\/www.chairedelimmateriel.universite-paris-saclay.fr\/en\/wp-json\/wp\/v2\/types\/post"}],"author":[{"embeddable":true,"href":"https:\/\/www.chairedelimmateriel.universite-paris-saclay.fr\/en\/wp-json\/wp\/v2\/users\/3"}],"replies":[{"embeddable":true,"href":"https:\/\/www.chairedelimmateriel.universite-paris-saclay.fr\/en\/wp-json\/wp\/v2\/comments?post=2874"}],"version-history":[{"count":1,"href":"https:\/\/www.chairedelimmateriel.universite-paris-saclay.fr\/en\/wp-json\/wp\/v2\/posts\/2874\/revisions"}],"predecessor-version":[{"id":2875,"href":"https:\/\/www.chairedelimmateriel.universite-paris-saclay.fr\/en\/wp-json\/wp\/v2\/posts\/2874\/revisions\/2875"}],"wp:attachment":[{"href":"https:\/\/www.chairedelimmateriel.universite-paris-saclay.fr\/en\/wp-json\/wp\/v2\/media?parent=2874"}],"wp:term":[{"taxonomy":"category","embeddable":true,"href":"https:\/\/www.chairedelimmateriel.universite-paris-saclay.fr\/en\/wp-json\/wp\/v2\/categories?post=2874"},{"taxonomy":"post_tag","embeddable":true,"href":"https:\/\/www.chairedelimmateriel.universite-paris-saclay.fr\/en\/wp-json\/wp\/v2\/tags?post=2874"}],"curies":[{"name":"wp","href":"https:\/\/api.w.org\/{rel}","templated":true}]}}