{"id":283,"date":"2011-05-26T01:10:00","date_gmt":"2011-05-25T23:10:00","guid":{"rendered":"https:\/\/www.chairedelimmateriel.universite-paris-saclay.fr\/?p=283\/"},"modified":"2017-02-07T15:24:10","modified_gmt":"2017-02-07T14:24:10","slug":"ic7-the-world-conference-on-intellectual-capital-for-communities-seventh-edition-may-26-27-2011","status":"publish","type":"post","link":"https:\/\/www.chairedelimmateriel.universite-paris-saclay.fr\/en\/2011\/05\/26\/ic7-the-world-conference-on-intellectual-capital-for-communities-seventh-edition-may-26-27-2011\/","title":{"rendered":"IC7  The World Conference on Intellectual Capital for Communities, Seventh Edition, May 26 &#038; 27, 2011"},"content":{"rendered":"<p>7eme \u00e9dition de la conf\u00e9rence Mondiale sur le Capital Immat\u00e9riel pour les Communaut\u00e9s, Banque Mondiale Paris, les 26 &amp; 27 mai 2011.<br \/>Pour plus d&#8217;informations, veuillez t\u00e9l\u00e9charger le programme <a  href=\"<a href='https:\/\/www.chairedelimmateriel.universite-paris-saclay.fr\/wp-content\/uploads\/2011\/05\/IC7-220511.pdf'>IC7 modifi\u00e9 24052011<\/a>&#8220;>en cliquant ici.<\/p>\n<div class=\"shariff\" data-title=\"IC7  The World Conference on Intellectual Capital for Communities, Seventh Edition, May 26 &#038; 27, 2011\" data-info-url=\"\" data-backend-url=\"https:\/\/www.chairedelimmateriel.universite-paris-saclay.fr\/wp-content\/plugins\/shariff-sharing\/backend\/index.php\" data-temp=\"\/tmp\" data-ttl=\"60\" data-service=\"tl\" data-services='[\"facebook\",\"twitter\",\"linkedin\"]' data-image=\"\" data-url=\"https:\/\/www.chairedelimmateriel.universite-paris-saclay.fr\/en\/2011\/05\/26\/ic7-the-world-conference-on-intellectual-capital-for-communities-seventh-edition-may-26-27-2011\/\" data-lang=\"en\" data-theme=\"color\" data-orientation=\"horizontal\"><\/div>","protected":false},"excerpt":{"rendered":"<p>7eme \u00e9dition de la conf\u00e9rence Mondiale sur le Capital Immat\u00e9riel pour les Communaut\u00e9s, Banque Mondiale Paris, les 26 &amp; 27 mai 2011.Pour plus d&#8217;informations, veuillez t\u00e9l\u00e9charger le programme<\/p>\n","protected":false},"author":2,"featured_media":0,"comment_status":"closed","ping_status":"closed","sticky":false,"template":"","format":"standard","meta":{"_monsterinsights_skip_tracking":false,"footnotes":""},"categories":[11,12,4],"tags":[],"class_list":["post-283","post","type-post","status-publish","format-standard","hentry","category-conference-mondiale-en","category-evenements-en","category-news"],"yoast_head":"<!-- This site is optimized with the Yoast SEO plugin v28.4 - https:\/\/yoast.com\/product\/yoast-seo-wordpress\/ -->\n<title>IC7 The World Conference on Intellectual Capital for Communities, Seventh Edition, May 26 &amp; 27, 2011 - Chaire Europ\u00e9enne de l\u2019Immat\u00e9riel<\/title>\n<meta name=\"robots\" content=\"index, follow, max-snippet:-1, max-image-preview:large, max-video-preview:-1\" \/>\n<link rel=\"canonical\" href=\"https:\/\/www.chairedelimmateriel.universite-paris-saclay.fr\/en\/2011\/05\/26\/ic7-the-world-conference-on-intellectual-capital-for-communities-seventh-edition-may-26-27-2011\/\" \/>\n<meta property=\"og:locale\" content=\"en_US\" \/>\n<meta property=\"og:type\" content=\"article\" \/>\n<meta property=\"og:title\" content=\"IC7 The World Conference on Intellectual Capital for Communities, Seventh Edition, May 26 &amp; 27, 2011 - Chaire Europ\u00e9enne de l\u2019Immat\u00e9riel\" \/>\n<meta property=\"og:description\" content=\"7eme \u00e9dition de la conf\u00e9rence Mondiale sur le Capital Immat\u00e9riel pour les Communaut\u00e9s, Banque Mondiale Paris, les 26 &amp; 27 mai 2011.Pour plus d&#8217;informations, veuillez t\u00e9l\u00e9charger le programme\" \/>\n<meta property=\"og:url\" content=\"https:\/\/www.chairedelimmateriel.universite-paris-saclay.fr\/en\/2011\/05\/26\/ic7-the-world-conference-on-intellectual-capital-for-communities-seventh-edition-may-26-27-2011\/\" \/>\n<meta property=\"og:site_name\" content=\"Chaire Europ\u00e9enne de l\u2019Immat\u00e9riel\" \/>\n<meta property=\"article:published_time\" content=\"2011-05-25T23:10:00+00:00\" \/>\n<meta property=\"article:modified_time\" content=\"2017-02-07T14:24:10+00:00\" \/>\n<meta name=\"author\" content=\"Ahmed Bounfour\" \/>\n<meta name=\"twitter:card\" content=\"summary_large_image\" \/>\n<meta name=\"twitter:label1\" content=\"Written by\" \/>\n\t<meta name=\"twitter:data1\" content=\"Ahmed Bounfour\" \/>\n<script type=\"application\/ld+json\" class=\"yoast-schema-graph\">{\"@context\":\"https:\\\/\\\/schema.org\",\"@graph\":[{\"@type\":\"Article\",\"@id\":\"https:\\\/\\\/www.chairedelimmateriel.universite-paris-saclay.fr\\\/en\\\/2011\\\/05\\\/26\\\/ic7-the-world-conference-on-intellectual-capital-for-communities-seventh-edition-may-26-27-2011\\\/#article\",\"isPartOf\":{\"@id\":\"https:\\\/\\\/www.chairedelimmateriel.universite-paris-saclay.fr\\\/en\\\/2011\\\/05\\\/26\\\/ic7-the-world-conference-on-intellectual-capital-for-communities-seventh-edition-may-26-27-2011\\\/\"},\"author\":{\"name\":\"Ahmed Bounfour\",\"@id\":\"https:\\\/\\\/www.chairedelimmateriel.universite-paris-saclay.fr\\\/#\\\/schema\\\/person\\\/99fad4cfaf4bf6a8c5d1970bd79888f4\"},\"headline\":\"IC7 The World Conference on Intellectual Capital for Communities, Seventh Edition, May 26 &#038; 27, 2011\",\"datePublished\":\"2011-05-25T23:10:00+00:00\",\"dateModified\":\"2017-02-07T14:24:10+00:00\",\"mainEntityOfPage\":{\"@id\":\"https:\\\/\\\/www.chairedelimmateriel.universite-paris-saclay.fr\\\/en\\\/2011\\\/05\\\/26\\\/ic7-the-world-conference-on-intellectual-capital-for-communities-seventh-edition-may-26-27-2011\\\/\"},\"wordCount\":47,\"articleSection\":[\"Conf\u00e9rence mondiale\",\"Ev\u00e9nements\",\"News\"],\"inLanguage\":\"en-US\"},{\"@type\":\"WebPage\",\"@id\":\"https:\\\/\\\/www.chairedelimmateriel.universite-paris-saclay.fr\\\/en\\\/2011\\\/05\\\/26\\\/ic7-the-world-conference-on-intellectual-capital-for-communities-seventh-edition-may-26-27-2011\\\/\",\"url\":\"https:\\\/\\\/www.chairedelimmateriel.universite-paris-saclay.fr\\\/en\\\/2011\\\/05\\\/26\\\/ic7-the-world-conference-on-intellectual-capital-for-communities-seventh-edition-may-26-27-2011\\\/\",\"name\":\"IC7 The World Conference on Intellectual Capital for Communities, Seventh Edition, May 26 & 27, 2011 - Chaire Europ\u00e9enne de l\u2019Immat\u00e9riel\",\"isPartOf\":{\"@id\":\"https:\\\/\\\/www.chairedelimmateriel.universite-paris-saclay.fr\\\/#website\"},\"datePublished\":\"2011-05-25T23:10:00+00:00\",\"dateModified\":\"2017-02-07T14:24:10+00:00\",\"author\":{\"@id\":\"https:\\\/\\\/www.chairedelimmateriel.universite-paris-saclay.fr\\\/#\\\/schema\\\/person\\\/99fad4cfaf4bf6a8c5d1970bd79888f4\"},\"breadcrumb\":{\"@id\":\"https:\\\/\\\/www.chairedelimmateriel.universite-paris-saclay.fr\\\/en\\\/2011\\\/05\\\/26\\\/ic7-the-world-conference-on-intellectual-capital-for-communities-seventh-edition-may-26-27-2011\\\/#breadcrumb\"},\"inLanguage\":\"en-US\",\"potentialAction\":[{\"@type\":\"ReadAction\",\"target\":[\"https:\\\/\\\/www.chairedelimmateriel.universite-paris-saclay.fr\\\/en\\\/2011\\\/05\\\/26\\\/ic7-the-world-conference-on-intellectual-capital-for-communities-seventh-edition-may-26-27-2011\\\/\"]}]},{\"@type\":\"BreadcrumbList\",\"@id\":\"https:\\\/\\\/www.chairedelimmateriel.universite-paris-saclay.fr\\\/en\\\/2011\\\/05\\\/26\\\/ic7-the-world-conference-on-intellectual-capital-for-communities-seventh-edition-may-26-27-2011\\\/#breadcrumb\",\"itemListElement\":[{\"@type\":\"ListItem\",\"position\":1,\"name\":\"Home\",\"item\":\"https:\\\/\\\/www.chairedelimmateriel.universite-paris-saclay.fr\\\/en\\\/\"},{\"@type\":\"ListItem\",\"position\":2,\"name\":\"IC7 The World Conference on Intellectual Capital for Communities, Seventh Edition, May 26 &#038; 27, 2011\"}]},{\"@type\":\"WebSite\",\"@id\":\"https:\\\/\\\/www.chairedelimmateriel.universite-paris-saclay.fr\\\/#website\",\"url\":\"https:\\\/\\\/www.chairedelimmateriel.universite-paris-saclay.fr\\\/\",\"name\":\"Chaire Europ\u00e9enne de l\u2019Immat\u00e9riel\",\"description\":\"\",\"potentialAction\":[{\"@type\":\"SearchAction\",\"target\":{\"@type\":\"EntryPoint\",\"urlTemplate\":\"https:\\\/\\\/www.chairedelimmateriel.universite-paris-saclay.fr\\\/?s={search_term_string}\"},\"query-input\":{\"@type\":\"PropertyValueSpecification\",\"valueRequired\":true,\"valueName\":\"search_term_string\"}}],\"inLanguage\":\"en-US\"},{\"@type\":\"Person\",\"@id\":\"https:\\\/\\\/www.chairedelimmateriel.universite-paris-saclay.fr\\\/#\\\/schema\\\/person\\\/99fad4cfaf4bf6a8c5d1970bd79888f4\",\"name\":\"Ahmed Bounfour\",\"image\":{\"@type\":\"ImageObject\",\"inLanguage\":\"en-US\",\"@id\":\"https:\\\/\\\/secure.gravatar.com\\\/avatar\\\/944d10c10395648f2cc983a051d3fe5d78761ea984ca1c1eb5c80b294b5ad65b?s=96&d=mm&r=g\",\"url\":\"https:\\\/\\\/secure.gravatar.com\\\/avatar\\\/944d10c10395648f2cc983a051d3fe5d78761ea984ca1c1eb5c80b294b5ad65b?s=96&d=mm&r=g\",\"contentUrl\":\"https:\\\/\\\/secure.gravatar.com\\\/avatar\\\/944d10c10395648f2cc983a051d3fe5d78761ea984ca1c1eb5c80b294b5ad65b?s=96&d=mm&r=g\",\"caption\":\"Ahmed Bounfour\"},\"sameAs\":[\"https:\\\/\\\/www.chairedelimmateriel.universite-paris-saclay.fr\"]}]}<\/script>\n<!-- \/ Yoast SEO plugin. -->","yoast_head_json":{"title":"IC7 The World Conference on Intellectual Capital for Communities, Seventh Edition, May 26 & 27, 2011 - Chaire Europ\u00e9enne de l\u2019Immat\u00e9riel","robots":{"index":"index","follow":"follow","max-snippet":"max-snippet:-1","max-image-preview":"max-image-preview:large","max-video-preview":"max-video-preview:-1"},"canonical":"https:\/\/www.chairedelimmateriel.universite-paris-saclay.fr\/en\/2011\/05\/26\/ic7-the-world-conference-on-intellectual-capital-for-communities-seventh-edition-may-26-27-2011\/","og_locale":"en_US","og_type":"article","og_title":"IC7 The World Conference on Intellectual Capital for Communities, Seventh Edition, May 26 & 27, 2011 - Chaire Europ\u00e9enne de l\u2019Immat\u00e9riel","og_description":"7eme \u00e9dition de la conf\u00e9rence Mondiale sur le Capital Immat\u00e9riel pour les Communaut\u00e9s, Banque Mondiale Paris, les 26 &amp; 27 mai 2011.Pour plus d&#8217;informations, veuillez t\u00e9l\u00e9charger le programme","og_url":"https:\/\/www.chairedelimmateriel.universite-paris-saclay.fr\/en\/2011\/05\/26\/ic7-the-world-conference-on-intellectual-capital-for-communities-seventh-edition-may-26-27-2011\/","og_site_name":"Chaire Europ\u00e9enne de l\u2019Immat\u00e9riel","article_published_time":"2011-05-25T23:10:00+00:00","article_modified_time":"2017-02-07T14:24:10+00:00","author":"Ahmed Bounfour","twitter_card":"summary_large_image","twitter_misc":{"Written by":"Ahmed Bounfour"},"schema":{"@context":"https:\/\/schema.org","@graph":[{"@type":"Article","@id":"https:\/\/www.chairedelimmateriel.universite-paris-saclay.fr\/en\/2011\/05\/26\/ic7-the-world-conference-on-intellectual-capital-for-communities-seventh-edition-may-26-27-2011\/#article","isPartOf":{"@id":"https:\/\/www.chairedelimmateriel.universite-paris-saclay.fr\/en\/2011\/05\/26\/ic7-the-world-conference-on-intellectual-capital-for-communities-seventh-edition-may-26-27-2011\/"},"author":{"name":"Ahmed Bounfour","@id":"https:\/\/www.chairedelimmateriel.universite-paris-saclay.fr\/#\/schema\/person\/99fad4cfaf4bf6a8c5d1970bd79888f4"},"headline":"IC7 The World Conference on Intellectual Capital for Communities, Seventh Edition, May 26 &#038; 27, 2011","datePublished":"2011-05-25T23:10:00+00:00","dateModified":"2017-02-07T14:24:10+00:00","mainEntityOfPage":{"@id":"https:\/\/www.chairedelimmateriel.universite-paris-saclay.fr\/en\/2011\/05\/26\/ic7-the-world-conference-on-intellectual-capital-for-communities-seventh-edition-may-26-27-2011\/"},"wordCount":47,"articleSection":["Conf\u00e9rence mondiale","Ev\u00e9nements","News"],"inLanguage":"en-US"},{"@type":"WebPage","@id":"https:\/\/www.chairedelimmateriel.universite-paris-saclay.fr\/en\/2011\/05\/26\/ic7-the-world-conference-on-intellectual-capital-for-communities-seventh-edition-may-26-27-2011\/","url":"https:\/\/www.chairedelimmateriel.universite-paris-saclay.fr\/en\/2011\/05\/26\/ic7-the-world-conference-on-intellectual-capital-for-communities-seventh-edition-may-26-27-2011\/","name":"IC7 The World Conference on Intellectual Capital for Communities, Seventh Edition, May 26 & 27, 2011 - Chaire Europ\u00e9enne de l\u2019Immat\u00e9riel","isPartOf":{"@id":"https:\/\/www.chairedelimmateriel.universite-paris-saclay.fr\/#website"},"datePublished":"2011-05-25T23:10:00+00:00","dateModified":"2017-02-07T14:24:10+00:00","author":{"@id":"https:\/\/www.chairedelimmateriel.universite-paris-saclay.fr\/#\/schema\/person\/99fad4cfaf4bf6a8c5d1970bd79888f4"},"breadcrumb":{"@id":"https:\/\/www.chairedelimmateriel.universite-paris-saclay.fr\/en\/2011\/05\/26\/ic7-the-world-conference-on-intellectual-capital-for-communities-seventh-edition-may-26-27-2011\/#breadcrumb"},"inLanguage":"en-US","potentialAction":[{"@type":"ReadAction","target":["https:\/\/www.chairedelimmateriel.universite-paris-saclay.fr\/en\/2011\/05\/26\/ic7-the-world-conference-on-intellectual-capital-for-communities-seventh-edition-may-26-27-2011\/"]}]},{"@type":"BreadcrumbList","@id":"https:\/\/www.chairedelimmateriel.universite-paris-saclay.fr\/en\/2011\/05\/26\/ic7-the-world-conference-on-intellectual-capital-for-communities-seventh-edition-may-26-27-2011\/#breadcrumb","itemListElement":[{"@type":"ListItem","position":1,"name":"Home","item":"https:\/\/www.chairedelimmateriel.universite-paris-saclay.fr\/en\/"},{"@type":"ListItem","position":2,"name":"IC7 The World Conference on Intellectual Capital for Communities, Seventh Edition, May 26 &#038; 27, 2011"}]},{"@type":"WebSite","@id":"https:\/\/www.chairedelimmateriel.universite-paris-saclay.fr\/#website","url":"https:\/\/www.chairedelimmateriel.universite-paris-saclay.fr\/","name":"Chaire Europ\u00e9enne de l\u2019Immat\u00e9riel","description":"","potentialAction":[{"@type":"SearchAction","target":{"@type":"EntryPoint","urlTemplate":"https:\/\/www.chairedelimmateriel.universite-paris-saclay.fr\/?s={search_term_string}"},"query-input":{"@type":"PropertyValueSpecification","valueRequired":true,"valueName":"search_term_string"}}],"inLanguage":"en-US"},{"@type":"Person","@id":"https:\/\/www.chairedelimmateriel.universite-paris-saclay.fr\/#\/schema\/person\/99fad4cfaf4bf6a8c5d1970bd79888f4","name":"Ahmed Bounfour","image":{"@type":"ImageObject","inLanguage":"en-US","@id":"https:\/\/secure.gravatar.com\/avatar\/944d10c10395648f2cc983a051d3fe5d78761ea984ca1c1eb5c80b294b5ad65b?s=96&d=mm&r=g","url":"https:\/\/secure.gravatar.com\/avatar\/944d10c10395648f2cc983a051d3fe5d78761ea984ca1c1eb5c80b294b5ad65b?s=96&d=mm&r=g","contentUrl":"https:\/\/secure.gravatar.com\/avatar\/944d10c10395648f2cc983a051d3fe5d78761ea984ca1c1eb5c80b294b5ad65b?s=96&d=mm&r=g","caption":"Ahmed Bounfour"},"sameAs":["https:\/\/www.chairedelimmateriel.universite-paris-saclay.fr"]}]}},"_links":{"self":[{"href":"https:\/\/www.chairedelimmateriel.universite-paris-saclay.fr\/en\/wp-json\/wp\/v2\/posts\/283","targetHints":{"allow":["GET"]}}],"collection":[{"href":"https:\/\/www.chairedelimmateriel.universite-paris-saclay.fr\/en\/wp-json\/wp\/v2\/posts"}],"about":[{"href":"https:\/\/www.chairedelimmateriel.universite-paris-saclay.fr\/en\/wp-json\/wp\/v2\/types\/post"}],"author":[{"embeddable":true,"href":"https:\/\/www.chairedelimmateriel.universite-paris-saclay.fr\/en\/wp-json\/wp\/v2\/users\/2"}],"replies":[{"embeddable":true,"href":"https:\/\/www.chairedelimmateriel.universite-paris-saclay.fr\/en\/wp-json\/wp\/v2\/comments?post=283"}],"version-history":[{"count":3,"href":"https:\/\/www.chairedelimmateriel.universite-paris-saclay.fr\/en\/wp-json\/wp\/v2\/posts\/283\/revisions"}],"predecessor-version":[{"id":2141,"href":"https:\/\/www.chairedelimmateriel.universite-paris-saclay.fr\/en\/wp-json\/wp\/v2\/posts\/283\/revisions\/2141"}],"wp:attachment":[{"href":"https:\/\/www.chairedelimmateriel.universite-paris-saclay.fr\/en\/wp-json\/wp\/v2\/media?parent=283"}],"wp:term":[{"taxonomy":"category","embeddable":true,"href":"https:\/\/www.chairedelimmateriel.universite-paris-saclay.fr\/en\/wp-json\/wp\/v2\/categories?post=283"},{"taxonomy":"post_tag","embeddable":true,"href":"https:\/\/www.chairedelimmateriel.universite-paris-saclay.fr\/en\/wp-json\/wp\/v2\/tags?post=283"}],"curies":[{"name":"wp","href":"https:\/\/api.w.org\/{rel}","templated":true}]}}