{"id":2812,"date":"2019-04-03T11:44:16","date_gmt":"2019-04-03T09:44:16","guid":{"rendered":"https:\/\/www.chairedelimmateriel.universite-paris-saclay.fr\/?p=2812\/"},"modified":"2019-04-03T11:44:16","modified_gmt":"2019-04-03T09:44:16","slug":"signature-de-la-convention-de-mecenat-entre-luniversite-paris-sud-et-la-fnbp","status":"publish","type":"post","link":"https:\/\/www.chairedelimmateriel.universite-paris-saclay.fr\/en\/2019\/04\/03\/signature-de-la-convention-de-mecenat-entre-luniversite-paris-sud-et-la-fnbp\/","title":{"rendered":"Signature de la convention de m\u00e9c\u00e9nat entre l\u2019Universit\u00e9 Paris-Sud et la FNBP"},"content":{"rendered":"<p><img loading=\"lazy\" decoding=\"async\" class=\" wp-image-2799 alignleft\" src=\"https:\/\/www.chairedelimmateriel.universite-paris-saclay.fr\/wp-content\/uploads\/2016\/12\/ChairImmateriel.event_010419-24-of-27.modif_-e1554280582259-413x300.jpg\" alt=\"\" width=\"296\" height=\"214\" srcset=\"https:\/\/www.chairedelimmateriel.universite-paris-saclay.fr\/wp-content\/uploads\/2016\/12\/ChairImmateriel.event_010419-24-of-27.modif_-e1554280582259-413x300.jpg 413w, https:\/\/www.chairedelimmateriel.universite-paris-saclay.fr\/wp-content\/uploads\/2016\/12\/ChairImmateriel.event_010419-24-of-27.modif_-e1554280582259-220x160.jpg 220w, https:\/\/www.chairedelimmateriel.universite-paris-saclay.fr\/wp-content\/uploads\/2016\/12\/ChairImmateriel.event_010419-24-of-27.modif_-e1554280582259-768x558.jpg 768w, https:\/\/www.chairedelimmateriel.universite-paris-saclay.fr\/wp-content\/uploads\/2016\/12\/ChairImmateriel.event_010419-24-of-27.modif_-e1554280582259-1024x744.jpg 1024w, https:\/\/www.chairedelimmateriel.universite-paris-saclay.fr\/wp-content\/uploads\/2016\/12\/ChairImmateriel.event_010419-24-of-27.modif_-e1554280582259-300x218.jpg 300w\" sizes=\"auto, (max-width: 296px) 100vw, 296px\" \/><\/p>\n<p><img loading=\"lazy\" decoding=\"async\" class=\"alignright wp-image-2813\" src=\"https:\/\/www.chairedelimmateriel.universite-paris-saclay.fr\/wp-content\/uploads\/2019\/04\/ChairImmateriel.event_010419-19-of-27-318x300.jpg\" alt=\"\" width=\"238\" height=\"224\" \/><\/p>\n<p>Apr\u00e8s pr\u00e8s de 11 ans d\u2019existence, La chaire europ\u00e9enne de l\u2019immat\u00e9riel entame une nouvelle \u00e9tape\u00a0 de son d\u00e9veloppement, avec la signature d\u2019un nouveau partenariat, avec la F\u00e9d\u00e9ration Nationale des Banques Populaires, le 1<sup>er<\/sup> avril 2019, \u00e0 la pr\u00e9sidence de l\u2019Universit\u00e9 Paris-Sud, Universit\u00e9 Paris-Saclay.<\/p>\n\n\n\n<div class=\"shariff\" data-title=\"Signature de la convention de m\u00e9c\u00e9nat entre l\u2019Universit\u00e9 Paris-Sud et la FNBP\" data-info-url=\"\" data-backend-url=\"https:\/\/www.chairedelimmateriel.universite-paris-saclay.fr\/wp-content\/plugins\/shariff-sharing\/backend\/index.php\" data-temp=\"\/tmp\" data-ttl=\"60\" data-service=\"tl\" data-services='[\"facebook\",\"twitter\",\"linkedin\"]' data-image=\"https:\/\/www.chairedelimmateriel.universite-paris-saclay.fr\/wp-content\/uploads\/2016\/12\/ChairImmateriel.event_010419-24-of-27.modif_-e1554280582259-413x300.jpg\" data-url=\"https:\/\/www.chairedelimmateriel.universite-paris-saclay.fr\/en\/2019\/04\/03\/signature-de-la-convention-de-mecenat-entre-luniversite-paris-sud-et-la-fnbp\/\" data-lang=\"en\" data-theme=\"color\" data-orientation=\"horizontal\"><\/div>","protected":false},"excerpt":{"rendered":"<p>Apr\u00e8s pr\u00e8s de 11 ans d\u2019existence, La chaire europ\u00e9enne de l\u2019immat\u00e9riel entame une nouvelle \u00e9tape\u00a0 de son d\u00e9veloppement, avec la signature d\u2019un nouveau partenariat, avec la F\u00e9d\u00e9ration Nationale des Banques Populaires, le 1er avril 2019, \u00e0 la pr\u00e9sidence de l\u2019Universit\u00e9&nbsp;<small>(&#8230;)<\/small><\/p>\n","protected":false},"author":3,"featured_media":0,"comment_status":"closed","ping_status":"closed","sticky":false,"template":"","format":"standard","meta":{"_monsterinsights_skip_tracking":false,"footnotes":""},"categories":[1],"tags":[],"class_list":["post-2812","post","type-post","status-publish","format-standard","hentry","category-actualites"],"yoast_head":"<!-- This site is optimized with the Yoast SEO plugin v28.4 - https:\/\/yoast.com\/product\/yoast-seo-wordpress\/ -->\n<title>Signature de la convention de m\u00e9c\u00e9nat entre l\u2019Universit\u00e9 Paris-Sud et la FNBP - Chaire Europ\u00e9enne de l\u2019Immat\u00e9riel<\/title>\n<meta name=\"robots\" content=\"index, follow, max-snippet:-1, max-image-preview:large, max-video-preview:-1\" \/>\n<link rel=\"canonical\" href=\"https:\/\/www.chairedelimmateriel.universite-paris-saclay.fr\/2019\/04\/03\/signature-de-la-convention-de-mecenat-entre-luniversite-paris-sud-et-la-fnbp\/\" \/>\n<meta property=\"og:locale\" content=\"en_US\" \/>\n<meta property=\"og:type\" content=\"article\" \/>\n<meta property=\"og:title\" content=\"Signature de la convention de m\u00e9c\u00e9nat entre l\u2019Universit\u00e9 Paris-Sud et la FNBP - Chaire Europ\u00e9enne de l\u2019Immat\u00e9riel\" \/>\n<meta property=\"og:description\" content=\"Apr\u00e8s pr\u00e8s de 11 ans d\u2019existence, La chaire europ\u00e9enne de l\u2019immat\u00e9riel entame une nouvelle \u00e9tape\u00a0 de son d\u00e9veloppement, avec la signature d\u2019un nouveau partenariat, avec la F\u00e9d\u00e9ration Nationale des Banques Populaires, le 1er avril 2019, \u00e0 la pr\u00e9sidence de l\u2019Universit\u00e9&nbsp;(...)\" \/>\n<meta property=\"og:url\" content=\"https:\/\/www.chairedelimmateriel.universite-paris-saclay.fr\/2019\/04\/03\/signature-de-la-convention-de-mecenat-entre-luniversite-paris-sud-et-la-fnbp\/\" \/>\n<meta property=\"og:site_name\" content=\"Chaire Europ\u00e9enne de l\u2019Immat\u00e9riel\" \/>\n<meta property=\"article:published_time\" content=\"2019-04-03T09:44:16+00:00\" \/>\n<meta property=\"og:image\" content=\"https:\/\/www.chairedelimmateriel.universite-paris-saclay.fr\/wp-content\/uploads\/2016\/12\/ChairImmateriel.event_010419-24-of-27.modif_-e1554280582259-413x300.jpg\" \/>\n<meta name=\"author\" content=\"Kreiling Laura\" \/>\n<meta name=\"twitter:card\" content=\"summary_large_image\" \/>\n<meta name=\"twitter:label1\" content=\"Written by\" \/>\n\t<meta name=\"twitter:data1\" content=\"Kreiling Laura\" \/>\n<script type=\"application\/ld+json\" class=\"yoast-schema-graph\">{\"@context\":\"https:\\\/\\\/schema.org\",\"@graph\":[{\"@type\":\"Article\",\"@id\":\"https:\\\/\\\/www.chairedelimmateriel.universite-paris-saclay.fr\\\/2019\\\/04\\\/03\\\/signature-de-la-convention-de-mecenat-entre-luniversite-paris-sud-et-la-fnbp\\\/#article\",\"isPartOf\":{\"@id\":\"https:\\\/\\\/www.chairedelimmateriel.universite-paris-saclay.fr\\\/2019\\\/04\\\/03\\\/signature-de-la-convention-de-mecenat-entre-luniversite-paris-sud-et-la-fnbp\\\/\"},\"author\":{\"name\":\"Kreiling Laura\",\"@id\":\"https:\\\/\\\/www.chairedelimmateriel.universite-paris-saclay.fr\\\/#\\\/schema\\\/person\\\/ffacb5936f64abc8adaaa7e81662aa51\"},\"headline\":\"Signature de la convention de m\u00e9c\u00e9nat entre l\u2019Universit\u00e9 Paris-Sud et la FNBP\",\"datePublished\":\"2019-04-03T09:44:16+00:00\",\"mainEntityOfPage\":{\"@id\":\"https:\\\/\\\/www.chairedelimmateriel.universite-paris-saclay.fr\\\/2019\\\/04\\\/03\\\/signature-de-la-convention-de-mecenat-entre-luniversite-paris-sud-et-la-fnbp\\\/\"},\"wordCount\":70,\"image\":{\"@id\":\"https:\\\/\\\/www.chairedelimmateriel.universite-paris-saclay.fr\\\/2019\\\/04\\\/03\\\/signature-de-la-convention-de-mecenat-entre-luniversite-paris-sud-et-la-fnbp\\\/#primaryimage\"},\"thumbnailUrl\":\"https:\\\/\\\/www.chairedelimmateriel.universite-paris-saclay.fr\\\/wp-content\\\/uploads\\\/2016\\\/12\\\/ChairImmateriel.event_010419-24-of-27.modif_-e1554280582259-413x300.jpg\",\"articleSection\":[\"Actualit\u00e9s\"],\"inLanguage\":\"en-US\"},{\"@type\":\"WebPage\",\"@id\":\"https:\\\/\\\/www.chairedelimmateriel.universite-paris-saclay.fr\\\/2019\\\/04\\\/03\\\/signature-de-la-convention-de-mecenat-entre-luniversite-paris-sud-et-la-fnbp\\\/\",\"url\":\"https:\\\/\\\/www.chairedelimmateriel.universite-paris-saclay.fr\\\/2019\\\/04\\\/03\\\/signature-de-la-convention-de-mecenat-entre-luniversite-paris-sud-et-la-fnbp\\\/\",\"name\":\"Signature de la convention de m\u00e9c\u00e9nat entre l\u2019Universit\u00e9 Paris-Sud et la FNBP - Chaire Europ\u00e9enne de l\u2019Immat\u00e9riel\",\"isPartOf\":{\"@id\":\"https:\\\/\\\/www.chairedelimmateriel.universite-paris-saclay.fr\\\/#website\"},\"primaryImageOfPage\":{\"@id\":\"https:\\\/\\\/www.chairedelimmateriel.universite-paris-saclay.fr\\\/2019\\\/04\\\/03\\\/signature-de-la-convention-de-mecenat-entre-luniversite-paris-sud-et-la-fnbp\\\/#primaryimage\"},\"image\":{\"@id\":\"https:\\\/\\\/www.chairedelimmateriel.universite-paris-saclay.fr\\\/2019\\\/04\\\/03\\\/signature-de-la-convention-de-mecenat-entre-luniversite-paris-sud-et-la-fnbp\\\/#primaryimage\"},\"thumbnailUrl\":\"https:\\\/\\\/www.chairedelimmateriel.universite-paris-saclay.fr\\\/wp-content\\\/uploads\\\/2016\\\/12\\\/ChairImmateriel.event_010419-24-of-27.modif_-e1554280582259-413x300.jpg\",\"datePublished\":\"2019-04-03T09:44:16+00:00\",\"author\":{\"@id\":\"https:\\\/\\\/www.chairedelimmateriel.universite-paris-saclay.fr\\\/#\\\/schema\\\/person\\\/ffacb5936f64abc8adaaa7e81662aa51\"},\"breadcrumb\":{\"@id\":\"https:\\\/\\\/www.chairedelimmateriel.universite-paris-saclay.fr\\\/2019\\\/04\\\/03\\\/signature-de-la-convention-de-mecenat-entre-luniversite-paris-sud-et-la-fnbp\\\/#breadcrumb\"},\"inLanguage\":\"en-US\",\"potentialAction\":[{\"@type\":\"ReadAction\",\"target\":[\"https:\\\/\\\/www.chairedelimmateriel.universite-paris-saclay.fr\\\/2019\\\/04\\\/03\\\/signature-de-la-convention-de-mecenat-entre-luniversite-paris-sud-et-la-fnbp\\\/\"]}]},{\"@type\":\"ImageObject\",\"inLanguage\":\"en-US\",\"@id\":\"https:\\\/\\\/www.chairedelimmateriel.universite-paris-saclay.fr\\\/2019\\\/04\\\/03\\\/signature-de-la-convention-de-mecenat-entre-luniversite-paris-sud-et-la-fnbp\\\/#primaryimage\",\"url\":\"https:\\\/\\\/www.chairedelimmateriel.universite-paris-saclay.fr\\\/wp-content\\\/uploads\\\/2016\\\/12\\\/ChairImmateriel.event_010419-24-of-27.modif_-e1554280582259-413x300.jpg\",\"contentUrl\":\"https:\\\/\\\/www.chairedelimmateriel.universite-paris-saclay.fr\\\/wp-content\\\/uploads\\\/2016\\\/12\\\/ChairImmateriel.event_010419-24-of-27.modif_-e1554280582259-413x300.jpg\"},{\"@type\":\"BreadcrumbList\",\"@id\":\"https:\\\/\\\/www.chairedelimmateriel.universite-paris-saclay.fr\\\/2019\\\/04\\\/03\\\/signature-de-la-convention-de-mecenat-entre-luniversite-paris-sud-et-la-fnbp\\\/#breadcrumb\",\"itemListElement\":[{\"@type\":\"ListItem\",\"position\":1,\"name\":\"Home\",\"item\":\"https:\\\/\\\/www.chairedelimmateriel.universite-paris-saclay.fr\\\/en\\\/\"},{\"@type\":\"ListItem\",\"position\":2,\"name\":\"Signature de la convention de m\u00e9c\u00e9nat entre l\u2019Universit\u00e9 Paris-Sud et la FNBP\"}]},{\"@type\":\"WebSite\",\"@id\":\"https:\\\/\\\/www.chairedelimmateriel.universite-paris-saclay.fr\\\/#website\",\"url\":\"https:\\\/\\\/www.chairedelimmateriel.universite-paris-saclay.fr\\\/\",\"name\":\"Chaire Europ\u00e9enne de l\u2019Immat\u00e9riel\",\"description\":\"\",\"potentialAction\":[{\"@type\":\"SearchAction\",\"target\":{\"@type\":\"EntryPoint\",\"urlTemplate\":\"https:\\\/\\\/www.chairedelimmateriel.universite-paris-saclay.fr\\\/?s={search_term_string}\"},\"query-input\":{\"@type\":\"PropertyValueSpecification\",\"valueRequired\":true,\"valueName\":\"search_term_string\"}}],\"inLanguage\":\"en-US\"},{\"@type\":\"Person\",\"@id\":\"https:\\\/\\\/www.chairedelimmateriel.universite-paris-saclay.fr\\\/#\\\/schema\\\/person\\\/ffacb5936f64abc8adaaa7e81662aa51\",\"name\":\"Kreiling Laura\",\"image\":{\"@type\":\"ImageObject\",\"inLanguage\":\"en-US\",\"@id\":\"https:\\\/\\\/secure.gravatar.com\\\/avatar\\\/15602beaf7c7c4cecbce7fdcd7ede47d550db5ff16e5a1615ef796947e415d3c?s=96&d=mm&r=g\",\"url\":\"https:\\\/\\\/secure.gravatar.com\\\/avatar\\\/15602beaf7c7c4cecbce7fdcd7ede47d550db5ff16e5a1615ef796947e415d3c?s=96&d=mm&r=g\",\"contentUrl\":\"https:\\\/\\\/secure.gravatar.com\\\/avatar\\\/15602beaf7c7c4cecbce7fdcd7ede47d550db5ff16e5a1615ef796947e415d3c?s=96&d=mm&r=g\",\"caption\":\"Kreiling Laura\"}}]}<\/script>\n<!-- \/ Yoast SEO plugin. -->","yoast_head_json":{"title":"Signature de la convention de m\u00e9c\u00e9nat entre l\u2019Universit\u00e9 Paris-Sud et la FNBP - Chaire Europ\u00e9enne de l\u2019Immat\u00e9riel","robots":{"index":"index","follow":"follow","max-snippet":"max-snippet:-1","max-image-preview":"max-image-preview:large","max-video-preview":"max-video-preview:-1"},"canonical":"https:\/\/www.chairedelimmateriel.universite-paris-saclay.fr\/2019\/04\/03\/signature-de-la-convention-de-mecenat-entre-luniversite-paris-sud-et-la-fnbp\/","og_locale":"en_US","og_type":"article","og_title":"Signature de la convention de m\u00e9c\u00e9nat entre l\u2019Universit\u00e9 Paris-Sud et la FNBP - Chaire Europ\u00e9enne de l\u2019Immat\u00e9riel","og_description":"Apr\u00e8s pr\u00e8s de 11 ans d\u2019existence, La chaire europ\u00e9enne de l\u2019immat\u00e9riel entame une nouvelle \u00e9tape\u00a0 de son d\u00e9veloppement, avec la signature d\u2019un nouveau partenariat, avec la F\u00e9d\u00e9ration Nationale des Banques Populaires, le 1er avril 2019, \u00e0 la pr\u00e9sidence de l\u2019Universit\u00e9&nbsp;(...)","og_url":"https:\/\/www.chairedelimmateriel.universite-paris-saclay.fr\/2019\/04\/03\/signature-de-la-convention-de-mecenat-entre-luniversite-paris-sud-et-la-fnbp\/","og_site_name":"Chaire Europ\u00e9enne de l\u2019Immat\u00e9riel","article_published_time":"2019-04-03T09:44:16+00:00","og_image":[{"url":"https:\/\/www.chairedelimmateriel.universite-paris-saclay.fr\/wp-content\/uploads\/2016\/12\/ChairImmateriel.event_010419-24-of-27.modif_-e1554280582259-413x300.jpg","type":"","width":"","height":""}],"author":"Kreiling Laura","twitter_card":"summary_large_image","twitter_misc":{"Written by":"Kreiling Laura"},"schema":{"@context":"https:\/\/schema.org","@graph":[{"@type":"Article","@id":"https:\/\/www.chairedelimmateriel.universite-paris-saclay.fr\/2019\/04\/03\/signature-de-la-convention-de-mecenat-entre-luniversite-paris-sud-et-la-fnbp\/#article","isPartOf":{"@id":"https:\/\/www.chairedelimmateriel.universite-paris-saclay.fr\/2019\/04\/03\/signature-de-la-convention-de-mecenat-entre-luniversite-paris-sud-et-la-fnbp\/"},"author":{"name":"Kreiling Laura","@id":"https:\/\/www.chairedelimmateriel.universite-paris-saclay.fr\/#\/schema\/person\/ffacb5936f64abc8adaaa7e81662aa51"},"headline":"Signature de la convention de m\u00e9c\u00e9nat entre l\u2019Universit\u00e9 Paris-Sud et la FNBP","datePublished":"2019-04-03T09:44:16+00:00","mainEntityOfPage":{"@id":"https:\/\/www.chairedelimmateriel.universite-paris-saclay.fr\/2019\/04\/03\/signature-de-la-convention-de-mecenat-entre-luniversite-paris-sud-et-la-fnbp\/"},"wordCount":70,"image":{"@id":"https:\/\/www.chairedelimmateriel.universite-paris-saclay.fr\/2019\/04\/03\/signature-de-la-convention-de-mecenat-entre-luniversite-paris-sud-et-la-fnbp\/#primaryimage"},"thumbnailUrl":"https:\/\/www.chairedelimmateriel.universite-paris-saclay.fr\/wp-content\/uploads\/2016\/12\/ChairImmateriel.event_010419-24-of-27.modif_-e1554280582259-413x300.jpg","articleSection":["Actualit\u00e9s"],"inLanguage":"en-US"},{"@type":"WebPage","@id":"https:\/\/www.chairedelimmateriel.universite-paris-saclay.fr\/2019\/04\/03\/signature-de-la-convention-de-mecenat-entre-luniversite-paris-sud-et-la-fnbp\/","url":"https:\/\/www.chairedelimmateriel.universite-paris-saclay.fr\/2019\/04\/03\/signature-de-la-convention-de-mecenat-entre-luniversite-paris-sud-et-la-fnbp\/","name":"Signature de la convention de m\u00e9c\u00e9nat entre l\u2019Universit\u00e9 Paris-Sud et la FNBP - Chaire Europ\u00e9enne de l\u2019Immat\u00e9riel","isPartOf":{"@id":"https:\/\/www.chairedelimmateriel.universite-paris-saclay.fr\/#website"},"primaryImageOfPage":{"@id":"https:\/\/www.chairedelimmateriel.universite-paris-saclay.fr\/2019\/04\/03\/signature-de-la-convention-de-mecenat-entre-luniversite-paris-sud-et-la-fnbp\/#primaryimage"},"image":{"@id":"https:\/\/www.chairedelimmateriel.universite-paris-saclay.fr\/2019\/04\/03\/signature-de-la-convention-de-mecenat-entre-luniversite-paris-sud-et-la-fnbp\/#primaryimage"},"thumbnailUrl":"https:\/\/www.chairedelimmateriel.universite-paris-saclay.fr\/wp-content\/uploads\/2016\/12\/ChairImmateriel.event_010419-24-of-27.modif_-e1554280582259-413x300.jpg","datePublished":"2019-04-03T09:44:16+00:00","author":{"@id":"https:\/\/www.chairedelimmateriel.universite-paris-saclay.fr\/#\/schema\/person\/ffacb5936f64abc8adaaa7e81662aa51"},"breadcrumb":{"@id":"https:\/\/www.chairedelimmateriel.universite-paris-saclay.fr\/2019\/04\/03\/signature-de-la-convention-de-mecenat-entre-luniversite-paris-sud-et-la-fnbp\/#breadcrumb"},"inLanguage":"en-US","potentialAction":[{"@type":"ReadAction","target":["https:\/\/www.chairedelimmateriel.universite-paris-saclay.fr\/2019\/04\/03\/signature-de-la-convention-de-mecenat-entre-luniversite-paris-sud-et-la-fnbp\/"]}]},{"@type":"ImageObject","inLanguage":"en-US","@id":"https:\/\/www.chairedelimmateriel.universite-paris-saclay.fr\/2019\/04\/03\/signature-de-la-convention-de-mecenat-entre-luniversite-paris-sud-et-la-fnbp\/#primaryimage","url":"https:\/\/www.chairedelimmateriel.universite-paris-saclay.fr\/wp-content\/uploads\/2016\/12\/ChairImmateriel.event_010419-24-of-27.modif_-e1554280582259-413x300.jpg","contentUrl":"https:\/\/www.chairedelimmateriel.universite-paris-saclay.fr\/wp-content\/uploads\/2016\/12\/ChairImmateriel.event_010419-24-of-27.modif_-e1554280582259-413x300.jpg"},{"@type":"BreadcrumbList","@id":"https:\/\/www.chairedelimmateriel.universite-paris-saclay.fr\/2019\/04\/03\/signature-de-la-convention-de-mecenat-entre-luniversite-paris-sud-et-la-fnbp\/#breadcrumb","itemListElement":[{"@type":"ListItem","position":1,"name":"Home","item":"https:\/\/www.chairedelimmateriel.universite-paris-saclay.fr\/en\/"},{"@type":"ListItem","position":2,"name":"Signature de la convention de m\u00e9c\u00e9nat entre l\u2019Universit\u00e9 Paris-Sud et la FNBP"}]},{"@type":"WebSite","@id":"https:\/\/www.chairedelimmateriel.universite-paris-saclay.fr\/#website","url":"https:\/\/www.chairedelimmateriel.universite-paris-saclay.fr\/","name":"Chaire Europ\u00e9enne de l\u2019Immat\u00e9riel","description":"","potentialAction":[{"@type":"SearchAction","target":{"@type":"EntryPoint","urlTemplate":"https:\/\/www.chairedelimmateriel.universite-paris-saclay.fr\/?s={search_term_string}"},"query-input":{"@type":"PropertyValueSpecification","valueRequired":true,"valueName":"search_term_string"}}],"inLanguage":"en-US"},{"@type":"Person","@id":"https:\/\/www.chairedelimmateriel.universite-paris-saclay.fr\/#\/schema\/person\/ffacb5936f64abc8adaaa7e81662aa51","name":"Kreiling Laura","image":{"@type":"ImageObject","inLanguage":"en-US","@id":"https:\/\/secure.gravatar.com\/avatar\/15602beaf7c7c4cecbce7fdcd7ede47d550db5ff16e5a1615ef796947e415d3c?s=96&d=mm&r=g","url":"https:\/\/secure.gravatar.com\/avatar\/15602beaf7c7c4cecbce7fdcd7ede47d550db5ff16e5a1615ef796947e415d3c?s=96&d=mm&r=g","contentUrl":"https:\/\/secure.gravatar.com\/avatar\/15602beaf7c7c4cecbce7fdcd7ede47d550db5ff16e5a1615ef796947e415d3c?s=96&d=mm&r=g","caption":"Kreiling Laura"}}]}},"_links":{"self":[{"href":"https:\/\/www.chairedelimmateriel.universite-paris-saclay.fr\/en\/wp-json\/wp\/v2\/posts\/2812","targetHints":{"allow":["GET"]}}],"collection":[{"href":"https:\/\/www.chairedelimmateriel.universite-paris-saclay.fr\/en\/wp-json\/wp\/v2\/posts"}],"about":[{"href":"https:\/\/www.chairedelimmateriel.universite-paris-saclay.fr\/en\/wp-json\/wp\/v2\/types\/post"}],"author":[{"embeddable":true,"href":"https:\/\/www.chairedelimmateriel.universite-paris-saclay.fr\/en\/wp-json\/wp\/v2\/users\/3"}],"replies":[{"embeddable":true,"href":"https:\/\/www.chairedelimmateriel.universite-paris-saclay.fr\/en\/wp-json\/wp\/v2\/comments?post=2812"}],"version-history":[{"count":4,"href":"https:\/\/www.chairedelimmateriel.universite-paris-saclay.fr\/en\/wp-json\/wp\/v2\/posts\/2812\/revisions"}],"predecessor-version":[{"id":2818,"href":"https:\/\/www.chairedelimmateriel.universite-paris-saclay.fr\/en\/wp-json\/wp\/v2\/posts\/2812\/revisions\/2818"}],"wp:attachment":[{"href":"https:\/\/www.chairedelimmateriel.universite-paris-saclay.fr\/en\/wp-json\/wp\/v2\/media?parent=2812"}],"wp:term":[{"taxonomy":"category","embeddable":true,"href":"https:\/\/www.chairedelimmateriel.universite-paris-saclay.fr\/en\/wp-json\/wp\/v2\/categories?post=2812"},{"taxonomy":"post_tag","embeddable":true,"href":"https:\/\/www.chairedelimmateriel.universite-paris-saclay.fr\/en\/wp-json\/wp\/v2\/tags?post=2812"}],"curies":[{"name":"wp","href":"https:\/\/api.w.org\/{rel}","templated":true}]}}