{"id":279,"date":"2011-05-04T00:55:00","date_gmt":"2011-05-04T00:55:00","guid":{"rendered":"https:\/\/www.chairedelimmateriel.universite-paris-saclay.fr\/2011\/05\/04\/international-workshop-on-creative-cities-creative-classes-issues-and-practices-may-6th-2011\/"},"modified":"2017-02-07T15:24:12","modified_gmt":"2017-02-07T14:24:12","slug":"international-workshop-on-creative-cities-creative-classes-issues-and-practices-may-6th-2011","status":"publish","type":"post","link":"https:\/\/www.chairedelimmateriel.universite-paris-saclay.fr\/en\/2011\/05\/04\/international-workshop-on-creative-cities-creative-classes-issues-and-practices-may-6th-2011\/","title":{"rendered":"International Workshop on &#8220;Creative cities, Creative Classes: Issues and practices&#8221;, May 6<sup>th<\/sup>&nbsp;2011"},"content":{"rendered":"<p>Atelier international sur <strong>&#8220;Villes cr\u00e9atives, Classes cr\u00e9atives, Probl\u00e8mes et pratiques&#8221;<\/strong> le 6 mai 2011.<\/p>\n<p>Pour plus d&#8217;informations&nbsp;:<\/p>\n<p><a class=\"btn\" href=\"https:\/\/www.chairedelimmateriel.universite-paris-saclay.fr\/wp-content\/uploads\/2011\/05\/Villes-cr\u00e9atives-Classes-cr\u00e9atives-workshop-Ok.pdf\">T\u00e9l\u00e9charger le programme<\/a><\/p>\n<p>T\u00e9l\u00e9charger les pr\u00e9sentations des participants ci-dessous.<\/p>\n<h2>Session 1<\/h2>\n<h3>Cr\u00e9ativit\u00e9 et territoires\/Approaching creativity in territories<\/h3>\n<ul>\n<li><a href=\"https:\/\/www.chairedelimmateriel.universite-paris-saclay.fr\/wp-content\/uploads\/2011\/06\/Peter-M-creativity_paris_2011.pdf\">Milieux of creativity, Peter MEUSBURGER, University of Heidelberg<\/a><\/li>\n<li><a href=\"https:\/\/www.chairedelimmateriel.universite-paris-saclay.fr\/wp-content\/uploads\/2011\/06\/Torre-Cr\u00e9ativit\u00e9-et-innovation.pdf\">Innovation, creativity and space, Andr\u00e9 TORRE, AgroParisTech, French National Institute for Agricultural Research (INRA)<\/a><\/li>\n<li><a href=\"https:\/\/www.chairedelimmateriel.universite-paris-saclay.fr\/wp-content\/uploads\/2011\/06\/Nordic-City-Regions-in-the-creative-class-debate_Paris_06052010.pdf\">Nordic city regions in the creative class debate, Hogni Kalso Hanse, Lund University<\/a><\/li>\n<li><a href=\"https:\/\/www.chairedelimmateriel.universite-paris-saclay.fr\/wp-content\/uploads\/2011\/06\/BOURDEAU-2011-Workshop-LBL_InEnglish-final.pdf\">Creativity and metropolization, Lise BOURDEAU-LEPAGE, Universit\u00e9 Paris-Sud<\/a><\/li>\n<\/ul>\n<h2>Session 2<\/h2>\n<h3>Les conditions d\u2019\u00e9mergence d\u2019une ville cr\u00e9ative\/Investigating the conditions of creative city emergence<\/h3>\n<ul>\n<li><a href=\"https:\/\/www.chairedelimmateriel.universite-paris-saclay.fr\/wp-content\/uploads\/2011\/06\/POLESE-Paris-Arts-05-11.pdf\">Creativity in the Canadian cities. An analysis between 1971 and 2006, Mario POL\u00c8SE, INRS, Centre Urbanisation culture et soci\u00e9t\u00e9<\/a><\/li>\n<li><a href=\"https:\/\/www.chairedelimmateriel.universite-paris-saclay.fr\/wp-content\/uploads\/2011\/06\/EDVINSSON-Innovative-cities-Paris-May-2011.pdf\">Creativity and cities development, Leif Edvinsson, Lund University<\/a><\/li>\n<li><a href=\"https:\/\/www.chairedelimmateriel.universite-paris-saclay.fr\/wp-content\/uploads\/2011\/06\/Knowledge-territory-concept.pdf\">Creative cities and the \u201cknowledge territory\u201d concept, Ahmed BOUNFOUR, Universit\u00e9 Paris-Sud<\/a><\/li>\n<\/ul>\n<h2>Session 3<\/h2>\n<h3>\u00c9valuer les villes cr\u00e9atives\/Measuring and assessing creative cities<\/h3>\n<ul>\n<li>The territorial dynamics of innovation: the case of China and India, Riccardo CRESCENZI, London School of Economics<\/li>\n<li><a href=\"https:\/\/www.chairedelimmateriel.universite-paris-saclay.fr\/wp-content\/uploads\/2011\/06\/Mori_20110506_Paris-SUD-1.pdf\">How to rank creative cities? The MORI experience, Takayuki KUBO, Mori Memorial Foundation, Tokyo<\/a><\/li>\n<li><a href=\"https:\/\/www.chairedelimmateriel.universite-paris-saclay.fr\/wp-content\/uploads\/2011\/06\/COSTA-Com-paris-sud-CC-CC-may11.pdf\">A comparative approach on creative cities in Europe, Pedro COSTA, ISTCE, Lisbon<\/a><br \/>\n<a href=\"https:\/\/www.chairedelimmateriel.universite-paris-saclay.fr\/wp-content\/uploads\/2011\/06\/CreativeCities-ECICM_FINAL.pdf\">Defining an IC-index to compare creative cities, Ahmed BOUNFOUR, Andr\u00e9s Barreneche, Universit\u00e9 Paris-Sud<\/a><\/li>\n<\/ul>\n<h2>Session 4<\/h2>\n<h3>Table ronde\/Panel discussion<\/h3>\n<ul>\n<li>Leif EDVINSSON, Lund University<\/li>\n<li><a href=\"https:\/\/www.chairedelimmateriel.universite-paris-saclay.fr\/wp-content\/uploads\/2011\/06\/Mori_20110506_Paris-SUD-2.pdf\">Takayuki KUBO, Mori Memorial Foundation<\/a><\/li>\n<li>Peter MEUSBURGER, University of Heidelberg<\/li>\n<\/ul>\n<div class=\"shariff\" data-title=\"International Workshop on &#8220;Creative cities, Creative Classes: Issues and practices&#8221;, May 6<sup>th&nbsp;2011\" data-info-url=\"\" data-backend-url=\"https:\/\/www.chairedelimmateriel.universite-paris-saclay.fr\/wp-content\/plugins\/shariff-sharing\/backend\/index.php\" data-temp=\"\/tmp\" data-ttl=\"60\" data-service=\"tl\" data-services='[\"facebook\",\"twitter\",\"linkedin\"]' data-image=\"\" data-url=\"https:\/\/www.chairedelimmateriel.universite-paris-saclay.fr\/en\/2011\/05\/04\/international-workshop-on-creative-cities-creative-classes-issues-and-practices-may-6th-2011\/\" data-lang=\"en\" data-theme=\"color\" data-orientation=\"horizontal\"><\/div>","protected":false},"excerpt":{"rendered":"<p>Atelier international sur &#8220;Villes cr\u00e9atives, Classes cr\u00e9atives, Probl\u00e8mes et pratiques&#8221; le 6 mai 2011. Pour plus d&#8217;informations&nbsp;: T\u00e9l\u00e9charger le programme T\u00e9l\u00e9charger les pr\u00e9sentations des participants ci-dessous. Session 1 Cr\u00e9ativit\u00e9 et territoires\/Approaching creativity in territories Milieux of creativity, Peter MEUSBURGER, University&nbsp;<small>(&#8230;)<\/small><\/p>\n","protected":false},"author":2,"featured_media":0,"comment_status":"closed","ping_status":"closed","sticky":false,"template":"","format":"standard","meta":{"_monsterinsights_skip_tracking":false,"footnotes":""},"categories":[4],"tags":[],"class_list":["post-279","post","type-post","status-publish","format-standard","hentry","category-news"],"yoast_head":"<!-- This site is optimized with the Yoast SEO plugin v28.4 - https:\/\/yoast.com\/product\/yoast-seo-wordpress\/ -->\n<title>International Workshop on &quot;Creative cities, Creative Classes: Issues and practices&quot;, May 6th 2011 - Chaire Europ\u00e9enne de l\u2019Immat\u00e9riel<\/title>\n<meta name=\"robots\" content=\"index, follow, max-snippet:-1, max-image-preview:large, max-video-preview:-1\" \/>\n<link rel=\"canonical\" href=\"https:\/\/www.chairedelimmateriel.universite-paris-saclay.fr\/en\/2011\/05\/04\/international-workshop-on-creative-cities-creative-classes-issues-and-practices-may-6th-2011\/\" \/>\n<meta property=\"og:locale\" content=\"en_US\" \/>\n<meta property=\"og:type\" content=\"article\" \/>\n<meta property=\"og:title\" content=\"International Workshop on &quot;Creative cities, Creative Classes: Issues and practices&quot;, May 6th 2011 - Chaire Europ\u00e9enne de l\u2019Immat\u00e9riel\" \/>\n<meta property=\"og:description\" content=\"Atelier international sur &#8220;Villes cr\u00e9atives, Classes cr\u00e9atives, Probl\u00e8mes et pratiques&#8221; le 6 mai 2011. Pour plus d&#8217;informations&nbsp;: T\u00e9l\u00e9charger le programme T\u00e9l\u00e9charger les pr\u00e9sentations des participants ci-dessous. Session 1 Cr\u00e9ativit\u00e9 et territoires\/Approaching creativity in territories Milieux of creativity, Peter MEUSBURGER, University&nbsp;(...)\" \/>\n<meta property=\"og:url\" content=\"https:\/\/www.chairedelimmateriel.universite-paris-saclay.fr\/en\/2011\/05\/04\/international-workshop-on-creative-cities-creative-classes-issues-and-practices-may-6th-2011\/\" \/>\n<meta property=\"og:site_name\" content=\"Chaire Europ\u00e9enne de l\u2019Immat\u00e9riel\" \/>\n<meta property=\"article:published_time\" content=\"2011-05-04T00:55:00+00:00\" \/>\n<meta property=\"article:modified_time\" content=\"2017-02-07T14:24:12+00:00\" \/>\n<meta name=\"author\" content=\"Ahmed Bounfour\" \/>\n<meta name=\"twitter:card\" content=\"summary_large_image\" \/>\n<meta name=\"twitter:label1\" content=\"Written by\" \/>\n\t<meta name=\"twitter:data1\" content=\"Ahmed Bounfour\" \/>\n\t<meta name=\"twitter:label2\" content=\"Est. reading time\" \/>\n\t<meta name=\"twitter:data2\" content=\"1 minute\" \/>\n<script type=\"application\/ld+json\" class=\"yoast-schema-graph\">{\"@context\":\"https:\\\/\\\/schema.org\",\"@graph\":[{\"@type\":\"Article\",\"@id\":\"https:\\\/\\\/www.chairedelimmateriel.universite-paris-saclay.fr\\\/en\\\/2011\\\/05\\\/04\\\/international-workshop-on-creative-cities-creative-classes-issues-and-practices-may-6th-2011\\\/#article\",\"isPartOf\":{\"@id\":\"https:\\\/\\\/www.chairedelimmateriel.universite-paris-saclay.fr\\\/en\\\/2011\\\/05\\\/04\\\/international-workshop-on-creative-cities-creative-classes-issues-and-practices-may-6th-2011\\\/\"},\"author\":{\"name\":\"Ahmed Bounfour\",\"@id\":\"https:\\\/\\\/www.chairedelimmateriel.universite-paris-saclay.fr\\\/#\\\/schema\\\/person\\\/99fad4cfaf4bf6a8c5d1970bd79888f4\"},\"headline\":\"International Workshop on &#8220;Creative cities, Creative Classes: Issues and practices&#8221;, May 6th&nbsp;2011\",\"datePublished\":\"2011-05-04T00:55:00+00:00\",\"dateModified\":\"2017-02-07T14:24:12+00:00\",\"mainEntityOfPage\":{\"@id\":\"https:\\\/\\\/www.chairedelimmateriel.universite-paris-saclay.fr\\\/en\\\/2011\\\/05\\\/04\\\/international-workshop-on-creative-cities-creative-classes-issues-and-practices-may-6th-2011\\\/\"},\"wordCount\":238,\"articleSection\":[\"News\"],\"inLanguage\":\"en-US\"},{\"@type\":\"WebPage\",\"@id\":\"https:\\\/\\\/www.chairedelimmateriel.universite-paris-saclay.fr\\\/en\\\/2011\\\/05\\\/04\\\/international-workshop-on-creative-cities-creative-classes-issues-and-practices-may-6th-2011\\\/\",\"url\":\"https:\\\/\\\/www.chairedelimmateriel.universite-paris-saclay.fr\\\/en\\\/2011\\\/05\\\/04\\\/international-workshop-on-creative-cities-creative-classes-issues-and-practices-may-6th-2011\\\/\",\"name\":\"International Workshop on \\\"Creative cities, Creative Classes: Issues and practices\\\", May 6th 2011 - Chaire Europ\u00e9enne de l\u2019Immat\u00e9riel\",\"isPartOf\":{\"@id\":\"https:\\\/\\\/www.chairedelimmateriel.universite-paris-saclay.fr\\\/#website\"},\"datePublished\":\"2011-05-04T00:55:00+00:00\",\"dateModified\":\"2017-02-07T14:24:12+00:00\",\"author\":{\"@id\":\"https:\\\/\\\/www.chairedelimmateriel.universite-paris-saclay.fr\\\/#\\\/schema\\\/person\\\/99fad4cfaf4bf6a8c5d1970bd79888f4\"},\"breadcrumb\":{\"@id\":\"https:\\\/\\\/www.chairedelimmateriel.universite-paris-saclay.fr\\\/en\\\/2011\\\/05\\\/04\\\/international-workshop-on-creative-cities-creative-classes-issues-and-practices-may-6th-2011\\\/#breadcrumb\"},\"inLanguage\":\"en-US\",\"potentialAction\":[{\"@type\":\"ReadAction\",\"target\":[\"https:\\\/\\\/www.chairedelimmateriel.universite-paris-saclay.fr\\\/en\\\/2011\\\/05\\\/04\\\/international-workshop-on-creative-cities-creative-classes-issues-and-practices-may-6th-2011\\\/\"]}]},{\"@type\":\"BreadcrumbList\",\"@id\":\"https:\\\/\\\/www.chairedelimmateriel.universite-paris-saclay.fr\\\/en\\\/2011\\\/05\\\/04\\\/international-workshop-on-creative-cities-creative-classes-issues-and-practices-may-6th-2011\\\/#breadcrumb\",\"itemListElement\":[{\"@type\":\"ListItem\",\"position\":1,\"name\":\"Home\",\"item\":\"https:\\\/\\\/www.chairedelimmateriel.universite-paris-saclay.fr\\\/en\\\/\"},{\"@type\":\"ListItem\",\"position\":2,\"name\":\"International Workshop on &#8220;Creative cities, Creative Classes: Issues and practices&#8221;, May 6th&nbsp;2011\"}]},{\"@type\":\"WebSite\",\"@id\":\"https:\\\/\\\/www.chairedelimmateriel.universite-paris-saclay.fr\\\/#website\",\"url\":\"https:\\\/\\\/www.chairedelimmateriel.universite-paris-saclay.fr\\\/\",\"name\":\"Chaire Europ\u00e9enne de l\u2019Immat\u00e9riel\",\"description\":\"\",\"potentialAction\":[{\"@type\":\"SearchAction\",\"target\":{\"@type\":\"EntryPoint\",\"urlTemplate\":\"https:\\\/\\\/www.chairedelimmateriel.universite-paris-saclay.fr\\\/?s={search_term_string}\"},\"query-input\":{\"@type\":\"PropertyValueSpecification\",\"valueRequired\":true,\"valueName\":\"search_term_string\"}}],\"inLanguage\":\"en-US\"},{\"@type\":\"Person\",\"@id\":\"https:\\\/\\\/www.chairedelimmateriel.universite-paris-saclay.fr\\\/#\\\/schema\\\/person\\\/99fad4cfaf4bf6a8c5d1970bd79888f4\",\"name\":\"Ahmed Bounfour\",\"image\":{\"@type\":\"ImageObject\",\"inLanguage\":\"en-US\",\"@id\":\"https:\\\/\\\/secure.gravatar.com\\\/avatar\\\/944d10c10395648f2cc983a051d3fe5d78761ea984ca1c1eb5c80b294b5ad65b?s=96&d=mm&r=g\",\"url\":\"https:\\\/\\\/secure.gravatar.com\\\/avatar\\\/944d10c10395648f2cc983a051d3fe5d78761ea984ca1c1eb5c80b294b5ad65b?s=96&d=mm&r=g\",\"contentUrl\":\"https:\\\/\\\/secure.gravatar.com\\\/avatar\\\/944d10c10395648f2cc983a051d3fe5d78761ea984ca1c1eb5c80b294b5ad65b?s=96&d=mm&r=g\",\"caption\":\"Ahmed Bounfour\"},\"sameAs\":[\"https:\\\/\\\/www.chairedelimmateriel.universite-paris-saclay.fr\"]}]}<\/script>\n<!-- \/ Yoast SEO plugin. -->","yoast_head_json":{"title":"International Workshop on \"Creative cities, Creative Classes: Issues and practices\", May 6th 2011 - Chaire Europ\u00e9enne de l\u2019Immat\u00e9riel","robots":{"index":"index","follow":"follow","max-snippet":"max-snippet:-1","max-image-preview":"max-image-preview:large","max-video-preview":"max-video-preview:-1"},"canonical":"https:\/\/www.chairedelimmateriel.universite-paris-saclay.fr\/en\/2011\/05\/04\/international-workshop-on-creative-cities-creative-classes-issues-and-practices-may-6th-2011\/","og_locale":"en_US","og_type":"article","og_title":"International Workshop on \"Creative cities, Creative Classes: Issues and practices\", May 6th 2011 - Chaire Europ\u00e9enne de l\u2019Immat\u00e9riel","og_description":"Atelier international sur &#8220;Villes cr\u00e9atives, Classes cr\u00e9atives, Probl\u00e8mes et pratiques&#8221; le 6 mai 2011. Pour plus d&#8217;informations&nbsp;: T\u00e9l\u00e9charger le programme T\u00e9l\u00e9charger les pr\u00e9sentations des participants ci-dessous. Session 1 Cr\u00e9ativit\u00e9 et territoires\/Approaching creativity in territories Milieux of creativity, Peter MEUSBURGER, University&nbsp;(...)","og_url":"https:\/\/www.chairedelimmateriel.universite-paris-saclay.fr\/en\/2011\/05\/04\/international-workshop-on-creative-cities-creative-classes-issues-and-practices-may-6th-2011\/","og_site_name":"Chaire Europ\u00e9enne de l\u2019Immat\u00e9riel","article_published_time":"2011-05-04T00:55:00+00:00","article_modified_time":"2017-02-07T14:24:12+00:00","author":"Ahmed Bounfour","twitter_card":"summary_large_image","twitter_misc":{"Written by":"Ahmed Bounfour","Est. reading time":"1 minute"},"schema":{"@context":"https:\/\/schema.org","@graph":[{"@type":"Article","@id":"https:\/\/www.chairedelimmateriel.universite-paris-saclay.fr\/en\/2011\/05\/04\/international-workshop-on-creative-cities-creative-classes-issues-and-practices-may-6th-2011\/#article","isPartOf":{"@id":"https:\/\/www.chairedelimmateriel.universite-paris-saclay.fr\/en\/2011\/05\/04\/international-workshop-on-creative-cities-creative-classes-issues-and-practices-may-6th-2011\/"},"author":{"name":"Ahmed Bounfour","@id":"https:\/\/www.chairedelimmateriel.universite-paris-saclay.fr\/#\/schema\/person\/99fad4cfaf4bf6a8c5d1970bd79888f4"},"headline":"International Workshop on &#8220;Creative cities, Creative Classes: Issues and practices&#8221;, May 6th&nbsp;2011","datePublished":"2011-05-04T00:55:00+00:00","dateModified":"2017-02-07T14:24:12+00:00","mainEntityOfPage":{"@id":"https:\/\/www.chairedelimmateriel.universite-paris-saclay.fr\/en\/2011\/05\/04\/international-workshop-on-creative-cities-creative-classes-issues-and-practices-may-6th-2011\/"},"wordCount":238,"articleSection":["News"],"inLanguage":"en-US"},{"@type":"WebPage","@id":"https:\/\/www.chairedelimmateriel.universite-paris-saclay.fr\/en\/2011\/05\/04\/international-workshop-on-creative-cities-creative-classes-issues-and-practices-may-6th-2011\/","url":"https:\/\/www.chairedelimmateriel.universite-paris-saclay.fr\/en\/2011\/05\/04\/international-workshop-on-creative-cities-creative-classes-issues-and-practices-may-6th-2011\/","name":"International Workshop on \"Creative cities, Creative Classes: Issues and practices\", May 6th 2011 - Chaire Europ\u00e9enne de l\u2019Immat\u00e9riel","isPartOf":{"@id":"https:\/\/www.chairedelimmateriel.universite-paris-saclay.fr\/#website"},"datePublished":"2011-05-04T00:55:00+00:00","dateModified":"2017-02-07T14:24:12+00:00","author":{"@id":"https:\/\/www.chairedelimmateriel.universite-paris-saclay.fr\/#\/schema\/person\/99fad4cfaf4bf6a8c5d1970bd79888f4"},"breadcrumb":{"@id":"https:\/\/www.chairedelimmateriel.universite-paris-saclay.fr\/en\/2011\/05\/04\/international-workshop-on-creative-cities-creative-classes-issues-and-practices-may-6th-2011\/#breadcrumb"},"inLanguage":"en-US","potentialAction":[{"@type":"ReadAction","target":["https:\/\/www.chairedelimmateriel.universite-paris-saclay.fr\/en\/2011\/05\/04\/international-workshop-on-creative-cities-creative-classes-issues-and-practices-may-6th-2011\/"]}]},{"@type":"BreadcrumbList","@id":"https:\/\/www.chairedelimmateriel.universite-paris-saclay.fr\/en\/2011\/05\/04\/international-workshop-on-creative-cities-creative-classes-issues-and-practices-may-6th-2011\/#breadcrumb","itemListElement":[{"@type":"ListItem","position":1,"name":"Home","item":"https:\/\/www.chairedelimmateriel.universite-paris-saclay.fr\/en\/"},{"@type":"ListItem","position":2,"name":"International Workshop on &#8220;Creative cities, Creative Classes: Issues and practices&#8221;, May 6th&nbsp;2011"}]},{"@type":"WebSite","@id":"https:\/\/www.chairedelimmateriel.universite-paris-saclay.fr\/#website","url":"https:\/\/www.chairedelimmateriel.universite-paris-saclay.fr\/","name":"Chaire Europ\u00e9enne de l\u2019Immat\u00e9riel","description":"","potentialAction":[{"@type":"SearchAction","target":{"@type":"EntryPoint","urlTemplate":"https:\/\/www.chairedelimmateriel.universite-paris-saclay.fr\/?s={search_term_string}"},"query-input":{"@type":"PropertyValueSpecification","valueRequired":true,"valueName":"search_term_string"}}],"inLanguage":"en-US"},{"@type":"Person","@id":"https:\/\/www.chairedelimmateriel.universite-paris-saclay.fr\/#\/schema\/person\/99fad4cfaf4bf6a8c5d1970bd79888f4","name":"Ahmed Bounfour","image":{"@type":"ImageObject","inLanguage":"en-US","@id":"https:\/\/secure.gravatar.com\/avatar\/944d10c10395648f2cc983a051d3fe5d78761ea984ca1c1eb5c80b294b5ad65b?s=96&d=mm&r=g","url":"https:\/\/secure.gravatar.com\/avatar\/944d10c10395648f2cc983a051d3fe5d78761ea984ca1c1eb5c80b294b5ad65b?s=96&d=mm&r=g","contentUrl":"https:\/\/secure.gravatar.com\/avatar\/944d10c10395648f2cc983a051d3fe5d78761ea984ca1c1eb5c80b294b5ad65b?s=96&d=mm&r=g","caption":"Ahmed Bounfour"},"sameAs":["https:\/\/www.chairedelimmateriel.universite-paris-saclay.fr"]}]}},"_links":{"self":[{"href":"https:\/\/www.chairedelimmateriel.universite-paris-saclay.fr\/en\/wp-json\/wp\/v2\/posts\/279","targetHints":{"allow":["GET"]}}],"collection":[{"href":"https:\/\/www.chairedelimmateriel.universite-paris-saclay.fr\/en\/wp-json\/wp\/v2\/posts"}],"about":[{"href":"https:\/\/www.chairedelimmateriel.universite-paris-saclay.fr\/en\/wp-json\/wp\/v2\/types\/post"}],"author":[{"embeddable":true,"href":"https:\/\/www.chairedelimmateriel.universite-paris-saclay.fr\/en\/wp-json\/wp\/v2\/users\/2"}],"replies":[{"embeddable":true,"href":"https:\/\/www.chairedelimmateriel.universite-paris-saclay.fr\/en\/wp-json\/wp\/v2\/comments?post=279"}],"version-history":[{"count":3,"href":"https:\/\/www.chairedelimmateriel.universite-paris-saclay.fr\/en\/wp-json\/wp\/v2\/posts\/279\/revisions"}],"predecessor-version":[{"id":2145,"href":"https:\/\/www.chairedelimmateriel.universite-paris-saclay.fr\/en\/wp-json\/wp\/v2\/posts\/279\/revisions\/2145"}],"wp:attachment":[{"href":"https:\/\/www.chairedelimmateriel.universite-paris-saclay.fr\/en\/wp-json\/wp\/v2\/media?parent=279"}],"wp:term":[{"taxonomy":"category","embeddable":true,"href":"https:\/\/www.chairedelimmateriel.universite-paris-saclay.fr\/en\/wp-json\/wp\/v2\/categories?post=279"},{"taxonomy":"post_tag","embeddable":true,"href":"https:\/\/www.chairedelimmateriel.universite-paris-saclay.fr\/en\/wp-json\/wp\/v2\/tags?post=279"}],"curies":[{"name":"wp","href":"https:\/\/api.w.org\/{rel}","templated":true}]}}