{"id":277,"date":"2010-10-31T18:27:00","date_gmt":"2010-10-31T18:27:00","guid":{"rendered":"https:\/\/www.chairedelimmateriel.universite-paris-saclay.fr\/2010\/10\/31\/conference-du-professeur-j-c-spender-agentic-theory-of-the-firm-18-octobre-2010\/"},"modified":"2017-02-07T15:24:12","modified_gmt":"2017-02-07T14:24:12","slug":"conference-professeur-jc-spender-agentic-theory-of-the-firm-18-octobre-2010","status":"publish","type":"post","link":"https:\/\/www.chairedelimmateriel.universite-paris-saclay.fr\/en\/2010\/10\/31\/conference-professeur-jc-spender-agentic-theory-of-the-firm-18-octobre-2010\/","title":{"rendered":"Conf\u00e9rence du Professeur J.-C. Spender, Agentic Theory of the Firm, 18 Octobre 2010"},"content":{"rendered":"<p><img loading=\"lazy\" decoding=\"async\" class=\"alignright size-medium wp-image-276\" src=\"https:\/\/www.chairedelimmateriel.universite-paris-saclay.fr\/wp-content\/uploads\/2010\/10\/IMG00463-20101018-1153 (2)-400x300.jpg\" alt=\"\" width=\"400\" height=\"300\" srcset=\"https:\/\/www.chairedelimmateriel.universite-paris-saclay.fr\/wp-content\/uploads\/2010\/10\/IMG00463-20101018-1153%20(2)-400x300.jpg 400w, https:\/\/www.chairedelimmateriel.universite-paris-saclay.fr\/wp-content\/uploads\/2010\/10\/IMG00463-20101018-1153%20(2)-220x165.jpg 220w, https:\/\/www.chairedelimmateriel.universite-paris-saclay.fr\/wp-content\/uploads\/2010\/10\/IMG00463-20101018-1153%20(2)-768x576.jpg 768w, https:\/\/www.chairedelimmateriel.universite-paris-saclay.fr\/wp-content\/uploads\/2010\/10\/IMG00463-20101018-1153%20(2)-300x225.jpg 300w, https:\/\/www.chairedelimmateriel.universite-paris-saclay.fr\/wp-content\/uploads\/2010\/10\/IMG00463-20101018-1153%20(2).jpg 1020w\" sizes=\"auto, (max-width: 400px) 100vw, 400px\" \/>T\u00e9l\u00e9charger les pr\u00e9sentations&nbsp;:<\/p>\n<ul>\n<li><a href=\"https:\/\/www.chairedelimmateriel.universite-paris-saclay.fr\/wp-content\/uploads\/2010\/10\/JC-spender-slides-.pdf\">Agentic Theory of the Firm, J.-C. Spender, Lund University<\/a><\/li>\n<li><a href=\"https:\/\/www.chairedelimmateriel.universite-paris-saclay.fr\/wp-content\/uploads\/2010\/10\/OUP-Intro-Ch-6-7.pdf\">Document Introduction<\/a><\/li>\n<li><a href=\"https:\/\/www.chairedelimmateriel.universite-paris-saclay.fr\/wp-content\/uploads\/2010\/10\/OUP-Spender-Ch-7-proof.pdf\">Chapitre 7 Human capital and Agency Theory, J.-C. Speder, Lund University<\/a><\/li>\n<\/ul>\n<div class=\"shariff\" data-title=\"Conf\u00e9rence du Professeur J.-C. Spender, Agentic Theory of the Firm, 18 Octobre 2010\" data-info-url=\"\" data-backend-url=\"https:\/\/www.chairedelimmateriel.universite-paris-saclay.fr\/wp-content\/plugins\/shariff-sharing\/backend\/index.php\" data-temp=\"\/tmp\" data-ttl=\"60\" data-service=\"tl\" data-services='[\"facebook\",\"twitter\",\"linkedin\"]' data-image=\"https:\/\/www.chairedelimmateriel.universite-paris-saclay.fr\/wp-content\/uploads\/2010\/10\/IMG00463-20101018-1153 (2)-400x300.jpg\" data-url=\"https:\/\/www.chairedelimmateriel.universite-paris-saclay.fr\/en\/2010\/10\/31\/conference-professeur-jc-spender-agentic-theory-of-the-firm-18-octobre-2010\/\" data-lang=\"en\" data-theme=\"color\" data-orientation=\"horizontal\"><\/div>","protected":false},"excerpt":{"rendered":"<p>T\u00e9l\u00e9charger les pr\u00e9sentations&nbsp;: Agentic Theory of the Firm, J.-C. Spender, Lund University Document Introduction Chapitre 7 Human capital and Agency Theory, J.-C. Speder, Lund University<\/p>\n","protected":false},"author":2,"featured_media":1438,"comment_status":"closed","ping_status":"closed","sticky":false,"template":"","format":"standard","meta":{"_monsterinsights_skip_tracking":false,"footnotes":""},"categories":[4],"tags":[],"class_list":["post-277","post","type-post","status-publish","format-standard","has-post-thumbnail","hentry","category-news"],"yoast_head":"<!-- This site is optimized with the Yoast SEO plugin v28.4 - https:\/\/yoast.com\/product\/yoast-seo-wordpress\/ -->\n<title>Conf\u00e9rence du Professeur J.-C. Spender, Agentic Theory of the Firm, 18 Octobre 2010 - Chaire Europ\u00e9enne de l\u2019Immat\u00e9riel<\/title>\n<meta name=\"robots\" content=\"index, follow, max-snippet:-1, max-image-preview:large, max-video-preview:-1\" \/>\n<link rel=\"canonical\" href=\"https:\/\/www.chairedelimmateriel.universite-paris-saclay.fr\/en\/2010\/10\/31\/conference-professeur-jc-spender-agentic-theory-of-the-firm-18-octobre-2010\/\" \/>\n<meta property=\"og:locale\" content=\"en_US\" \/>\n<meta property=\"og:type\" content=\"article\" \/>\n<meta property=\"og:title\" content=\"Conf\u00e9rence du Professeur J.-C. Spender, Agentic Theory of the Firm, 18 Octobre 2010 - Chaire Europ\u00e9enne de l\u2019Immat\u00e9riel\" \/>\n<meta property=\"og:description\" content=\"T\u00e9l\u00e9charger les pr\u00e9sentations&nbsp;: Agentic Theory of the Firm, J.-C. Spender, Lund University Document Introduction Chapitre 7 Human capital and Agency Theory, J.-C. Speder, Lund University\" \/>\n<meta property=\"og:url\" content=\"https:\/\/www.chairedelimmateriel.universite-paris-saclay.fr\/en\/2010\/10\/31\/conference-professeur-jc-spender-agentic-theory-of-the-firm-18-octobre-2010\/\" \/>\n<meta property=\"og:site_name\" content=\"Chaire Europ\u00e9enne de l\u2019Immat\u00e9riel\" \/>\n<meta property=\"article:published_time\" content=\"2010-10-31T18:27:00+00:00\" \/>\n<meta property=\"article:modified_time\" content=\"2017-02-07T14:24:12+00:00\" \/>\n<meta property=\"og:image\" content=\"https:\/\/www.chairedelimmateriel.universite-paris-saclay.fr\/wp-content\/uploads\/2010\/10\/IMG00463-20101018-1153%20(2).jpg\" \/>\n\t<meta property=\"og:image:width\" content=\"1020\" \/>\n\t<meta property=\"og:image:height\" content=\"765\" \/>\n\t<meta property=\"og:image:type\" content=\"image\/jpeg\" \/>\n<meta name=\"author\" content=\"Ahmed Bounfour\" \/>\n<meta name=\"twitter:card\" content=\"summary_large_image\" \/>\n<meta name=\"twitter:label1\" content=\"Written by\" \/>\n\t<meta name=\"twitter:data1\" content=\"Ahmed Bounfour\" \/>\n<script type=\"application\/ld+json\" class=\"yoast-schema-graph\">{\"@context\":\"https:\\\/\\\/schema.org\",\"@graph\":[{\"@type\":\"Article\",\"@id\":\"https:\\\/\\\/www.chairedelimmateriel.universite-paris-saclay.fr\\\/en\\\/2010\\\/10\\\/31\\\/conference-professeur-jc-spender-agentic-theory-of-the-firm-18-octobre-2010\\\/#article\",\"isPartOf\":{\"@id\":\"https:\\\/\\\/www.chairedelimmateriel.universite-paris-saclay.fr\\\/en\\\/2010\\\/10\\\/31\\\/conference-professeur-jc-spender-agentic-theory-of-the-firm-18-octobre-2010\\\/\"},\"author\":{\"name\":\"Ahmed Bounfour\",\"@id\":\"https:\\\/\\\/www.chairedelimmateriel.universite-paris-saclay.fr\\\/#\\\/schema\\\/person\\\/99fad4cfaf4bf6a8c5d1970bd79888f4\"},\"headline\":\"Conf\u00e9rence du Professeur J.-C. Spender, Agentic Theory of the Firm, 18 Octobre 2010\",\"datePublished\":\"2010-10-31T18:27:00+00:00\",\"dateModified\":\"2017-02-07T14:24:12+00:00\",\"mainEntityOfPage\":{\"@id\":\"https:\\\/\\\/www.chairedelimmateriel.universite-paris-saclay.fr\\\/en\\\/2010\\\/10\\\/31\\\/conference-professeur-jc-spender-agentic-theory-of-the-firm-18-octobre-2010\\\/\"},\"wordCount\":42,\"image\":{\"@id\":\"https:\\\/\\\/www.chairedelimmateriel.universite-paris-saclay.fr\\\/en\\\/2010\\\/10\\\/31\\\/conference-professeur-jc-spender-agentic-theory-of-the-firm-18-octobre-2010\\\/#primaryimage\"},\"thumbnailUrl\":\"https:\\\/\\\/www.chairedelimmateriel.universite-paris-saclay.fr\\\/wp-content\\\/uploads\\\/2010\\\/10\\\/IMG00463-20101018-1153 (2).jpg\",\"articleSection\":[\"News\"],\"inLanguage\":\"en-US\"},{\"@type\":\"WebPage\",\"@id\":\"https:\\\/\\\/www.chairedelimmateriel.universite-paris-saclay.fr\\\/en\\\/2010\\\/10\\\/31\\\/conference-professeur-jc-spender-agentic-theory-of-the-firm-18-octobre-2010\\\/\",\"url\":\"https:\\\/\\\/www.chairedelimmateriel.universite-paris-saclay.fr\\\/en\\\/2010\\\/10\\\/31\\\/conference-professeur-jc-spender-agentic-theory-of-the-firm-18-octobre-2010\\\/\",\"name\":\"Conf\u00e9rence du Professeur J.-C. Spender, Agentic Theory of the Firm, 18 Octobre 2010 - Chaire Europ\u00e9enne de l\u2019Immat\u00e9riel\",\"isPartOf\":{\"@id\":\"https:\\\/\\\/www.chairedelimmateriel.universite-paris-saclay.fr\\\/#website\"},\"primaryImageOfPage\":{\"@id\":\"https:\\\/\\\/www.chairedelimmateriel.universite-paris-saclay.fr\\\/en\\\/2010\\\/10\\\/31\\\/conference-professeur-jc-spender-agentic-theory-of-the-firm-18-octobre-2010\\\/#primaryimage\"},\"image\":{\"@id\":\"https:\\\/\\\/www.chairedelimmateriel.universite-paris-saclay.fr\\\/en\\\/2010\\\/10\\\/31\\\/conference-professeur-jc-spender-agentic-theory-of-the-firm-18-octobre-2010\\\/#primaryimage\"},\"thumbnailUrl\":\"https:\\\/\\\/www.chairedelimmateriel.universite-paris-saclay.fr\\\/wp-content\\\/uploads\\\/2010\\\/10\\\/IMG00463-20101018-1153 (2).jpg\",\"datePublished\":\"2010-10-31T18:27:00+00:00\",\"dateModified\":\"2017-02-07T14:24:12+00:00\",\"author\":{\"@id\":\"https:\\\/\\\/www.chairedelimmateriel.universite-paris-saclay.fr\\\/#\\\/schema\\\/person\\\/99fad4cfaf4bf6a8c5d1970bd79888f4\"},\"breadcrumb\":{\"@id\":\"https:\\\/\\\/www.chairedelimmateriel.universite-paris-saclay.fr\\\/en\\\/2010\\\/10\\\/31\\\/conference-professeur-jc-spender-agentic-theory-of-the-firm-18-octobre-2010\\\/#breadcrumb\"},\"inLanguage\":\"en-US\",\"potentialAction\":[{\"@type\":\"ReadAction\",\"target\":[\"https:\\\/\\\/www.chairedelimmateriel.universite-paris-saclay.fr\\\/en\\\/2010\\\/10\\\/31\\\/conference-professeur-jc-spender-agentic-theory-of-the-firm-18-octobre-2010\\\/\"]}]},{\"@type\":\"ImageObject\",\"inLanguage\":\"en-US\",\"@id\":\"https:\\\/\\\/www.chairedelimmateriel.universite-paris-saclay.fr\\\/en\\\/2010\\\/10\\\/31\\\/conference-professeur-jc-spender-agentic-theory-of-the-firm-18-octobre-2010\\\/#primaryimage\",\"url\":\"https:\\\/\\\/www.chairedelimmateriel.universite-paris-saclay.fr\\\/wp-content\\\/uploads\\\/2010\\\/10\\\/IMG00463-20101018-1153 (2).jpg\",\"contentUrl\":\"https:\\\/\\\/www.chairedelimmateriel.universite-paris-saclay.fr\\\/wp-content\\\/uploads\\\/2010\\\/10\\\/IMG00463-20101018-1153 (2).jpg\",\"width\":1020,\"height\":765},{\"@type\":\"BreadcrumbList\",\"@id\":\"https:\\\/\\\/www.chairedelimmateriel.universite-paris-saclay.fr\\\/en\\\/2010\\\/10\\\/31\\\/conference-professeur-jc-spender-agentic-theory-of-the-firm-18-octobre-2010\\\/#breadcrumb\",\"itemListElement\":[{\"@type\":\"ListItem\",\"position\":1,\"name\":\"Home\",\"item\":\"https:\\\/\\\/www.chairedelimmateriel.universite-paris-saclay.fr\\\/en\\\/\"},{\"@type\":\"ListItem\",\"position\":2,\"name\":\"Conf\u00e9rence du Professeur J.-C. Spender, Agentic Theory of the Firm, 18 Octobre 2010\"}]},{\"@type\":\"WebSite\",\"@id\":\"https:\\\/\\\/www.chairedelimmateriel.universite-paris-saclay.fr\\\/#website\",\"url\":\"https:\\\/\\\/www.chairedelimmateriel.universite-paris-saclay.fr\\\/\",\"name\":\"Chaire Europ\u00e9enne de l\u2019Immat\u00e9riel\",\"description\":\"\",\"potentialAction\":[{\"@type\":\"SearchAction\",\"target\":{\"@type\":\"EntryPoint\",\"urlTemplate\":\"https:\\\/\\\/www.chairedelimmateriel.universite-paris-saclay.fr\\\/?s={search_term_string}\"},\"query-input\":{\"@type\":\"PropertyValueSpecification\",\"valueRequired\":true,\"valueName\":\"search_term_string\"}}],\"inLanguage\":\"en-US\"},{\"@type\":\"Person\",\"@id\":\"https:\\\/\\\/www.chairedelimmateriel.universite-paris-saclay.fr\\\/#\\\/schema\\\/person\\\/99fad4cfaf4bf6a8c5d1970bd79888f4\",\"name\":\"Ahmed Bounfour\",\"image\":{\"@type\":\"ImageObject\",\"inLanguage\":\"en-US\",\"@id\":\"https:\\\/\\\/secure.gravatar.com\\\/avatar\\\/944d10c10395648f2cc983a051d3fe5d78761ea984ca1c1eb5c80b294b5ad65b?s=96&d=mm&r=g\",\"url\":\"https:\\\/\\\/secure.gravatar.com\\\/avatar\\\/944d10c10395648f2cc983a051d3fe5d78761ea984ca1c1eb5c80b294b5ad65b?s=96&d=mm&r=g\",\"contentUrl\":\"https:\\\/\\\/secure.gravatar.com\\\/avatar\\\/944d10c10395648f2cc983a051d3fe5d78761ea984ca1c1eb5c80b294b5ad65b?s=96&d=mm&r=g\",\"caption\":\"Ahmed Bounfour\"},\"sameAs\":[\"https:\\\/\\\/www.chairedelimmateriel.universite-paris-saclay.fr\"]}]}<\/script>\n<!-- \/ Yoast SEO plugin. -->","yoast_head_json":{"title":"Conf\u00e9rence du Professeur J.-C. Spender, Agentic Theory of the Firm, 18 Octobre 2010 - Chaire Europ\u00e9enne de l\u2019Immat\u00e9riel","robots":{"index":"index","follow":"follow","max-snippet":"max-snippet:-1","max-image-preview":"max-image-preview:large","max-video-preview":"max-video-preview:-1"},"canonical":"https:\/\/www.chairedelimmateriel.universite-paris-saclay.fr\/en\/2010\/10\/31\/conference-professeur-jc-spender-agentic-theory-of-the-firm-18-octobre-2010\/","og_locale":"en_US","og_type":"article","og_title":"Conf\u00e9rence du Professeur J.-C. Spender, Agentic Theory of the Firm, 18 Octobre 2010 - Chaire Europ\u00e9enne de l\u2019Immat\u00e9riel","og_description":"T\u00e9l\u00e9charger les pr\u00e9sentations&nbsp;: Agentic Theory of the Firm, J.-C. Spender, Lund University Document Introduction Chapitre 7 Human capital and Agency Theory, J.-C. Speder, Lund University","og_url":"https:\/\/www.chairedelimmateriel.universite-paris-saclay.fr\/en\/2010\/10\/31\/conference-professeur-jc-spender-agentic-theory-of-the-firm-18-octobre-2010\/","og_site_name":"Chaire Europ\u00e9enne de l\u2019Immat\u00e9riel","article_published_time":"2010-10-31T18:27:00+00:00","article_modified_time":"2017-02-07T14:24:12+00:00","og_image":[{"width":1020,"height":765,"url":"https:\/\/www.chairedelimmateriel.universite-paris-saclay.fr\/wp-content\/uploads\/2010\/10\/IMG00463-20101018-1153 (2).jpg","type":"image\/jpeg"}],"author":"Ahmed Bounfour","twitter_card":"summary_large_image","twitter_misc":{"Written by":"Ahmed Bounfour"},"schema":{"@context":"https:\/\/schema.org","@graph":[{"@type":"Article","@id":"https:\/\/www.chairedelimmateriel.universite-paris-saclay.fr\/en\/2010\/10\/31\/conference-professeur-jc-spender-agentic-theory-of-the-firm-18-octobre-2010\/#article","isPartOf":{"@id":"https:\/\/www.chairedelimmateriel.universite-paris-saclay.fr\/en\/2010\/10\/31\/conference-professeur-jc-spender-agentic-theory-of-the-firm-18-octobre-2010\/"},"author":{"name":"Ahmed Bounfour","@id":"https:\/\/www.chairedelimmateriel.universite-paris-saclay.fr\/#\/schema\/person\/99fad4cfaf4bf6a8c5d1970bd79888f4"},"headline":"Conf\u00e9rence du Professeur J.-C. Spender, Agentic Theory of the Firm, 18 Octobre 2010","datePublished":"2010-10-31T18:27:00+00:00","dateModified":"2017-02-07T14:24:12+00:00","mainEntityOfPage":{"@id":"https:\/\/www.chairedelimmateriel.universite-paris-saclay.fr\/en\/2010\/10\/31\/conference-professeur-jc-spender-agentic-theory-of-the-firm-18-octobre-2010\/"},"wordCount":42,"image":{"@id":"https:\/\/www.chairedelimmateriel.universite-paris-saclay.fr\/en\/2010\/10\/31\/conference-professeur-jc-spender-agentic-theory-of-the-firm-18-octobre-2010\/#primaryimage"},"thumbnailUrl":"https:\/\/www.chairedelimmateriel.universite-paris-saclay.fr\/wp-content\/uploads\/2010\/10\/IMG00463-20101018-1153 (2).jpg","articleSection":["News"],"inLanguage":"en-US"},{"@type":"WebPage","@id":"https:\/\/www.chairedelimmateriel.universite-paris-saclay.fr\/en\/2010\/10\/31\/conference-professeur-jc-spender-agentic-theory-of-the-firm-18-octobre-2010\/","url":"https:\/\/www.chairedelimmateriel.universite-paris-saclay.fr\/en\/2010\/10\/31\/conference-professeur-jc-spender-agentic-theory-of-the-firm-18-octobre-2010\/","name":"Conf\u00e9rence du Professeur J.-C. Spender, Agentic Theory of the Firm, 18 Octobre 2010 - Chaire Europ\u00e9enne de l\u2019Immat\u00e9riel","isPartOf":{"@id":"https:\/\/www.chairedelimmateriel.universite-paris-saclay.fr\/#website"},"primaryImageOfPage":{"@id":"https:\/\/www.chairedelimmateriel.universite-paris-saclay.fr\/en\/2010\/10\/31\/conference-professeur-jc-spender-agentic-theory-of-the-firm-18-octobre-2010\/#primaryimage"},"image":{"@id":"https:\/\/www.chairedelimmateriel.universite-paris-saclay.fr\/en\/2010\/10\/31\/conference-professeur-jc-spender-agentic-theory-of-the-firm-18-octobre-2010\/#primaryimage"},"thumbnailUrl":"https:\/\/www.chairedelimmateriel.universite-paris-saclay.fr\/wp-content\/uploads\/2010\/10\/IMG00463-20101018-1153 (2).jpg","datePublished":"2010-10-31T18:27:00+00:00","dateModified":"2017-02-07T14:24:12+00:00","author":{"@id":"https:\/\/www.chairedelimmateriel.universite-paris-saclay.fr\/#\/schema\/person\/99fad4cfaf4bf6a8c5d1970bd79888f4"},"breadcrumb":{"@id":"https:\/\/www.chairedelimmateriel.universite-paris-saclay.fr\/en\/2010\/10\/31\/conference-professeur-jc-spender-agentic-theory-of-the-firm-18-octobre-2010\/#breadcrumb"},"inLanguage":"en-US","potentialAction":[{"@type":"ReadAction","target":["https:\/\/www.chairedelimmateriel.universite-paris-saclay.fr\/en\/2010\/10\/31\/conference-professeur-jc-spender-agentic-theory-of-the-firm-18-octobre-2010\/"]}]},{"@type":"ImageObject","inLanguage":"en-US","@id":"https:\/\/www.chairedelimmateriel.universite-paris-saclay.fr\/en\/2010\/10\/31\/conference-professeur-jc-spender-agentic-theory-of-the-firm-18-octobre-2010\/#primaryimage","url":"https:\/\/www.chairedelimmateriel.universite-paris-saclay.fr\/wp-content\/uploads\/2010\/10\/IMG00463-20101018-1153 (2).jpg","contentUrl":"https:\/\/www.chairedelimmateriel.universite-paris-saclay.fr\/wp-content\/uploads\/2010\/10\/IMG00463-20101018-1153 (2).jpg","width":1020,"height":765},{"@type":"BreadcrumbList","@id":"https:\/\/www.chairedelimmateriel.universite-paris-saclay.fr\/en\/2010\/10\/31\/conference-professeur-jc-spender-agentic-theory-of-the-firm-18-octobre-2010\/#breadcrumb","itemListElement":[{"@type":"ListItem","position":1,"name":"Home","item":"https:\/\/www.chairedelimmateriel.universite-paris-saclay.fr\/en\/"},{"@type":"ListItem","position":2,"name":"Conf\u00e9rence du Professeur J.-C. Spender, Agentic Theory of the Firm, 18 Octobre 2010"}]},{"@type":"WebSite","@id":"https:\/\/www.chairedelimmateriel.universite-paris-saclay.fr\/#website","url":"https:\/\/www.chairedelimmateriel.universite-paris-saclay.fr\/","name":"Chaire Europ\u00e9enne de l\u2019Immat\u00e9riel","description":"","potentialAction":[{"@type":"SearchAction","target":{"@type":"EntryPoint","urlTemplate":"https:\/\/www.chairedelimmateriel.universite-paris-saclay.fr\/?s={search_term_string}"},"query-input":{"@type":"PropertyValueSpecification","valueRequired":true,"valueName":"search_term_string"}}],"inLanguage":"en-US"},{"@type":"Person","@id":"https:\/\/www.chairedelimmateriel.universite-paris-saclay.fr\/#\/schema\/person\/99fad4cfaf4bf6a8c5d1970bd79888f4","name":"Ahmed Bounfour","image":{"@type":"ImageObject","inLanguage":"en-US","@id":"https:\/\/secure.gravatar.com\/avatar\/944d10c10395648f2cc983a051d3fe5d78761ea984ca1c1eb5c80b294b5ad65b?s=96&d=mm&r=g","url":"https:\/\/secure.gravatar.com\/avatar\/944d10c10395648f2cc983a051d3fe5d78761ea984ca1c1eb5c80b294b5ad65b?s=96&d=mm&r=g","contentUrl":"https:\/\/secure.gravatar.com\/avatar\/944d10c10395648f2cc983a051d3fe5d78761ea984ca1c1eb5c80b294b5ad65b?s=96&d=mm&r=g","caption":"Ahmed Bounfour"},"sameAs":["https:\/\/www.chairedelimmateriel.universite-paris-saclay.fr"]}]}},"_links":{"self":[{"href":"https:\/\/www.chairedelimmateriel.universite-paris-saclay.fr\/en\/wp-json\/wp\/v2\/posts\/277","targetHints":{"allow":["GET"]}}],"collection":[{"href":"https:\/\/www.chairedelimmateriel.universite-paris-saclay.fr\/en\/wp-json\/wp\/v2\/posts"}],"about":[{"href":"https:\/\/www.chairedelimmateriel.universite-paris-saclay.fr\/en\/wp-json\/wp\/v2\/types\/post"}],"author":[{"embeddable":true,"href":"https:\/\/www.chairedelimmateriel.universite-paris-saclay.fr\/en\/wp-json\/wp\/v2\/users\/2"}],"replies":[{"embeddable":true,"href":"https:\/\/www.chairedelimmateriel.universite-paris-saclay.fr\/en\/wp-json\/wp\/v2\/comments?post=277"}],"version-history":[{"count":3,"href":"https:\/\/www.chairedelimmateriel.universite-paris-saclay.fr\/en\/wp-json\/wp\/v2\/posts\/277\/revisions"}],"predecessor-version":[{"id":2147,"href":"https:\/\/www.chairedelimmateriel.universite-paris-saclay.fr\/en\/wp-json\/wp\/v2\/posts\/277\/revisions\/2147"}],"wp:featuredmedia":[{"embeddable":true,"href":"https:\/\/www.chairedelimmateriel.universite-paris-saclay.fr\/en\/wp-json\/wp\/v2\/media\/1438"}],"wp:attachment":[{"href":"https:\/\/www.chairedelimmateriel.universite-paris-saclay.fr\/en\/wp-json\/wp\/v2\/media?parent=277"}],"wp:term":[{"taxonomy":"category","embeddable":true,"href":"https:\/\/www.chairedelimmateriel.universite-paris-saclay.fr\/en\/wp-json\/wp\/v2\/categories?post=277"},{"taxonomy":"post_tag","embeddable":true,"href":"https:\/\/www.chairedelimmateriel.universite-paris-saclay.fr\/en\/wp-json\/wp\/v2\/tags?post=277"}],"curies":[{"name":"wp","href":"https:\/\/api.w.org\/{rel}","templated":true}]}}