{"id":274,"date":"2009-04-04T15:31:00","date_gmt":"2009-04-04T15:31:00","guid":{"rendered":"https:\/\/www.chairedelimmateriel.universite-paris-saclay.fr\/2009\/04\/04\/ic4-the-world-conference-on-intellectual-capital-for-communities-fourth-edition\/"},"modified":"2017-02-07T15:24:18","modified_gmt":"2017-02-07T14:24:18","slug":"ic4-the-world-conference-on-intellectual-capital-for-communities-fourth-edition","status":"publish","type":"post","link":"https:\/\/www.chairedelimmateriel.universite-paris-saclay.fr\/en\/2009\/04\/04\/ic4-the-world-conference-on-intellectual-capital-for-communities-fourth-edition\/","title":{"rendered":"IC4 The World Conference on Intellectual Capital for Communities    Fourth Edition"},"content":{"rendered":"<p><img loading=\"lazy\" decoding=\"async\" class=\"alignright size-full wp-image-1367\" src=\"https:\/\/www.chairedelimmateriel.universite-paris-saclay.fr\/wp-content\/uploads\/2009\/04\/ic4logo.jpg\" alt=\"\" width=\"169\" height=\"118\" \/>T\u00e9l\u00e9charger les pr\u00e9sentations&nbsp;:<\/p>\n<h2>Day 1<\/h2>\n<h3>Day 1 Key Note<\/h3>\n<ul>\n<li><a href=\"https:\/\/www.chairedelimmateriel.universite-paris-saclay.fr\/wp-content\/uploads\/2010\/09\/IC4KeyNote_Day1_PM_EADS.pdf\">Intellectual Capital and Expertise Management, Jean Botti<\/a><\/li>\n<\/ul>\n<h3>Session 1<\/h3>\n<ul>\n<li><a href=\"https:\/\/www.chairedelimmateriel.universite-paris-saclay.fr\/wp-content\/uploads\/2010\/09\/IC4Session1_Lippoldt_IC4.pdf\">Intellectual Assets and Value Creation:Synthesis Report, Douglas Lippoldt<\/a><\/li>\n<li><a href=\"https:\/\/www.chairedelimmateriel.universite-paris-saclay.fr\/wp-content\/uploads\/2010\/09\/IC4Session1_AUBERT_IC4.pdf\">Directions for the IC Conference, Jean-Eric Aubert<\/a><\/li>\n<li><a href=\"https:\/\/www.chairedelimmateriel.universite-paris-saclay.fr\/wp-content\/uploads\/2010\/09\/IC4Session201_20SavageCharlesParis.pdf\">Can we Co-create a Very Low-Carbon (Ac)Knowledging Economy Fueled by the \u201cEnergy Within?\u201d, Charles M. Savage<\/a><\/li>\n<\/ul>\n<h3>Session 2<\/h3>\n<ul>\n<li><a href=\"https:\/\/www.chairedelimmateriel.universite-paris-saclay.fr\/wp-content\/uploads\/2010\/09\/IC4Session2_RATH_IC4.pdf\">Intellectual Capital for Communities in the Knowledge Economy Nations, Regions, Cities and Emerging Communities, Eduardo Rath Fingerl<\/a><\/li>\n<li><a href=\"https:\/\/www.chairedelimmateriel.universite-paris-saclay.fr\/wp-content\/uploads\/2010\/09\/IC4Session2_Nishiyima_IC4.pdf\">How to Implement the Knowledge Economy Principles &#8211; Japanese Perspective, Keita Nishiyama<\/a><\/li>\n<li><a href=\"https:\/\/www.chairedelimmateriel.universite-paris-saclay.fr\/wp-content\/uploads\/2010\/09\/IC4Session2_ElHachami.pdf\">Intellectual Capital for Communities in the Knowledge Economy &#8211; Moroccan Case, Noureddine El Hachami<\/a><\/li>\n<li><a href=\"https:\/\/www.chairedelimmateriel.universite-paris-saclay.fr\/wp-content\/uploads\/2010\/09\/IC4Session2_BARRE_20IC4.pdf\">National Innovation System of France (NIS-F): Evaluation and Agenda for Reforms<\/a><\/li>\n<\/ul>\n<h3>Session 3<\/h3>\n<ul>\n<li><a href=\"https:\/\/www.chairedelimmateriel.universite-paris-saclay.fr\/wp-content\/uploads\/2010\/09\/IC4Session3_ABE_IC4.pdf\">The Japanese Programme for Intellectual Capital for Regions, Yasuyuki Abe<\/a><\/li>\n<li><a href=\"https:\/\/www.chairedelimmateriel.universite-paris-saclay.fr\/wp-content\/uploads\/2010\/09\/IC4Session203_VanDerMeer.pdf\">The EIB\u2019s Innovation 2010 Initiative, Jacques van der Meer<\/a><\/li>\n<li><a href=\"https:\/\/www.chairedelimmateriel.universite-paris-saclay.fr\/wp-content\/uploads\/2010\/09\/IC4Session203_NORTH_IC4.pdf\">The Anatomy of European Knowledge Regions &#8211; A Comparative Analysis, Klaus North<\/a><\/li>\n<li><a href=\"https:\/\/www.chairedelimmateriel.universite-paris-saclay.fr\/wp-content\/uploads\/2010\/09\/IC4Session203_Guellec_IC4.pdf\">The Regional Dimension of Innovation in OECD Countries: What the Data Say, Dominique Guellec<\/a><\/li>\n<\/ul>\n<h3>Session 4<\/h3>\n<ul>\n<li><a href=\"https:\/\/www.chairedelimmateriel.universite-paris-saclay.fr\/wp-content\/uploads\/2010\/09\/IC4Session4FJCarrillo_Presentation.pdf\">The MAKCi Awards and the Global KBD Agenda, Francisco Javier Carrillo<\/a><\/li>\n<li><a href=\"https:\/\/www.chairedelimmateriel.universite-paris-saclay.fr\/wp-content\/uploads\/2010\/09\/IC4Session4_Parada.pdf\">Monterrey: International City of Knowledge, Jaime Parada<\/a><\/li>\n<li><a href=\"https:\/\/www.chairedelimmateriel.universite-paris-saclay.fr\/wp-content\/uploads\/2010\/09\/IC4Session4_Johnson_IC4.pdf\">How Singapore Dynamically Manages its Intellectual Capital, Johnson Paul<\/a><\/li>\n<\/ul>\n<h3>Session 5<\/h3>\n<ul>\n<li><a href=\"https:\/\/www.chairedelimmateriel.universite-paris-saclay.fr\/wp-content\/uploads\/2010\/09\/IC4Session5_SERRANO_IC4.pdf\">Managing Intangible Assets: the INRIA Case, C\u00e9line Serrano<\/a><\/li>\n<li><a href=\"https:\/\/www.chairedelimmateriel.universite-paris-saclay.fr\/wp-content\/uploads\/2010\/09\/IC4Session5_Petrusson_IC4.pdf\">Intellectual Asset Management in Universities, Ulf Petrusson<\/a><\/li>\n<li><a href=\"https:\/\/www.chairedelimmateriel.universite-paris-saclay.fr\/wp-content\/uploads\/2010\/09\/IC4Session5_Anfruns20IC4.pdf\">New Development Opportunities for Museums &#8211; The Case of the Louvre Museum, Julien Anfruns<\/a><\/li>\n<\/ul>\n<h3>Session 6<\/h3>\n<ul>\n<li><a href=\"https:\/\/www.chairedelimmateriel.universite-paris-saclay.fr\/wp-content\/uploads\/2010\/09\/IC4Session6meusburger_080514.pdf\">Creative Environments, Peter Meusburger<\/a><\/li>\n<li><a href=\"https:\/\/www.chairedelimmateriel.universite-paris-saclay.fr\/wp-content\/uploads\/2010\/09\/IC4Session6_SurinderBatra_IC4.pdf\">Blending Local and Global Knowledge: A Case Study of HIDECOR Project in India, Surinder Batra<\/a><\/li>\n<li><a href=\"https:\/\/www.chairedelimmateriel.universite-paris-saclay.fr\/wp-content\/uploads\/2010\/09\/IC4Session6_SINHA_IC4.pdf\">Tensions Between Global and Local Knowledge, Anil Sinha<\/a><\/li>\n<\/ul>\n<h3>Session 7<\/h3>\n<ul>\n<li><a href=\"https:\/\/www.chairedelimmateriel.universite-paris-saclay.fr\/wp-content\/uploads\/2010\/09\/IC4Session7_Szogs.pdf\">IC Reporting and Standards Relevance, Guenther Szogs<\/a><\/li>\n<li><a href=\"https:\/\/www.chairedelimmateriel.universite-paris-saclay.fr\/wp-content\/uploads\/2010\/09\/IC4Session7_HANADO_IC4.pdf\">IC\/IA Reporting and XBRL Technology &#8211; A Challenge of World Intellectual Capital\/Assests Initiative, Yasuhito Hanado<\/a><\/li>\n<li><a href=\"https:\/\/www.chairedelimmateriel.universite-paris-saclay.fr\/wp-content\/uploads\/2010\/09\/IC4Session7_Bismuth_IC4.pdf\">IC Reporting and Standards Relevance &#8211; The OECD Agenda for IC Reporting, Annabel Bismuth<\/a><\/li>\n<li><a href=\"https:\/\/www.chairedelimmateriel.universite-paris-saclay.fr\/wp-content\/uploads\/2010\/09\/IC4Session207_20HOUSEL_KANEVSKY.pdf\">Management Dark Matter: Measuring the Value Added by Management, Thomas J. Housel, Valery Kanevsky, Richard Bergin, and Yaara Bergin<\/a><\/li>\n<\/ul>\n<h3>Session 8<\/h3>\n<ul>\n<li><a href=\"https:\/\/www.chairedelimmateriel.universite-paris-saclay.fr\/wp-content\/uploads\/2010\/09\/IC4Session8_PAWLOWSKI_IC4.pdf\">K(3) Knowledge Laboratory, Peter Pawlowsky<\/a><\/li>\n<li><a href=\"https:\/\/www.chairedelimmateriel.universite-paris-saclay.fr\/wp-content\/uploads\/2010\/09\/IC4SEssion8_HeraultAlcan_IC4.pdf\">Managing Knowledge in the Context of Mergers Acquisitions &#8211; The Case of Rio Tinto Alcan, Caroline H\u00e9rault, Guy-Michel Raynaud, Gwenaelle Grefe<\/a><\/li>\n<li><a href=\"https:\/\/www.chairedelimmateriel.universite-paris-saclay.fr\/wp-content\/uploads\/2010\/09\/IC4Session8_CHEBBO_IC4.pdf\">How SAP Manage its Intellectual Capital&nbsp;?, Dr Maher Chebbo<\/a><\/li>\n<li><a href=\"https:\/\/www.chairedelimmateriel.universite-paris-saclay.fr\/wp-content\/uploads\/2010\/09\/IC4Session8_CAILLAUD_IC4.pdf\">Emerging Practices for Knowledge Assembling, Frederic Caillaud<\/a><\/li>\n<\/ul>\n<h3>Session 9<\/h3>\n<ul>\n<li><a href=\"https:\/\/www.chairedelimmateriel.universite-paris-saclay.fr\/wp-content\/uploads\/2010\/09\/IC4Session9_Schneider.pdf\">Knowledge Policy in Austria (national level), Ursula Schneider<\/a><\/li>\n<li><a href=\"https:\/\/www.chairedelimmateriel.universite-paris-saclay.fr\/wp-content\/uploads\/2010\/09\/IC4Session9_Ritter.pdf\">Knowledge Societies \u2013 Open Societies?, Waltraut Ritter<\/a><\/li>\n<\/ul>\n<h3>Session 10<\/h3>\n<ul>\n<li><a href=\"https:\/\/www.chairedelimmateriel.universite-paris-saclay.fr\/wp-content\/uploads\/2010\/09\/IC4Session2010_Kivikas_IC4.pdf\">Experiences of Integrating Intellectual Capital Reporting on Corporation Evaluation, K. Alwert, M. Bornemann, P. Heisig, M. Kivikas, G. Pfeifer<\/a><\/li>\n<li><a href=\"https:\/\/www.chairedelimmateriel.universite-paris-saclay.fr\/wp-content\/uploads\/2010\/09\/IC4Session2010_Alwert_IC4.pdf\">Why IC Dynamics, Dynamic Capabilities? Kay Alwert<\/a><\/li>\n<li><a href=\"https:\/\/www.chairedelimmateriel.universite-paris-saclay.fr\/wp-content\/uploads\/2010\/09\/IC4Session10_Stahle_IC4.pdf\">Dynamics of Intellectual Capital of Nations &#8211; Perspectives on IC as an Economic Driver, Pirjo St\u00e5hle<\/a><\/li>\n<li><a href=\"https:\/\/www.chairedelimmateriel.universite-paris-saclay.fr\/wp-content\/uploads\/2010\/09\/IC4Session10_Kianto_IC4.pdf\">Evaluating IC dynamics in firms, Aino Kianto<\/a><\/li>\n<\/ul>\n<h2>Day 2<\/h2>\n<h3>Day 2 Key Note<\/h3>\n<ul>\n<li><a href=\"https:\/\/www.chairedelimmateriel.universite-paris-saclay.fr\/wp-content\/uploads\/2010\/09\/IC4Day220KeyNote20_AMBaruchLEV.pdf\">The Conceptual Company Risks, Rewards and Research Ideas, Baruch Lev<\/a><\/li>\n<li><a href=\"https:\/\/www.chairedelimmateriel.universite-paris-saclay.fr\/wp-content\/uploads\/2010\/09\/IC4Day2_KeyNote_PM_Boni.pdf\">National Intellectual Capital of Poland, Pawel Bochniarz<\/a><\/li>\n<\/ul>\n<h3>Session 11<\/h3>\n<ul>\n<li><a href=\"https:\/\/www.chairedelimmateriel.universite-paris-saclay.fr\/wp-content\/uploads\/2010\/09\/IC4Session11_MARR_IC4.pdf\">Strategic Performance Management, Bernard Marr<\/a><\/li>\n<li><a href=\"https:\/\/www.chairedelimmateriel.universite-paris-saclay.fr\/wp-content\/uploads\/2010\/09\/IC4Session11_LEE_Ic4.pdf\">The New Capital of Hong Kong: An Example of Network and Service Innovation, Rongbin W.B.Lee<\/a><\/li>\n<li><a href=\"https:\/\/www.chairedelimmateriel.universite-paris-saclay.fr\/wp-content\/uploads\/2010\/09\/IC4Session11_ElHassani_IC4.pdf\">Innovation in the Islamic World: Learning from the Past, to Design the Future, Salim T S Al-Hassani<\/a><\/li>\n<li><a href=\"https:\/\/www.chairedelimmateriel.universite-paris-saclay.fr\/wp-content\/uploads\/2010\/09\/IC4Session2011_soren20b20henriksen.pdf\">Denmark\u2019s Performance as a Service Economy, Soren B. Henriksen<\/a><\/li>\n<li><a href=\"https:\/\/www.chairedelimmateriel.universite-paris-saclay.fr\/wp-content\/uploads\/2010\/09\/IC4Session2011_smedlund_IC4.pdf\">Service Innovation Models and Interfirm Networks, Anssi Smedlund<\/a><\/li>\n<\/ul>\n<h3>Session 12<\/h3>\n<ul>\n<li><a href=\"https:\/\/www.chairedelimmateriel.universite-paris-saclay.fr\/wp-content\/uploads\/2010\/09\/IC4Session12_Munari_IC4.pdf\">How Good are VCs at Valuing Technology? An Analysis of Patenting and VC Investments in Nanotechnology, Federico Munari and Laura Toschi<\/a><\/li>\n<li><a href=\"https:\/\/www.chairedelimmateriel.universite-paris-saclay.fr\/wp-content\/uploads\/2010\/09\/IC4Session12_MACDONALD_IC4.pdf\">Fair Copy? A Look at the Anti- Counterfeiting Lobby, Stuart MacDonald, Tim Turpin<\/a><\/li>\n<li><a href=\"https:\/\/www.chairedelimmateriel.universite-paris-saclay.fr\/wp-content\/uploads\/2010\/09\/IC4Session12_Deberdt_IC4.pdf\">Remuneration of Employee Inventors in France, Dominique Deberdt<\/a><\/li>\n<li><a href=\"https:\/\/www.chairedelimmateriel.universite-paris-saclay.fr\/wp-content\/uploads\/2010\/09\/IC4Session12_ANNING_IC4.pdf\">Building Intellectual Capital on Water Management in a Desert Environment, Philip Anning<\/a><\/li>\n<\/ul>\n<h3>Session 13<\/h3>\n<ul>\n<li><a href=\"https:\/\/www.chairedelimmateriel.universite-paris-saclay.fr\/wp-content\/uploads\/2010\/09\/IC4Session13_BNDES_Deutscher.pdf\">The EIB\u2019s Innovation 2010 Initiative, Jacques van der Meer<\/a><\/li>\n<\/ul>\n<h3>Session 14<\/h3>\n<ul>\n<li><a href=\"https:\/\/www.chairedelimmateriel.universite-paris-saclay.fr\/wp-content\/uploads\/2010\/09\/IC4Session2014_QUENEDEY.pdf\">IC and the Issue of Transfer Pricing: The EU\/International Guidelines and Practices, Anne Quenedey<\/a><\/li>\n<\/ul>\n<h3>Session 15<\/h3>\n<ul>\n<li><a href=\"https:\/\/www.chairedelimmateriel.universite-paris-saclay.fr\/wp-content\/uploads\/2010\/09\/IC4Session15_ElHachami_Ic4.pdf\">Research Agenda for Morocco, Noureddine El Hachami<\/a><\/li>\n<li><a href=\"https:\/\/www.chairedelimmateriel.universite-paris-saclay.fr\/wp-content\/uploads\/2010\/09\/IC4Session15_Cavalcanti_IC4.pdf\">A Research Agenda for Emerging Countries Brazil\u2019s Case, Marcos Cavalcanti<\/a><\/li>\n<li><a href=\"https:\/\/www.chairedelimmateriel.universite-paris-saclay.fr\/wp-content\/uploads\/2010\/09\/IC4Session13_BNDES_Deutscher.pdf\">BNDES Intangible Capital &#8211; Agenda, Jos\u00e9 Arnaldo Deutscher<\/a><\/li>\n<\/ul>\n<h3>Session 16<\/h3>\n<ul>\n<li><a href=\"https:\/\/www.chairedelimmateriel.universite-paris-saclay.fr\/wp-content\/uploads\/2010\/09\/IC4Session16_Steve20Pike_20IC4.pdf\">An Intellectual Capital View of Business Model Innovation, Steve Pike<\/a><\/li>\n<li><a href=\"https:\/\/www.chairedelimmateriel.universite-paris-saclay.fr\/wp-content\/uploads\/2010\/09\/IC4Session16_STAHLE_IC4.pdf\">The Dynamics of Self-renewal Systems Thinking to Understanding Organizational Challenges in Dynamic Environments, Pirjo St\u00e5hle<\/a><\/li>\n<\/ul>\n<h3>Session 17<\/h3>\n<ul>\n<li><a href=\"https:\/\/www.chairedelimmateriel.universite-paris-saclay.fr\/wp-content\/uploads\/2010\/09\/IC4Day2Tojo_IC4.pdf\">How to Implement the Knowledge Economy Principles, Yoshiaki TOJO<\/a><\/li>\n<li><a href=\"https:\/\/www.chairedelimmateriel.universite-paris-saclay.fr\/wp-content\/uploads\/2010\/09\/IC4Session17_Nishiyima_IC4.pdf\">How to Implement the Knowledge Economy Principles &#8211; Japanese Perspective, Keita Nishiyama<\/a><\/li>\n<li><a href=\"https:\/\/www.chairedelimmateriel.universite-paris-saclay.fr\/wp-content\/uploads\/2010\/09\/IC4Session17_JEAubert_Someinsights.pdf\">Some Insights on IC\/K-based Economy, Jean-Eric Aubert<\/a><\/li>\n<li><a href=\"https:\/\/www.chairedelimmateriel.universite-paris-saclay.fr\/wp-content\/uploads\/2010\/09\/IC4Session17_Corpakis_IC4.pdf\">EU Policy Enhancing Intellectual Capital: An Overview with a Focus on Research on Socio-economic Sciences and Humanities Research, Dimitri Corpakis<\/a><\/li>\n<\/ul>\n<div class=\"shariff\" data-title=\"IC4 The World Conference on Intellectual Capital for Communities    Fourth Edition\" data-info-url=\"\" data-backend-url=\"https:\/\/www.chairedelimmateriel.universite-paris-saclay.fr\/wp-content\/plugins\/shariff-sharing\/backend\/index.php\" data-temp=\"\/tmp\" data-ttl=\"60\" data-service=\"tl\" data-services='[\"facebook\",\"twitter\",\"linkedin\"]' data-image=\"https:\/\/www.chairedelimmateriel.universite-paris-saclay.fr\/wp-content\/uploads\/2009\/04\/ic4logo.jpg\" data-url=\"https:\/\/www.chairedelimmateriel.universite-paris-saclay.fr\/en\/2009\/04\/04\/ic4-the-world-conference-on-intellectual-capital-for-communities-fourth-edition\/\" data-lang=\"en\" data-theme=\"color\" data-orientation=\"horizontal\"><\/div>","protected":false},"excerpt":{"rendered":"<p>T\u00e9l\u00e9charger les pr\u00e9sentations&nbsp;: Day 1 Day 1 Key Note Intellectual Capital and Expertise Management, Jean Botti Session 1 Intellectual Assets and Value Creation:Synthesis Report, Douglas Lippoldt Directions for the IC Conference, Jean-Eric Aubert Can we Co-create a Very Low-Carbon (Ac)Knowledging&nbsp;<small>(&#8230;)<\/small><\/p>\n","protected":false},"author":2,"featured_media":0,"comment_status":"closed","ping_status":"closed","sticky":false,"template":"","format":"standard","meta":{"_monsterinsights_skip_tracking":false,"footnotes":""},"categories":[11,12,4],"tags":[],"class_list":["post-274","post","type-post","status-publish","format-standard","hentry","category-conference-mondiale-en","category-evenements-en","category-news"],"yoast_head":"<!-- This site is optimized with the Yoast SEO plugin v28.4 - https:\/\/yoast.com\/product\/yoast-seo-wordpress\/ -->\n<title>IC4 The World Conference on Intellectual Capital for Communities  Fourth Edition - Chaire Europ\u00e9enne de l\u2019Immat\u00e9riel<\/title>\n<meta name=\"robots\" content=\"index, follow, max-snippet:-1, max-image-preview:large, max-video-preview:-1\" \/>\n<link rel=\"canonical\" href=\"https:\/\/www.chairedelimmateriel.universite-paris-saclay.fr\/en\/2009\/04\/04\/ic4-the-world-conference-on-intellectual-capital-for-communities-fourth-edition\/\" \/>\n<meta property=\"og:locale\" content=\"en_US\" \/>\n<meta property=\"og:type\" content=\"article\" \/>\n<meta property=\"og:title\" content=\"IC4 The World Conference on Intellectual Capital for Communities  Fourth Edition - Chaire Europ\u00e9enne de l\u2019Immat\u00e9riel\" \/>\n<meta property=\"og:description\" content=\"T\u00e9l\u00e9charger les pr\u00e9sentations&nbsp;: Day 1 Day 1 Key Note Intellectual Capital and Expertise Management, Jean Botti Session 1 Intellectual Assets and Value Creation:Synthesis Report, Douglas Lippoldt Directions for the IC Conference, Jean-Eric Aubert Can we Co-create a Very Low-Carbon (Ac)Knowledging&nbsp;(...)\" \/>\n<meta property=\"og:url\" content=\"https:\/\/www.chairedelimmateriel.universite-paris-saclay.fr\/en\/2009\/04\/04\/ic4-the-world-conference-on-intellectual-capital-for-communities-fourth-edition\/\" \/>\n<meta property=\"og:site_name\" content=\"Chaire Europ\u00e9enne de l\u2019Immat\u00e9riel\" \/>\n<meta property=\"article:published_time\" content=\"2009-04-04T15:31:00+00:00\" \/>\n<meta property=\"article:modified_time\" content=\"2017-02-07T14:24:18+00:00\" \/>\n<meta property=\"og:image\" content=\"https:\/\/www.chairedelimmateriel.universite-paris-saclay.fr\/wp-content\/uploads\/2009\/04\/ic4logo.jpg\" \/>\n<meta name=\"author\" content=\"Ahmed Bounfour\" \/>\n<meta name=\"twitter:card\" content=\"summary_large_image\" \/>\n<meta name=\"twitter:label1\" content=\"Written by\" \/>\n\t<meta name=\"twitter:data1\" content=\"Ahmed Bounfour\" \/>\n\t<meta name=\"twitter:label2\" content=\"Est. reading time\" \/>\n\t<meta name=\"twitter:data2\" content=\"3 minutes\" \/>\n<script type=\"application\/ld+json\" class=\"yoast-schema-graph\">{\"@context\":\"https:\\\/\\\/schema.org\",\"@graph\":[{\"@type\":\"Article\",\"@id\":\"https:\\\/\\\/www.chairedelimmateriel.universite-paris-saclay.fr\\\/en\\\/2009\\\/04\\\/04\\\/ic4-the-world-conference-on-intellectual-capital-for-communities-fourth-edition\\\/#article\",\"isPartOf\":{\"@id\":\"https:\\\/\\\/www.chairedelimmateriel.universite-paris-saclay.fr\\\/en\\\/2009\\\/04\\\/04\\\/ic4-the-world-conference-on-intellectual-capital-for-communities-fourth-edition\\\/\"},\"author\":{\"name\":\"Ahmed Bounfour\",\"@id\":\"https:\\\/\\\/www.chairedelimmateriel.universite-paris-saclay.fr\\\/#\\\/schema\\\/person\\\/99fad4cfaf4bf6a8c5d1970bd79888f4\"},\"headline\":\"IC4 The World Conference on Intellectual Capital for Communities Fourth Edition\",\"datePublished\":\"2009-04-04T15:31:00+00:00\",\"dateModified\":\"2017-02-07T14:24:18+00:00\",\"mainEntityOfPage\":{\"@id\":\"https:\\\/\\\/www.chairedelimmateriel.universite-paris-saclay.fr\\\/en\\\/2009\\\/04\\\/04\\\/ic4-the-world-conference-on-intellectual-capital-for-communities-fourth-edition\\\/\"},\"wordCount\":682,\"image\":{\"@id\":\"https:\\\/\\\/www.chairedelimmateriel.universite-paris-saclay.fr\\\/en\\\/2009\\\/04\\\/04\\\/ic4-the-world-conference-on-intellectual-capital-for-communities-fourth-edition\\\/#primaryimage\"},\"thumbnailUrl\":\"https:\\\/\\\/www.chairedelimmateriel.universite-paris-saclay.fr\\\/wp-content\\\/uploads\\\/2009\\\/04\\\/ic4logo.jpg\",\"articleSection\":[\"Conf\u00e9rence mondiale\",\"Ev\u00e9nements\",\"News\"],\"inLanguage\":\"en-US\"},{\"@type\":\"WebPage\",\"@id\":\"https:\\\/\\\/www.chairedelimmateriel.universite-paris-saclay.fr\\\/en\\\/2009\\\/04\\\/04\\\/ic4-the-world-conference-on-intellectual-capital-for-communities-fourth-edition\\\/\",\"url\":\"https:\\\/\\\/www.chairedelimmateriel.universite-paris-saclay.fr\\\/en\\\/2009\\\/04\\\/04\\\/ic4-the-world-conference-on-intellectual-capital-for-communities-fourth-edition\\\/\",\"name\":\"IC4 The World Conference on Intellectual Capital for Communities Fourth Edition - Chaire Europ\u00e9enne de l\u2019Immat\u00e9riel\",\"isPartOf\":{\"@id\":\"https:\\\/\\\/www.chairedelimmateriel.universite-paris-saclay.fr\\\/#website\"},\"primaryImageOfPage\":{\"@id\":\"https:\\\/\\\/www.chairedelimmateriel.universite-paris-saclay.fr\\\/en\\\/2009\\\/04\\\/04\\\/ic4-the-world-conference-on-intellectual-capital-for-communities-fourth-edition\\\/#primaryimage\"},\"image\":{\"@id\":\"https:\\\/\\\/www.chairedelimmateriel.universite-paris-saclay.fr\\\/en\\\/2009\\\/04\\\/04\\\/ic4-the-world-conference-on-intellectual-capital-for-communities-fourth-edition\\\/#primaryimage\"},\"thumbnailUrl\":\"https:\\\/\\\/www.chairedelimmateriel.universite-paris-saclay.fr\\\/wp-content\\\/uploads\\\/2009\\\/04\\\/ic4logo.jpg\",\"datePublished\":\"2009-04-04T15:31:00+00:00\",\"dateModified\":\"2017-02-07T14:24:18+00:00\",\"author\":{\"@id\":\"https:\\\/\\\/www.chairedelimmateriel.universite-paris-saclay.fr\\\/#\\\/schema\\\/person\\\/99fad4cfaf4bf6a8c5d1970bd79888f4\"},\"breadcrumb\":{\"@id\":\"https:\\\/\\\/www.chairedelimmateriel.universite-paris-saclay.fr\\\/en\\\/2009\\\/04\\\/04\\\/ic4-the-world-conference-on-intellectual-capital-for-communities-fourth-edition\\\/#breadcrumb\"},\"inLanguage\":\"en-US\",\"potentialAction\":[{\"@type\":\"ReadAction\",\"target\":[\"https:\\\/\\\/www.chairedelimmateriel.universite-paris-saclay.fr\\\/en\\\/2009\\\/04\\\/04\\\/ic4-the-world-conference-on-intellectual-capital-for-communities-fourth-edition\\\/\"]}]},{\"@type\":\"ImageObject\",\"inLanguage\":\"en-US\",\"@id\":\"https:\\\/\\\/www.chairedelimmateriel.universite-paris-saclay.fr\\\/en\\\/2009\\\/04\\\/04\\\/ic4-the-world-conference-on-intellectual-capital-for-communities-fourth-edition\\\/#primaryimage\",\"url\":\"https:\\\/\\\/www.chairedelimmateriel.universite-paris-saclay.fr\\\/wp-content\\\/uploads\\\/2009\\\/04\\\/ic4logo.jpg\",\"contentUrl\":\"https:\\\/\\\/www.chairedelimmateriel.universite-paris-saclay.fr\\\/wp-content\\\/uploads\\\/2009\\\/04\\\/ic4logo.jpg\"},{\"@type\":\"BreadcrumbList\",\"@id\":\"https:\\\/\\\/www.chairedelimmateriel.universite-paris-saclay.fr\\\/en\\\/2009\\\/04\\\/04\\\/ic4-the-world-conference-on-intellectual-capital-for-communities-fourth-edition\\\/#breadcrumb\",\"itemListElement\":[{\"@type\":\"ListItem\",\"position\":1,\"name\":\"Home\",\"item\":\"https:\\\/\\\/www.chairedelimmateriel.universite-paris-saclay.fr\\\/en\\\/\"},{\"@type\":\"ListItem\",\"position\":2,\"name\":\"IC4 The World Conference on Intellectual Capital for Communities Fourth Edition\"}]},{\"@type\":\"WebSite\",\"@id\":\"https:\\\/\\\/www.chairedelimmateriel.universite-paris-saclay.fr\\\/#website\",\"url\":\"https:\\\/\\\/www.chairedelimmateriel.universite-paris-saclay.fr\\\/\",\"name\":\"Chaire Europ\u00e9enne de l\u2019Immat\u00e9riel\",\"description\":\"\",\"potentialAction\":[{\"@type\":\"SearchAction\",\"target\":{\"@type\":\"EntryPoint\",\"urlTemplate\":\"https:\\\/\\\/www.chairedelimmateriel.universite-paris-saclay.fr\\\/?s={search_term_string}\"},\"query-input\":{\"@type\":\"PropertyValueSpecification\",\"valueRequired\":true,\"valueName\":\"search_term_string\"}}],\"inLanguage\":\"en-US\"},{\"@type\":\"Person\",\"@id\":\"https:\\\/\\\/www.chairedelimmateriel.universite-paris-saclay.fr\\\/#\\\/schema\\\/person\\\/99fad4cfaf4bf6a8c5d1970bd79888f4\",\"name\":\"Ahmed Bounfour\",\"image\":{\"@type\":\"ImageObject\",\"inLanguage\":\"en-US\",\"@id\":\"https:\\\/\\\/secure.gravatar.com\\\/avatar\\\/944d10c10395648f2cc983a051d3fe5d78761ea984ca1c1eb5c80b294b5ad65b?s=96&d=mm&r=g\",\"url\":\"https:\\\/\\\/secure.gravatar.com\\\/avatar\\\/944d10c10395648f2cc983a051d3fe5d78761ea984ca1c1eb5c80b294b5ad65b?s=96&d=mm&r=g\",\"contentUrl\":\"https:\\\/\\\/secure.gravatar.com\\\/avatar\\\/944d10c10395648f2cc983a051d3fe5d78761ea984ca1c1eb5c80b294b5ad65b?s=96&d=mm&r=g\",\"caption\":\"Ahmed Bounfour\"},\"sameAs\":[\"https:\\\/\\\/www.chairedelimmateriel.universite-paris-saclay.fr\"]}]}<\/script>\n<!-- \/ Yoast SEO plugin. -->","yoast_head_json":{"title":"IC4 The World Conference on Intellectual Capital for Communities  Fourth Edition - Chaire Europ\u00e9enne de l\u2019Immat\u00e9riel","robots":{"index":"index","follow":"follow","max-snippet":"max-snippet:-1","max-image-preview":"max-image-preview:large","max-video-preview":"max-video-preview:-1"},"canonical":"https:\/\/www.chairedelimmateriel.universite-paris-saclay.fr\/en\/2009\/04\/04\/ic4-the-world-conference-on-intellectual-capital-for-communities-fourth-edition\/","og_locale":"en_US","og_type":"article","og_title":"IC4 The World Conference on Intellectual Capital for Communities  Fourth Edition - Chaire Europ\u00e9enne de l\u2019Immat\u00e9riel","og_description":"T\u00e9l\u00e9charger les pr\u00e9sentations&nbsp;: Day 1 Day 1 Key Note Intellectual Capital and Expertise Management, Jean Botti Session 1 Intellectual Assets and Value Creation:Synthesis Report, Douglas Lippoldt Directions for the IC Conference, Jean-Eric Aubert Can we Co-create a Very Low-Carbon (Ac)Knowledging&nbsp;(...)","og_url":"https:\/\/www.chairedelimmateriel.universite-paris-saclay.fr\/en\/2009\/04\/04\/ic4-the-world-conference-on-intellectual-capital-for-communities-fourth-edition\/","og_site_name":"Chaire Europ\u00e9enne de l\u2019Immat\u00e9riel","article_published_time":"2009-04-04T15:31:00+00:00","article_modified_time":"2017-02-07T14:24:18+00:00","og_image":[{"url":"https:\/\/www.chairedelimmateriel.universite-paris-saclay.fr\/wp-content\/uploads\/2009\/04\/ic4logo.jpg","type":"","width":"","height":""}],"author":"Ahmed Bounfour","twitter_card":"summary_large_image","twitter_misc":{"Written by":"Ahmed Bounfour","Est. reading time":"3 minutes"},"schema":{"@context":"https:\/\/schema.org","@graph":[{"@type":"Article","@id":"https:\/\/www.chairedelimmateriel.universite-paris-saclay.fr\/en\/2009\/04\/04\/ic4-the-world-conference-on-intellectual-capital-for-communities-fourth-edition\/#article","isPartOf":{"@id":"https:\/\/www.chairedelimmateriel.universite-paris-saclay.fr\/en\/2009\/04\/04\/ic4-the-world-conference-on-intellectual-capital-for-communities-fourth-edition\/"},"author":{"name":"Ahmed Bounfour","@id":"https:\/\/www.chairedelimmateriel.universite-paris-saclay.fr\/#\/schema\/person\/99fad4cfaf4bf6a8c5d1970bd79888f4"},"headline":"IC4 The World Conference on Intellectual Capital for Communities Fourth Edition","datePublished":"2009-04-04T15:31:00+00:00","dateModified":"2017-02-07T14:24:18+00:00","mainEntityOfPage":{"@id":"https:\/\/www.chairedelimmateriel.universite-paris-saclay.fr\/en\/2009\/04\/04\/ic4-the-world-conference-on-intellectual-capital-for-communities-fourth-edition\/"},"wordCount":682,"image":{"@id":"https:\/\/www.chairedelimmateriel.universite-paris-saclay.fr\/en\/2009\/04\/04\/ic4-the-world-conference-on-intellectual-capital-for-communities-fourth-edition\/#primaryimage"},"thumbnailUrl":"https:\/\/www.chairedelimmateriel.universite-paris-saclay.fr\/wp-content\/uploads\/2009\/04\/ic4logo.jpg","articleSection":["Conf\u00e9rence mondiale","Ev\u00e9nements","News"],"inLanguage":"en-US"},{"@type":"WebPage","@id":"https:\/\/www.chairedelimmateriel.universite-paris-saclay.fr\/en\/2009\/04\/04\/ic4-the-world-conference-on-intellectual-capital-for-communities-fourth-edition\/","url":"https:\/\/www.chairedelimmateriel.universite-paris-saclay.fr\/en\/2009\/04\/04\/ic4-the-world-conference-on-intellectual-capital-for-communities-fourth-edition\/","name":"IC4 The World Conference on Intellectual Capital for Communities Fourth Edition - Chaire Europ\u00e9enne de l\u2019Immat\u00e9riel","isPartOf":{"@id":"https:\/\/www.chairedelimmateriel.universite-paris-saclay.fr\/#website"},"primaryImageOfPage":{"@id":"https:\/\/www.chairedelimmateriel.universite-paris-saclay.fr\/en\/2009\/04\/04\/ic4-the-world-conference-on-intellectual-capital-for-communities-fourth-edition\/#primaryimage"},"image":{"@id":"https:\/\/www.chairedelimmateriel.universite-paris-saclay.fr\/en\/2009\/04\/04\/ic4-the-world-conference-on-intellectual-capital-for-communities-fourth-edition\/#primaryimage"},"thumbnailUrl":"https:\/\/www.chairedelimmateriel.universite-paris-saclay.fr\/wp-content\/uploads\/2009\/04\/ic4logo.jpg","datePublished":"2009-04-04T15:31:00+00:00","dateModified":"2017-02-07T14:24:18+00:00","author":{"@id":"https:\/\/www.chairedelimmateriel.universite-paris-saclay.fr\/#\/schema\/person\/99fad4cfaf4bf6a8c5d1970bd79888f4"},"breadcrumb":{"@id":"https:\/\/www.chairedelimmateriel.universite-paris-saclay.fr\/en\/2009\/04\/04\/ic4-the-world-conference-on-intellectual-capital-for-communities-fourth-edition\/#breadcrumb"},"inLanguage":"en-US","potentialAction":[{"@type":"ReadAction","target":["https:\/\/www.chairedelimmateriel.universite-paris-saclay.fr\/en\/2009\/04\/04\/ic4-the-world-conference-on-intellectual-capital-for-communities-fourth-edition\/"]}]},{"@type":"ImageObject","inLanguage":"en-US","@id":"https:\/\/www.chairedelimmateriel.universite-paris-saclay.fr\/en\/2009\/04\/04\/ic4-the-world-conference-on-intellectual-capital-for-communities-fourth-edition\/#primaryimage","url":"https:\/\/www.chairedelimmateriel.universite-paris-saclay.fr\/wp-content\/uploads\/2009\/04\/ic4logo.jpg","contentUrl":"https:\/\/www.chairedelimmateriel.universite-paris-saclay.fr\/wp-content\/uploads\/2009\/04\/ic4logo.jpg"},{"@type":"BreadcrumbList","@id":"https:\/\/www.chairedelimmateriel.universite-paris-saclay.fr\/en\/2009\/04\/04\/ic4-the-world-conference-on-intellectual-capital-for-communities-fourth-edition\/#breadcrumb","itemListElement":[{"@type":"ListItem","position":1,"name":"Home","item":"https:\/\/www.chairedelimmateriel.universite-paris-saclay.fr\/en\/"},{"@type":"ListItem","position":2,"name":"IC4 The World Conference on Intellectual Capital for Communities Fourth Edition"}]},{"@type":"WebSite","@id":"https:\/\/www.chairedelimmateriel.universite-paris-saclay.fr\/#website","url":"https:\/\/www.chairedelimmateriel.universite-paris-saclay.fr\/","name":"Chaire Europ\u00e9enne de l\u2019Immat\u00e9riel","description":"","potentialAction":[{"@type":"SearchAction","target":{"@type":"EntryPoint","urlTemplate":"https:\/\/www.chairedelimmateriel.universite-paris-saclay.fr\/?s={search_term_string}"},"query-input":{"@type":"PropertyValueSpecification","valueRequired":true,"valueName":"search_term_string"}}],"inLanguage":"en-US"},{"@type":"Person","@id":"https:\/\/www.chairedelimmateriel.universite-paris-saclay.fr\/#\/schema\/person\/99fad4cfaf4bf6a8c5d1970bd79888f4","name":"Ahmed Bounfour","image":{"@type":"ImageObject","inLanguage":"en-US","@id":"https:\/\/secure.gravatar.com\/avatar\/944d10c10395648f2cc983a051d3fe5d78761ea984ca1c1eb5c80b294b5ad65b?s=96&d=mm&r=g","url":"https:\/\/secure.gravatar.com\/avatar\/944d10c10395648f2cc983a051d3fe5d78761ea984ca1c1eb5c80b294b5ad65b?s=96&d=mm&r=g","contentUrl":"https:\/\/secure.gravatar.com\/avatar\/944d10c10395648f2cc983a051d3fe5d78761ea984ca1c1eb5c80b294b5ad65b?s=96&d=mm&r=g","caption":"Ahmed Bounfour"},"sameAs":["https:\/\/www.chairedelimmateriel.universite-paris-saclay.fr"]}]}},"_links":{"self":[{"href":"https:\/\/www.chairedelimmateriel.universite-paris-saclay.fr\/en\/wp-json\/wp\/v2\/posts\/274","targetHints":{"allow":["GET"]}}],"collection":[{"href":"https:\/\/www.chairedelimmateriel.universite-paris-saclay.fr\/en\/wp-json\/wp\/v2\/posts"}],"about":[{"href":"https:\/\/www.chairedelimmateriel.universite-paris-saclay.fr\/en\/wp-json\/wp\/v2\/types\/post"}],"author":[{"embeddable":true,"href":"https:\/\/www.chairedelimmateriel.universite-paris-saclay.fr\/en\/wp-json\/wp\/v2\/users\/2"}],"replies":[{"embeddable":true,"href":"https:\/\/www.chairedelimmateriel.universite-paris-saclay.fr\/en\/wp-json\/wp\/v2\/comments?post=274"}],"version-history":[{"count":4,"href":"https:\/\/www.chairedelimmateriel.universite-paris-saclay.fr\/en\/wp-json\/wp\/v2\/posts\/274\/revisions"}],"predecessor-version":[{"id":2159,"href":"https:\/\/www.chairedelimmateriel.universite-paris-saclay.fr\/en\/wp-json\/wp\/v2\/posts\/274\/revisions\/2159"}],"wp:attachment":[{"href":"https:\/\/www.chairedelimmateriel.universite-paris-saclay.fr\/en\/wp-json\/wp\/v2\/media?parent=274"}],"wp:term":[{"taxonomy":"category","embeddable":true,"href":"https:\/\/www.chairedelimmateriel.universite-paris-saclay.fr\/en\/wp-json\/wp\/v2\/categories?post=274"},{"taxonomy":"post_tag","embeddable":true,"href":"https:\/\/www.chairedelimmateriel.universite-paris-saclay.fr\/en\/wp-json\/wp\/v2\/tags?post=274"}],"curies":[{"name":"wp","href":"https:\/\/api.w.org\/{rel}","templated":true}]}}