{"id":272,"date":"2009-03-29T12:53:00","date_gmt":"2009-03-29T12:53:00","guid":{"rendered":"https:\/\/www.chairedelimmateriel.universite-paris-saclay.fr\/2009\/03\/29\/ic1-the-world-conference-on-intellectual-capital-for-communities-first-edition\/"},"modified":"2017-02-07T15:24:22","modified_gmt":"2017-02-07T14:24:22","slug":"ic1-the-world-conference-on-intellectual-capital-for-communities-first-edition","status":"publish","type":"post","link":"https:\/\/www.chairedelimmateriel.universite-paris-saclay.fr\/en\/2009\/03\/29\/ic1-the-world-conference-on-intellectual-capital-for-communities-first-edition\/","title":{"rendered":"IC1 The World Conference on Intellectual Capital for Communities  First Edition"},"content":{"rendered":"<p><a class=\"btn\" href=\"https:\/\/www.chairedelimmateriel.universite-paris-saclay.fr\/wp-content\/uploads\/2010\/09\/Intellectual_Capital_Agenda.pdf\">T\u00e9l\u00e9charger le programme<\/a><\/p>\n<p>T\u00e9l\u00e9charger les pr\u00e9sentations ci-dessous.<\/p>\n<h2>Session 1: Intellectual Capital and the Knowledge Economy<\/h2>\n<ul>\n<li><a href=\"https:\/\/www.chairedelimmateriel.universite-paris-saclay.fr\/wp-content\/uploads\/2010\/09\/IC.JEA_.pdf\">Knowledge Economies: A Global Perspective. Jean-Eric Aubert, World Bank Institute<\/a><\/li>\n<li><a href=\"https:\/\/www.chairedelimmateriel.universite-paris-saclay.fr\/wp-content\/uploads\/2010\/09\/InvestmentinKnowledge.pdf\">Investment in Knowledge across OECD Countries.Mosahid Khan, OECD<\/a><\/li>\n<li><a href=\"https:\/\/www.chairedelimmateriel.universite-paris-saclay.fr\/wp-content\/uploads\/2010\/09\/Patents_in_the_Knowledge_Economy.pdf\">Patents in the Knowledge Economy: a European Perspective. Dominique Guellec, European Patent Office<\/a><\/li>\n<li><a href=\"https:\/\/www.chairedelimmateriel.universite-paris-saclay.fr\/wp-content\/uploads\/2010\/09\/Intangibles_and_IC.pdf\">Intangibles and Intellectual Capital in EIB Investment Project Appraisal. Jean-Jacques Mertens, Jacques Van der Meer, European Investment Bank.<\/a><\/li>\n<li><a href=\"https:\/\/www.chairedelimmateriel.universite-paris-saclay.fr\/wp-content\/uploads\/2010\/09\/i2010.pdf\">i2010 \u2013 a European Information Society for Growth and Employment. Oluf Nielsen, European Commission<\/a><\/li>\n<\/ul>\n<h2>Session 2: Intellectual Capital for Nations<\/h2>\n<ul>\n<li><a href=\"https:\/\/www.chairedelimmateriel.universite-paris-saclay.fr\/wp-content\/uploads\/2010\/09\/Rise_of_US_IC.pdf\">The Rise of US Intellectual Capital: A Trillion Dollars of Intangible Investment Annually.Leonard Nakamura, Federal Reserve Bank of Philadelphia<\/a><\/li>\n<li><a href=\"https:\/\/www.chairedelimmateriel.universite-paris-saclay.fr\/wp-content\/uploads\/2010\/09\/InSearchJapan.pdf\">Intellectual Capital for Japan: in Search of Japanese-Style Intellectual Capital Management.M. Kawase , Actcell , Japan<\/a><\/li>\n<li><a href=\"https:\/\/www.chairedelimmateriel.universite-paris-saclay.fr\/wp-content\/uploads\/2010\/09\/Intellectual_Assets.pdf\">Intellectual Capital for Japan: Intellectual Assets &amp; Management Reporting.Takayuki Sumita, METI, Japan<\/a><\/li>\n<li><a href=\"https:\/\/www.chairedelimmateriel.universite-paris-saclay.fr\/wp-content\/uploads\/2010\/09\/Assessing_Performance.pdf\">Assessing Performance of European Innovation Systems: An Intellectual Capital Indexes Perspective. Ahmed Bounfour, University of Marne-La-Vallee<\/a><\/li>\n<li><a href=\"https:\/\/www.chairedelimmateriel.universite-paris-saclay.fr\/wp-content\/uploads\/2010\/09\/IC_for_France.pdf\">Intellectual Capital for France. Gr\u00e9goire-Postel-Vinay, Ministry of Economy, Finance &amp; Industry<\/a><\/li>\n<li><a href=\"https:\/\/www.chairedelimmateriel.universite-paris-saclay.fr\/wp-content\/uploads\/2010\/09\/Intellectual_Capital_in_Portugal.pdf\">Intellectual Capital in Portugal: from Academic Talk to Governmental Action. Jos\u00e9 Pinto Duarte, professor, Member of the Portuguese Mission Unit for the Technologic Plan , Portugal<\/a><\/li>\n<li><a href=\"https:\/\/www.chairedelimmateriel.universite-paris-saclay.fr\/wp-content\/uploads\/2010\/09\/IC_for_Finland.pdf\">Intellectual Capital for Finland: Beyond the Nokia Success. Pirjo St\u00e5hle, Professor, Lappeenranta University of Technology<\/a><\/li>\n<li><a href=\"https:\/\/www.chairedelimmateriel.universite-paris-saclay.fr\/wp-content\/uploads\/2010\/09\/IC_Taiwan.pdf\">Intellectual Capital in Taiwan. Se-Hwa WU, Professor &amp; Dean, National Chengchi University , Chinese Taipeh<\/a><\/li>\n<\/ul>\n<h2>Session 3: Intellectual Capital for Regions<\/h2>\n<ul>\n<li><a href=\"https:\/\/www.chairedelimmateriel.universite-paris-saclay.fr\/wp-content\/uploads\/2010\/09\/Value_Creation.pdf\">Value Creation Efficiency at National and Regional Level. Case Study: Croatia and the EU. Ante Pulic.<\/a><\/li>\n<li><a href=\"https:\/\/www.chairedelimmateriel.universite-paris-saclay.fr\/wp-content\/uploads\/2010\/09\/IC_Creation_in_Regions.pdf\">Intellectual Capital Creation in Regions: A Knowledge System Approach.Anssi Smedlund, Helsinki University , and Aino P\u00f6yh\u00f6nen, Lappeenranta University of Technology , Finland<\/a><\/li>\n<li><a href=\"https:\/\/www.chairedelimmateriel.universite-paris-saclay.fr\/wp-content\/uploads\/2010\/09\/The_Ignorance_Meter.pdf\">Ragusa or How to Measure Ignorance: The Meter. Klaus North and Stefanie Kares, University of Applied Sciences, Wiesbaden, Germany<\/a><\/li>\n<li><a href=\"https:\/\/www.chairedelimmateriel.universite-paris-saclay.fr\/wp-content\/uploads\/2010\/09\/RICBS.pdf\">RICBS: A Methodology and a Framework for Regions&#8217; Intellectual Capital Strategic Management. A Practical Application in the Maresme Region. Jos\u00e9 Mar\u00eda Viedma Marti, Polytechnic University of Catalonia<\/a><\/li>\n<\/ul>\n<h2>Session 4: Looking at the Future, Research and Policy Agenda<\/h2>\n<ul>\n<li><a href=\"https:\/\/www.chairedelimmateriel.universite-paris-saclay.fr\/wp-content\/uploads\/2010\/09\/Intro.pdf\">Looking at the Future, Research and Policy Agenda, Introduction. Ahmed Bounfour, University of Marne-La-Vall\u00e9e<\/a><\/li>\n<li><a href=\"https:\/\/www.chairedelimmateriel.universite-paris-saclay.fr\/wp-content\/uploads\/2010\/09\/Welfare.pdf\">Welfare and Security for Future Generations. Leif Edvinsson, University of Lund<\/a><\/li>\n<li><a href=\"https:\/\/www.chairedelimmateriel.universite-paris-saclay.fr\/wp-content\/uploads\/2010\/09\/Intellectual_Capital_Reporting.pdf\">Intellectual Capital Reporting: the Austrian Approach, Experience Made and a Look Into the Future. Guenter Koch, Execupery, Vienna , Austria<\/a><\/li>\n<\/ul>\n<div class=\"shariff\" data-title=\"IC1 The World Conference on Intellectual Capital for Communities  First Edition\" data-info-url=\"\" data-backend-url=\"https:\/\/www.chairedelimmateriel.universite-paris-saclay.fr\/wp-content\/plugins\/shariff-sharing\/backend\/index.php\" data-temp=\"\/tmp\" data-ttl=\"60\" data-service=\"tl\" data-services='[\"facebook\",\"twitter\",\"linkedin\"]' data-image=\"\" data-url=\"https:\/\/www.chairedelimmateriel.universite-paris-saclay.fr\/en\/2009\/03\/29\/ic1-the-world-conference-on-intellectual-capital-for-communities-first-edition\/\" data-lang=\"en\" data-theme=\"color\" data-orientation=\"horizontal\"><\/div>","protected":false},"excerpt":{"rendered":"<p>T\u00e9l\u00e9charger le programme T\u00e9l\u00e9charger les pr\u00e9sentations ci-dessous. Session 1: Intellectual Capital and the Knowledge Economy Knowledge Economies: A Global Perspective. Jean-Eric Aubert, World Bank Institute Investment in Knowledge across OECD Countries.Mosahid Khan, OECD Patents in the Knowledge Economy: a European&nbsp;<small>(&#8230;)<\/small><\/p>\n","protected":false},"author":2,"featured_media":0,"comment_status":"closed","ping_status":"closed","sticky":false,"template":"","format":"standard","meta":{"_monsterinsights_skip_tracking":false,"footnotes":""},"categories":[11,12,4],"tags":[],"class_list":["post-272","post","type-post","status-publish","format-standard","hentry","category-conference-mondiale-en","category-evenements-en","category-news"],"yoast_head":"<!-- This site is optimized with the Yoast SEO plugin v28.4 - https:\/\/yoast.com\/product\/yoast-seo-wordpress\/ -->\n<title>IC1 The World Conference on Intellectual Capital for Communities First Edition - Chaire Europ\u00e9enne de l\u2019Immat\u00e9riel<\/title>\n<meta name=\"robots\" content=\"index, follow, max-snippet:-1, max-image-preview:large, max-video-preview:-1\" \/>\n<link rel=\"canonical\" href=\"https:\/\/www.chairedelimmateriel.universite-paris-saclay.fr\/en\/2009\/03\/29\/ic1-the-world-conference-on-intellectual-capital-for-communities-first-edition\/\" \/>\n<meta property=\"og:locale\" content=\"en_US\" \/>\n<meta property=\"og:type\" content=\"article\" \/>\n<meta property=\"og:title\" content=\"IC1 The World Conference on Intellectual Capital for Communities First Edition - Chaire Europ\u00e9enne de l\u2019Immat\u00e9riel\" \/>\n<meta property=\"og:description\" content=\"T\u00e9l\u00e9charger le programme T\u00e9l\u00e9charger les pr\u00e9sentations ci-dessous. Session 1: Intellectual Capital and the Knowledge Economy Knowledge Economies: A Global Perspective. Jean-Eric Aubert, World Bank Institute Investment in Knowledge across OECD Countries.Mosahid Khan, OECD Patents in the Knowledge Economy: a European&nbsp;(...)\" \/>\n<meta property=\"og:url\" content=\"https:\/\/www.chairedelimmateriel.universite-paris-saclay.fr\/en\/2009\/03\/29\/ic1-the-world-conference-on-intellectual-capital-for-communities-first-edition\/\" \/>\n<meta property=\"og:site_name\" content=\"Chaire Europ\u00e9enne de l\u2019Immat\u00e9riel\" \/>\n<meta property=\"article:published_time\" content=\"2009-03-29T12:53:00+00:00\" \/>\n<meta property=\"article:modified_time\" content=\"2017-02-07T14:24:22+00:00\" \/>\n<meta name=\"author\" content=\"Ahmed Bounfour\" \/>\n<meta name=\"twitter:card\" content=\"summary_large_image\" \/>\n<meta name=\"twitter:label1\" content=\"Written by\" \/>\n\t<meta name=\"twitter:data1\" content=\"Ahmed Bounfour\" \/>\n\t<meta name=\"twitter:label2\" content=\"Est. reading time\" \/>\n\t<meta name=\"twitter:data2\" content=\"2 minutes\" \/>\n<script type=\"application\/ld+json\" class=\"yoast-schema-graph\">{\"@context\":\"https:\\\/\\\/schema.org\",\"@graph\":[{\"@type\":\"Article\",\"@id\":\"https:\\\/\\\/www.chairedelimmateriel.universite-paris-saclay.fr\\\/en\\\/2009\\\/03\\\/29\\\/ic1-the-world-conference-on-intellectual-capital-for-communities-first-edition\\\/#article\",\"isPartOf\":{\"@id\":\"https:\\\/\\\/www.chairedelimmateriel.universite-paris-saclay.fr\\\/en\\\/2009\\\/03\\\/29\\\/ic1-the-world-conference-on-intellectual-capital-for-communities-first-edition\\\/\"},\"author\":{\"name\":\"Ahmed Bounfour\",\"@id\":\"https:\\\/\\\/www.chairedelimmateriel.universite-paris-saclay.fr\\\/#\\\/schema\\\/person\\\/99fad4cfaf4bf6a8c5d1970bd79888f4\"},\"headline\":\"IC1 The World Conference on Intellectual Capital for Communities First Edition\",\"datePublished\":\"2009-03-29T12:53:00+00:00\",\"dateModified\":\"2017-02-07T14:24:22+00:00\",\"mainEntityOfPage\":{\"@id\":\"https:\\\/\\\/www.chairedelimmateriel.universite-paris-saclay.fr\\\/en\\\/2009\\\/03\\\/29\\\/ic1-the-world-conference-on-intellectual-capital-for-communities-first-edition\\\/\"},\"wordCount\":374,\"articleSection\":[\"Conf\u00e9rence mondiale\",\"Ev\u00e9nements\",\"News\"],\"inLanguage\":\"en-US\"},{\"@type\":\"WebPage\",\"@id\":\"https:\\\/\\\/www.chairedelimmateriel.universite-paris-saclay.fr\\\/en\\\/2009\\\/03\\\/29\\\/ic1-the-world-conference-on-intellectual-capital-for-communities-first-edition\\\/\",\"url\":\"https:\\\/\\\/www.chairedelimmateriel.universite-paris-saclay.fr\\\/en\\\/2009\\\/03\\\/29\\\/ic1-the-world-conference-on-intellectual-capital-for-communities-first-edition\\\/\",\"name\":\"IC1 The World Conference on Intellectual Capital for Communities First Edition - Chaire Europ\u00e9enne de l\u2019Immat\u00e9riel\",\"isPartOf\":{\"@id\":\"https:\\\/\\\/www.chairedelimmateriel.universite-paris-saclay.fr\\\/#website\"},\"datePublished\":\"2009-03-29T12:53:00+00:00\",\"dateModified\":\"2017-02-07T14:24:22+00:00\",\"author\":{\"@id\":\"https:\\\/\\\/www.chairedelimmateriel.universite-paris-saclay.fr\\\/#\\\/schema\\\/person\\\/99fad4cfaf4bf6a8c5d1970bd79888f4\"},\"breadcrumb\":{\"@id\":\"https:\\\/\\\/www.chairedelimmateriel.universite-paris-saclay.fr\\\/en\\\/2009\\\/03\\\/29\\\/ic1-the-world-conference-on-intellectual-capital-for-communities-first-edition\\\/#breadcrumb\"},\"inLanguage\":\"en-US\",\"potentialAction\":[{\"@type\":\"ReadAction\",\"target\":[\"https:\\\/\\\/www.chairedelimmateriel.universite-paris-saclay.fr\\\/en\\\/2009\\\/03\\\/29\\\/ic1-the-world-conference-on-intellectual-capital-for-communities-first-edition\\\/\"]}]},{\"@type\":\"BreadcrumbList\",\"@id\":\"https:\\\/\\\/www.chairedelimmateriel.universite-paris-saclay.fr\\\/en\\\/2009\\\/03\\\/29\\\/ic1-the-world-conference-on-intellectual-capital-for-communities-first-edition\\\/#breadcrumb\",\"itemListElement\":[{\"@type\":\"ListItem\",\"position\":1,\"name\":\"Home\",\"item\":\"https:\\\/\\\/www.chairedelimmateriel.universite-paris-saclay.fr\\\/en\\\/\"},{\"@type\":\"ListItem\",\"position\":2,\"name\":\"IC1 The World Conference on Intellectual Capital for Communities First Edition\"}]},{\"@type\":\"WebSite\",\"@id\":\"https:\\\/\\\/www.chairedelimmateriel.universite-paris-saclay.fr\\\/#website\",\"url\":\"https:\\\/\\\/www.chairedelimmateriel.universite-paris-saclay.fr\\\/\",\"name\":\"Chaire Europ\u00e9enne de l\u2019Immat\u00e9riel\",\"description\":\"\",\"potentialAction\":[{\"@type\":\"SearchAction\",\"target\":{\"@type\":\"EntryPoint\",\"urlTemplate\":\"https:\\\/\\\/www.chairedelimmateriel.universite-paris-saclay.fr\\\/?s={search_term_string}\"},\"query-input\":{\"@type\":\"PropertyValueSpecification\",\"valueRequired\":true,\"valueName\":\"search_term_string\"}}],\"inLanguage\":\"en-US\"},{\"@type\":\"Person\",\"@id\":\"https:\\\/\\\/www.chairedelimmateriel.universite-paris-saclay.fr\\\/#\\\/schema\\\/person\\\/99fad4cfaf4bf6a8c5d1970bd79888f4\",\"name\":\"Ahmed Bounfour\",\"image\":{\"@type\":\"ImageObject\",\"inLanguage\":\"en-US\",\"@id\":\"https:\\\/\\\/secure.gravatar.com\\\/avatar\\\/944d10c10395648f2cc983a051d3fe5d78761ea984ca1c1eb5c80b294b5ad65b?s=96&d=mm&r=g\",\"url\":\"https:\\\/\\\/secure.gravatar.com\\\/avatar\\\/944d10c10395648f2cc983a051d3fe5d78761ea984ca1c1eb5c80b294b5ad65b?s=96&d=mm&r=g\",\"contentUrl\":\"https:\\\/\\\/secure.gravatar.com\\\/avatar\\\/944d10c10395648f2cc983a051d3fe5d78761ea984ca1c1eb5c80b294b5ad65b?s=96&d=mm&r=g\",\"caption\":\"Ahmed Bounfour\"},\"sameAs\":[\"https:\\\/\\\/www.chairedelimmateriel.universite-paris-saclay.fr\"]}]}<\/script>\n<!-- \/ Yoast SEO plugin. -->","yoast_head_json":{"title":"IC1 The World Conference on Intellectual Capital for Communities First Edition - Chaire Europ\u00e9enne de l\u2019Immat\u00e9riel","robots":{"index":"index","follow":"follow","max-snippet":"max-snippet:-1","max-image-preview":"max-image-preview:large","max-video-preview":"max-video-preview:-1"},"canonical":"https:\/\/www.chairedelimmateriel.universite-paris-saclay.fr\/en\/2009\/03\/29\/ic1-the-world-conference-on-intellectual-capital-for-communities-first-edition\/","og_locale":"en_US","og_type":"article","og_title":"IC1 The World Conference on Intellectual Capital for Communities First Edition - Chaire Europ\u00e9enne de l\u2019Immat\u00e9riel","og_description":"T\u00e9l\u00e9charger le programme T\u00e9l\u00e9charger les pr\u00e9sentations ci-dessous. Session 1: Intellectual Capital and the Knowledge Economy Knowledge Economies: A Global Perspective. Jean-Eric Aubert, World Bank Institute Investment in Knowledge across OECD Countries.Mosahid Khan, OECD Patents in the Knowledge Economy: a European&nbsp;(...)","og_url":"https:\/\/www.chairedelimmateriel.universite-paris-saclay.fr\/en\/2009\/03\/29\/ic1-the-world-conference-on-intellectual-capital-for-communities-first-edition\/","og_site_name":"Chaire Europ\u00e9enne de l\u2019Immat\u00e9riel","article_published_time":"2009-03-29T12:53:00+00:00","article_modified_time":"2017-02-07T14:24:22+00:00","author":"Ahmed Bounfour","twitter_card":"summary_large_image","twitter_misc":{"Written by":"Ahmed Bounfour","Est. reading time":"2 minutes"},"schema":{"@context":"https:\/\/schema.org","@graph":[{"@type":"Article","@id":"https:\/\/www.chairedelimmateriel.universite-paris-saclay.fr\/en\/2009\/03\/29\/ic1-the-world-conference-on-intellectual-capital-for-communities-first-edition\/#article","isPartOf":{"@id":"https:\/\/www.chairedelimmateriel.universite-paris-saclay.fr\/en\/2009\/03\/29\/ic1-the-world-conference-on-intellectual-capital-for-communities-first-edition\/"},"author":{"name":"Ahmed Bounfour","@id":"https:\/\/www.chairedelimmateriel.universite-paris-saclay.fr\/#\/schema\/person\/99fad4cfaf4bf6a8c5d1970bd79888f4"},"headline":"IC1 The World Conference on Intellectual Capital for Communities First Edition","datePublished":"2009-03-29T12:53:00+00:00","dateModified":"2017-02-07T14:24:22+00:00","mainEntityOfPage":{"@id":"https:\/\/www.chairedelimmateriel.universite-paris-saclay.fr\/en\/2009\/03\/29\/ic1-the-world-conference-on-intellectual-capital-for-communities-first-edition\/"},"wordCount":374,"articleSection":["Conf\u00e9rence mondiale","Ev\u00e9nements","News"],"inLanguage":"en-US"},{"@type":"WebPage","@id":"https:\/\/www.chairedelimmateriel.universite-paris-saclay.fr\/en\/2009\/03\/29\/ic1-the-world-conference-on-intellectual-capital-for-communities-first-edition\/","url":"https:\/\/www.chairedelimmateriel.universite-paris-saclay.fr\/en\/2009\/03\/29\/ic1-the-world-conference-on-intellectual-capital-for-communities-first-edition\/","name":"IC1 The World Conference on Intellectual Capital for Communities First Edition - Chaire Europ\u00e9enne de l\u2019Immat\u00e9riel","isPartOf":{"@id":"https:\/\/www.chairedelimmateriel.universite-paris-saclay.fr\/#website"},"datePublished":"2009-03-29T12:53:00+00:00","dateModified":"2017-02-07T14:24:22+00:00","author":{"@id":"https:\/\/www.chairedelimmateriel.universite-paris-saclay.fr\/#\/schema\/person\/99fad4cfaf4bf6a8c5d1970bd79888f4"},"breadcrumb":{"@id":"https:\/\/www.chairedelimmateriel.universite-paris-saclay.fr\/en\/2009\/03\/29\/ic1-the-world-conference-on-intellectual-capital-for-communities-first-edition\/#breadcrumb"},"inLanguage":"en-US","potentialAction":[{"@type":"ReadAction","target":["https:\/\/www.chairedelimmateriel.universite-paris-saclay.fr\/en\/2009\/03\/29\/ic1-the-world-conference-on-intellectual-capital-for-communities-first-edition\/"]}]},{"@type":"BreadcrumbList","@id":"https:\/\/www.chairedelimmateriel.universite-paris-saclay.fr\/en\/2009\/03\/29\/ic1-the-world-conference-on-intellectual-capital-for-communities-first-edition\/#breadcrumb","itemListElement":[{"@type":"ListItem","position":1,"name":"Home","item":"https:\/\/www.chairedelimmateriel.universite-paris-saclay.fr\/en\/"},{"@type":"ListItem","position":2,"name":"IC1 The World Conference on Intellectual Capital for Communities First Edition"}]},{"@type":"WebSite","@id":"https:\/\/www.chairedelimmateriel.universite-paris-saclay.fr\/#website","url":"https:\/\/www.chairedelimmateriel.universite-paris-saclay.fr\/","name":"Chaire Europ\u00e9enne de l\u2019Immat\u00e9riel","description":"","potentialAction":[{"@type":"SearchAction","target":{"@type":"EntryPoint","urlTemplate":"https:\/\/www.chairedelimmateriel.universite-paris-saclay.fr\/?s={search_term_string}"},"query-input":{"@type":"PropertyValueSpecification","valueRequired":true,"valueName":"search_term_string"}}],"inLanguage":"en-US"},{"@type":"Person","@id":"https:\/\/www.chairedelimmateriel.universite-paris-saclay.fr\/#\/schema\/person\/99fad4cfaf4bf6a8c5d1970bd79888f4","name":"Ahmed Bounfour","image":{"@type":"ImageObject","inLanguage":"en-US","@id":"https:\/\/secure.gravatar.com\/avatar\/944d10c10395648f2cc983a051d3fe5d78761ea984ca1c1eb5c80b294b5ad65b?s=96&d=mm&r=g","url":"https:\/\/secure.gravatar.com\/avatar\/944d10c10395648f2cc983a051d3fe5d78761ea984ca1c1eb5c80b294b5ad65b?s=96&d=mm&r=g","contentUrl":"https:\/\/secure.gravatar.com\/avatar\/944d10c10395648f2cc983a051d3fe5d78761ea984ca1c1eb5c80b294b5ad65b?s=96&d=mm&r=g","caption":"Ahmed Bounfour"},"sameAs":["https:\/\/www.chairedelimmateriel.universite-paris-saclay.fr"]}]}},"_links":{"self":[{"href":"https:\/\/www.chairedelimmateriel.universite-paris-saclay.fr\/en\/wp-json\/wp\/v2\/posts\/272","targetHints":{"allow":["GET"]}}],"collection":[{"href":"https:\/\/www.chairedelimmateriel.universite-paris-saclay.fr\/en\/wp-json\/wp\/v2\/posts"}],"about":[{"href":"https:\/\/www.chairedelimmateriel.universite-paris-saclay.fr\/en\/wp-json\/wp\/v2\/types\/post"}],"author":[{"embeddable":true,"href":"https:\/\/www.chairedelimmateriel.universite-paris-saclay.fr\/en\/wp-json\/wp\/v2\/users\/2"}],"replies":[{"embeddable":true,"href":"https:\/\/www.chairedelimmateriel.universite-paris-saclay.fr\/en\/wp-json\/wp\/v2\/comments?post=272"}],"version-history":[{"count":3,"href":"https:\/\/www.chairedelimmateriel.universite-paris-saclay.fr\/en\/wp-json\/wp\/v2\/posts\/272\/revisions"}],"predecessor-version":[{"id":2169,"href":"https:\/\/www.chairedelimmateriel.universite-paris-saclay.fr\/en\/wp-json\/wp\/v2\/posts\/272\/revisions\/2169"}],"wp:attachment":[{"href":"https:\/\/www.chairedelimmateriel.universite-paris-saclay.fr\/en\/wp-json\/wp\/v2\/media?parent=272"}],"wp:term":[{"taxonomy":"category","embeddable":true,"href":"https:\/\/www.chairedelimmateriel.universite-paris-saclay.fr\/en\/wp-json\/wp\/v2\/categories?post=272"},{"taxonomy":"post_tag","embeddable":true,"href":"https:\/\/www.chairedelimmateriel.universite-paris-saclay.fr\/en\/wp-json\/wp\/v2\/tags?post=272"}],"curies":[{"name":"wp","href":"https:\/\/api.w.org\/{rel}","templated":true}]}}