{"id":2693,"date":"2018-11-08T11:52:50","date_gmt":"2018-11-08T10:52:50","guid":{"rendered":"https:\/\/www.chairedelimmateriel.universite-paris-saclay.fr\/2018\/11\/07\/seminaire-dechange-sur-actifs-institutionnels-innovation-institutionnelle-et-developpement-territorial\/"},"modified":"2018-11-08T12:44:02","modified_gmt":"2018-11-08T11:44:02","slug":"seminaire-dechange-sur-actifs-institutionnels-innovation-institutionnelle-et-developpement-territorial","status":"publish","type":"post","link":"https:\/\/www.chairedelimmateriel.universite-paris-saclay.fr\/en\/2018\/11\/08\/seminaire-dechange-sur-actifs-institutionnels-innovation-institutionnelle-et-developpement-territorial\/","title":{"rendered":"S\u00e9minaire d\u2019\u00e9change sur \u00ab&nbsp;Actifs institutionnels, innovation institutionelle et d\u00e9veloppement territorial\u00bb"},"content":{"rendered":"<p style=\"text-align: center;\"><strong>S\u00e9minaire d\u2019\u00e9change<\/strong><\/p>\n<p style=\"text-align: center;\"><strong>sur<\/strong><\/p>\n<p style=\"text-align: center;\"><strong>\u00ab&nbsp;ACTIFS INSTITUTIONNELS, INNOVATION INSTITUTIONNELLE<\/strong><\/p>\n<p style=\"text-align: center;\"><strong>\u00a0ET\u00a0<\/strong><strong>DEVELOPPEMENT TERRITORIAL\u00bb<\/strong><\/p>\n<p style=\"text-align: center;\"><strong>\u00a0<\/strong>13 novembre 2018<\/p>\n<p style=\"text-align: center;\">9h30-12h<\/p>\n<p style=\"text-align: center;\">CGET<\/p>\n<p style=\"text-align: center;\">20, av. de\u00a0S\u00e9gur\u00a0&#8211; 75007 Paris<\/p>\n<p style=\"text-align: center;\">salle 0.410<\/p>\n<p><a class=\"btn\" href=\"https:\/\/www.chairedelimmateriel.universite-paris-saclay.fr\/wp-content\/uploads\/2018\/11\/S\u00e9minaire-actifs-inistitutionnels-et-d\u00e9veloppement-terrotorial-final.pdf\">Agenda<\/a><\/p>\n<p><strong>LES OBJECTIFS DU SEMINAIRE<\/strong><\/p>\n<p><strong style=\"text-align: center;\"><img loading=\"lazy\" decoding=\"async\" class=\"wp-image-2684 alignright\" src=\"https:\/\/www.chairedelimmateriel.universite-paris-saclay.fr\/wp-content\/uploads\/2018\/11\/CGET11.18-285x300.jpg\" alt=\"\" width=\"220\" height=\"232\" srcset=\"https:\/\/www.chairedelimmateriel.universite-paris-saclay.fr\/wp-content\/uploads\/2018\/11\/CGET11.18-285x300.jpg 285w, https:\/\/www.chairedelimmateriel.universite-paris-saclay.fr\/wp-content\/uploads\/2018\/11\/CGET11.18-209x220.jpg 209w, https:\/\/www.chairedelimmateriel.universite-paris-saclay.fr\/wp-content\/uploads\/2018\/11\/CGET11.18.jpg 576w\" sizes=\"auto, (max-width: 220px) 100vw, 220px\" \/><\/strong><\/p>\n<p>Le s\u00e9minaire propos\u00e9 a plusieurs objectifs\u00a0:<\/p>\n<ul>\n<li>Identifier et discuter les diff\u00e9rentes dimensions des actifs institutionnels, dans une perspective de d\u00e9veloppement \u00e9conomique ;<\/li>\n<li>Analyser l\u2019impact des facteurs institutionnels sur la performance territoriale et en identifier les facteurs de contingence\u00a0;<\/li>\n<li>Proposer des cadres d\u2019analyse et de d\u00e9cision, susceptibles d\u2019\u00eatre mobilis\u00e9s dans les programmes et actions publiques \u00e0 vocation territoriale.<\/li>\n<\/ul>\n<p><strong>\u00a0<\/strong><\/p>\n<p><strong>LES INTERVENANTS <\/strong><\/p>\n<ul>\n<li>\u00abDimension institutionnelle et strat\u00e9gie de d\u00e9veloppement r\u00e9gional&nbsp;\u00bb, <strong>Andr\u00e9s Rodriguez-Pos\u00e9<\/strong>, Professor of Economic G\u00e9ographique \u00e0 la London School of Economics<\/li>\n<li>\u00abOECD Regional well-being indicators\u201d.\u00bb, <strong>Sandra Hannig<\/strong>,\u00a0Policy Analyst, OCDE<\/li>\n<li>\u00abLes tiers lieux en tant qu\u2019espaces d\u2019innovation\u00a0\u00bb, <strong>Emmanuel Dupont<\/strong>, responsable d\u2019animation scientifique au CGET<\/li>\n<li>\u00ab&nbsp;Les Actifs institutionnels et la question du transfert de la connaissance&nbsp;\u00bb, <strong>Ahmed Bounfour<\/strong>, Professeur des universit\u00e9s, Universit\u00e9 Paris-Sud\u00a0, RITM &amp; Chaire europ\u00e9enne de l\u2019immat\u00e9riel<\/li>\n<\/ul>\n<p><a class=\"btn\" href=\"https:\/\/goo.gl\/forms\/TEnJTAdcHD8CE0Yh2\">Inscription<\/a><\/p>\n<div class=\"shariff\" data-title=\"S\u00e9minaire d\u2019\u00e9change sur \u00ab&nbsp;Actifs institutionnels, innovation institutionelle et d\u00e9veloppement territorial\u00bb\" data-info-url=\"\" data-backend-url=\"https:\/\/www.chairedelimmateriel.universite-paris-saclay.fr\/wp-content\/plugins\/shariff-sharing\/backend\/index.php\" data-temp=\"\/tmp\" data-ttl=\"60\" data-service=\"tl\" data-services='[\"facebook\",\"twitter\",\"linkedin\"]' data-image=\"https:\/\/www.chairedelimmateriel.universite-paris-saclay.fr\/wp-content\/uploads\/2018\/11\/CGET11.18-285x300.jpg\" data-url=\"https:\/\/www.chairedelimmateriel.universite-paris-saclay.fr\/en\/2018\/11\/08\/seminaire-dechange-sur-actifs-institutionnels-innovation-institutionnelle-et-developpement-territorial\/\" data-lang=\"en\" data-theme=\"color\" data-orientation=\"horizontal\"><\/div>","protected":false},"excerpt":{"rendered":"<p>S\u00e9minaire d\u2019\u00e9change sur \u00ab&nbsp;ACTIFS INSTITUTIONNELS, INNOVATION INSTITUTIONNELLE \u00a0ET\u00a0DEVELOPPEMENT TERRITORIAL\u00bb \u00a013 novembre 2018 9h30-12h CGET 20, av. de\u00a0S\u00e9gur\u00a0&#8211; 75007 Paris salle 0.410 Agenda LES OBJECTIFS DU SEMINAIRE Le s\u00e9minaire propos\u00e9 a plusieurs objectifs\u00a0: Identifier et discuter les diff\u00e9rentes dimensions des actifs&nbsp;<small>(&#8230;)<\/small><\/p>\n","protected":false},"author":3,"featured_media":0,"comment_status":"closed","ping_status":"closed","sticky":false,"template":"","format":"standard","meta":{"_monsterinsights_skip_tracking":false,"footnotes":""},"categories":[4],"tags":[],"class_list":["post-2693","post","type-post","status-publish","format-standard","hentry","category-news"],"yoast_head":"<!-- This site is optimized with the Yoast SEO plugin v28.4 - https:\/\/yoast.com\/product\/yoast-seo-wordpress\/ -->\n<title>S\u00e9minaire d\u2019\u00e9change sur \u00ab Actifs institutionnels, innovation institutionelle et d\u00e9veloppement territorial\u00bb - Chaire Europ\u00e9enne de l\u2019Immat\u00e9riel<\/title>\n<meta name=\"robots\" content=\"index, follow, max-snippet:-1, max-image-preview:large, max-video-preview:-1\" \/>\n<link rel=\"canonical\" href=\"https:\/\/www.chairedelimmateriel.universite-paris-saclay.fr\/en\/2018\/11\/08\/seminaire-dechange-sur-actifs-institutionnels-innovation-institutionnelle-et-developpement-territorial\/\" \/>\n<meta property=\"og:locale\" content=\"en_US\" \/>\n<meta property=\"og:type\" content=\"article\" \/>\n<meta property=\"og:title\" content=\"S\u00e9minaire d\u2019\u00e9change sur \u00ab Actifs institutionnels, innovation institutionelle et d\u00e9veloppement territorial\u00bb - Chaire Europ\u00e9enne de l\u2019Immat\u00e9riel\" \/>\n<meta property=\"og:description\" content=\"S\u00e9minaire d\u2019\u00e9change sur \u00ab&nbsp;ACTIFS INSTITUTIONNELS, INNOVATION INSTITUTIONNELLE \u00a0ET\u00a0DEVELOPPEMENT TERRITORIAL\u00bb \u00a013 novembre 2018 9h30-12h CGET 20, av. de\u00a0S\u00e9gur\u00a0&#8211; 75007 Paris salle 0.410 Agenda LES OBJECTIFS DU SEMINAIRE Le s\u00e9minaire propos\u00e9 a plusieurs objectifs\u00a0: Identifier et discuter les diff\u00e9rentes dimensions des actifs&nbsp;(...)\" \/>\n<meta property=\"og:url\" content=\"https:\/\/www.chairedelimmateriel.universite-paris-saclay.fr\/en\/2018\/11\/08\/seminaire-dechange-sur-actifs-institutionnels-innovation-institutionnelle-et-developpement-territorial\/\" \/>\n<meta property=\"og:site_name\" content=\"Chaire Europ\u00e9enne de l\u2019Immat\u00e9riel\" \/>\n<meta property=\"article:published_time\" content=\"2018-11-08T10:52:50+00:00\" \/>\n<meta property=\"article:modified_time\" content=\"2018-11-08T11:44:02+00:00\" \/>\n<meta property=\"og:image\" content=\"https:\/\/www.chairedelimmateriel.universite-paris-saclay.fr\/wp-content\/uploads\/2018\/11\/CGET11.18-285x300.jpg\" \/>\n<meta name=\"author\" content=\"Kreiling Laura\" \/>\n<meta name=\"twitter:card\" content=\"summary_large_image\" \/>\n<meta name=\"twitter:label1\" content=\"Written by\" \/>\n\t<meta name=\"twitter:data1\" content=\"Kreiling Laura\" \/>\n\t<meta name=\"twitter:label2\" content=\"Est. reading time\" \/>\n\t<meta name=\"twitter:data2\" content=\"1 minute\" \/>\n<script type=\"application\/ld+json\" class=\"yoast-schema-graph\">{\"@context\":\"https:\\\/\\\/schema.org\",\"@graph\":[{\"@type\":\"Article\",\"@id\":\"https:\\\/\\\/www.chairedelimmateriel.universite-paris-saclay.fr\\\/en\\\/2018\\\/11\\\/08\\\/seminaire-dechange-sur-actifs-institutionnels-innovation-institutionnelle-et-developpement-territorial\\\/#article\",\"isPartOf\":{\"@id\":\"https:\\\/\\\/www.chairedelimmateriel.universite-paris-saclay.fr\\\/en\\\/2018\\\/11\\\/08\\\/seminaire-dechange-sur-actifs-institutionnels-innovation-institutionnelle-et-developpement-territorial\\\/\"},\"author\":{\"name\":\"Kreiling Laura\",\"@id\":\"https:\\\/\\\/www.chairedelimmateriel.universite-paris-saclay.fr\\\/#\\\/schema\\\/person\\\/ffacb5936f64abc8adaaa7e81662aa51\"},\"headline\":\"S\u00e9minaire d\u2019\u00e9change sur \u00ab&nbsp;Actifs institutionnels, innovation institutionelle et d\u00e9veloppement territorial\u00bb\",\"datePublished\":\"2018-11-08T10:52:50+00:00\",\"dateModified\":\"2018-11-08T11:44:02+00:00\",\"mainEntityOfPage\":{\"@id\":\"https:\\\/\\\/www.chairedelimmateriel.universite-paris-saclay.fr\\\/en\\\/2018\\\/11\\\/08\\\/seminaire-dechange-sur-actifs-institutionnels-innovation-institutionnelle-et-developpement-territorial\\\/\"},\"wordCount\":185,\"image\":{\"@id\":\"https:\\\/\\\/www.chairedelimmateriel.universite-paris-saclay.fr\\\/en\\\/2018\\\/11\\\/08\\\/seminaire-dechange-sur-actifs-institutionnels-innovation-institutionnelle-et-developpement-territorial\\\/#primaryimage\"},\"thumbnailUrl\":\"https:\\\/\\\/www.chairedelimmateriel.universite-paris-saclay.fr\\\/wp-content\\\/uploads\\\/2018\\\/11\\\/CGET11.18-285x300.jpg\",\"articleSection\":[\"News\"],\"inLanguage\":\"en-US\"},{\"@type\":\"WebPage\",\"@id\":\"https:\\\/\\\/www.chairedelimmateriel.universite-paris-saclay.fr\\\/en\\\/2018\\\/11\\\/08\\\/seminaire-dechange-sur-actifs-institutionnels-innovation-institutionnelle-et-developpement-territorial\\\/\",\"url\":\"https:\\\/\\\/www.chairedelimmateriel.universite-paris-saclay.fr\\\/en\\\/2018\\\/11\\\/08\\\/seminaire-dechange-sur-actifs-institutionnels-innovation-institutionnelle-et-developpement-territorial\\\/\",\"name\":\"S\u00e9minaire d\u2019\u00e9change sur \u00ab Actifs institutionnels, innovation institutionelle et d\u00e9veloppement territorial\u00bb - Chaire Europ\u00e9enne de l\u2019Immat\u00e9riel\",\"isPartOf\":{\"@id\":\"https:\\\/\\\/www.chairedelimmateriel.universite-paris-saclay.fr\\\/#website\"},\"primaryImageOfPage\":{\"@id\":\"https:\\\/\\\/www.chairedelimmateriel.universite-paris-saclay.fr\\\/en\\\/2018\\\/11\\\/08\\\/seminaire-dechange-sur-actifs-institutionnels-innovation-institutionnelle-et-developpement-territorial\\\/#primaryimage\"},\"image\":{\"@id\":\"https:\\\/\\\/www.chairedelimmateriel.universite-paris-saclay.fr\\\/en\\\/2018\\\/11\\\/08\\\/seminaire-dechange-sur-actifs-institutionnels-innovation-institutionnelle-et-developpement-territorial\\\/#primaryimage\"},\"thumbnailUrl\":\"https:\\\/\\\/www.chairedelimmateriel.universite-paris-saclay.fr\\\/wp-content\\\/uploads\\\/2018\\\/11\\\/CGET11.18-285x300.jpg\",\"datePublished\":\"2018-11-08T10:52:50+00:00\",\"dateModified\":\"2018-11-08T11:44:02+00:00\",\"author\":{\"@id\":\"https:\\\/\\\/www.chairedelimmateriel.universite-paris-saclay.fr\\\/#\\\/schema\\\/person\\\/ffacb5936f64abc8adaaa7e81662aa51\"},\"breadcrumb\":{\"@id\":\"https:\\\/\\\/www.chairedelimmateriel.universite-paris-saclay.fr\\\/en\\\/2018\\\/11\\\/08\\\/seminaire-dechange-sur-actifs-institutionnels-innovation-institutionnelle-et-developpement-territorial\\\/#breadcrumb\"},\"inLanguage\":\"en-US\",\"potentialAction\":[{\"@type\":\"ReadAction\",\"target\":[\"https:\\\/\\\/www.chairedelimmateriel.universite-paris-saclay.fr\\\/en\\\/2018\\\/11\\\/08\\\/seminaire-dechange-sur-actifs-institutionnels-innovation-institutionnelle-et-developpement-territorial\\\/\"]}]},{\"@type\":\"ImageObject\",\"inLanguage\":\"en-US\",\"@id\":\"https:\\\/\\\/www.chairedelimmateriel.universite-paris-saclay.fr\\\/en\\\/2018\\\/11\\\/08\\\/seminaire-dechange-sur-actifs-institutionnels-innovation-institutionnelle-et-developpement-territorial\\\/#primaryimage\",\"url\":\"https:\\\/\\\/www.chairedelimmateriel.universite-paris-saclay.fr\\\/wp-content\\\/uploads\\\/2018\\\/11\\\/CGET11.18-285x300.jpg\",\"contentUrl\":\"https:\\\/\\\/www.chairedelimmateriel.universite-paris-saclay.fr\\\/wp-content\\\/uploads\\\/2018\\\/11\\\/CGET11.18-285x300.jpg\"},{\"@type\":\"BreadcrumbList\",\"@id\":\"https:\\\/\\\/www.chairedelimmateriel.universite-paris-saclay.fr\\\/en\\\/2018\\\/11\\\/08\\\/seminaire-dechange-sur-actifs-institutionnels-innovation-institutionnelle-et-developpement-territorial\\\/#breadcrumb\",\"itemListElement\":[{\"@type\":\"ListItem\",\"position\":1,\"name\":\"Home\",\"item\":\"https:\\\/\\\/www.chairedelimmateriel.universite-paris-saclay.fr\\\/en\\\/\"},{\"@type\":\"ListItem\",\"position\":2,\"name\":\"S\u00e9minaire d\u2019\u00e9change sur \u00ab&nbsp;Actifs institutionnels, innovation institutionelle et d\u00e9veloppement territorial\u00bb\"}]},{\"@type\":\"WebSite\",\"@id\":\"https:\\\/\\\/www.chairedelimmateriel.universite-paris-saclay.fr\\\/#website\",\"url\":\"https:\\\/\\\/www.chairedelimmateriel.universite-paris-saclay.fr\\\/\",\"name\":\"Chaire Europ\u00e9enne de l\u2019Immat\u00e9riel\",\"description\":\"\",\"potentialAction\":[{\"@type\":\"SearchAction\",\"target\":{\"@type\":\"EntryPoint\",\"urlTemplate\":\"https:\\\/\\\/www.chairedelimmateriel.universite-paris-saclay.fr\\\/?s={search_term_string}\"},\"query-input\":{\"@type\":\"PropertyValueSpecification\",\"valueRequired\":true,\"valueName\":\"search_term_string\"}}],\"inLanguage\":\"en-US\"},{\"@type\":\"Person\",\"@id\":\"https:\\\/\\\/www.chairedelimmateriel.universite-paris-saclay.fr\\\/#\\\/schema\\\/person\\\/ffacb5936f64abc8adaaa7e81662aa51\",\"name\":\"Kreiling Laura\",\"image\":{\"@type\":\"ImageObject\",\"inLanguage\":\"en-US\",\"@id\":\"https:\\\/\\\/secure.gravatar.com\\\/avatar\\\/15602beaf7c7c4cecbce7fdcd7ede47d550db5ff16e5a1615ef796947e415d3c?s=96&d=mm&r=g\",\"url\":\"https:\\\/\\\/secure.gravatar.com\\\/avatar\\\/15602beaf7c7c4cecbce7fdcd7ede47d550db5ff16e5a1615ef796947e415d3c?s=96&d=mm&r=g\",\"contentUrl\":\"https:\\\/\\\/secure.gravatar.com\\\/avatar\\\/15602beaf7c7c4cecbce7fdcd7ede47d550db5ff16e5a1615ef796947e415d3c?s=96&d=mm&r=g\",\"caption\":\"Kreiling Laura\"}}]}<\/script>\n<!-- \/ Yoast SEO plugin. -->","yoast_head_json":{"title":"S\u00e9minaire d\u2019\u00e9change sur \u00ab Actifs institutionnels, innovation institutionelle et d\u00e9veloppement territorial\u00bb - Chaire Europ\u00e9enne de l\u2019Immat\u00e9riel","robots":{"index":"index","follow":"follow","max-snippet":"max-snippet:-1","max-image-preview":"max-image-preview:large","max-video-preview":"max-video-preview:-1"},"canonical":"https:\/\/www.chairedelimmateriel.universite-paris-saclay.fr\/en\/2018\/11\/08\/seminaire-dechange-sur-actifs-institutionnels-innovation-institutionnelle-et-developpement-territorial\/","og_locale":"en_US","og_type":"article","og_title":"S\u00e9minaire d\u2019\u00e9change sur \u00ab Actifs institutionnels, innovation institutionelle et d\u00e9veloppement territorial\u00bb - Chaire Europ\u00e9enne de l\u2019Immat\u00e9riel","og_description":"S\u00e9minaire d\u2019\u00e9change sur \u00ab&nbsp;ACTIFS INSTITUTIONNELS, INNOVATION INSTITUTIONNELLE \u00a0ET\u00a0DEVELOPPEMENT TERRITORIAL\u00bb \u00a013 novembre 2018 9h30-12h CGET 20, av. de\u00a0S\u00e9gur\u00a0&#8211; 75007 Paris salle 0.410 Agenda LES OBJECTIFS DU SEMINAIRE Le s\u00e9minaire propos\u00e9 a plusieurs objectifs\u00a0: Identifier et discuter les diff\u00e9rentes dimensions des actifs&nbsp;(...)","og_url":"https:\/\/www.chairedelimmateriel.universite-paris-saclay.fr\/en\/2018\/11\/08\/seminaire-dechange-sur-actifs-institutionnels-innovation-institutionnelle-et-developpement-territorial\/","og_site_name":"Chaire Europ\u00e9enne de l\u2019Immat\u00e9riel","article_published_time":"2018-11-08T10:52:50+00:00","article_modified_time":"2018-11-08T11:44:02+00:00","og_image":[{"url":"https:\/\/www.chairedelimmateriel.universite-paris-saclay.fr\/wp-content\/uploads\/2018\/11\/CGET11.18-285x300.jpg","type":"","width":"","height":""}],"author":"Kreiling Laura","twitter_card":"summary_large_image","twitter_misc":{"Written by":"Kreiling Laura","Est. reading time":"1 minute"},"schema":{"@context":"https:\/\/schema.org","@graph":[{"@type":"Article","@id":"https:\/\/www.chairedelimmateriel.universite-paris-saclay.fr\/en\/2018\/11\/08\/seminaire-dechange-sur-actifs-institutionnels-innovation-institutionnelle-et-developpement-territorial\/#article","isPartOf":{"@id":"https:\/\/www.chairedelimmateriel.universite-paris-saclay.fr\/en\/2018\/11\/08\/seminaire-dechange-sur-actifs-institutionnels-innovation-institutionnelle-et-developpement-territorial\/"},"author":{"name":"Kreiling Laura","@id":"https:\/\/www.chairedelimmateriel.universite-paris-saclay.fr\/#\/schema\/person\/ffacb5936f64abc8adaaa7e81662aa51"},"headline":"S\u00e9minaire d\u2019\u00e9change sur \u00ab&nbsp;Actifs institutionnels, innovation institutionelle et d\u00e9veloppement territorial\u00bb","datePublished":"2018-11-08T10:52:50+00:00","dateModified":"2018-11-08T11:44:02+00:00","mainEntityOfPage":{"@id":"https:\/\/www.chairedelimmateriel.universite-paris-saclay.fr\/en\/2018\/11\/08\/seminaire-dechange-sur-actifs-institutionnels-innovation-institutionnelle-et-developpement-territorial\/"},"wordCount":185,"image":{"@id":"https:\/\/www.chairedelimmateriel.universite-paris-saclay.fr\/en\/2018\/11\/08\/seminaire-dechange-sur-actifs-institutionnels-innovation-institutionnelle-et-developpement-territorial\/#primaryimage"},"thumbnailUrl":"https:\/\/www.chairedelimmateriel.universite-paris-saclay.fr\/wp-content\/uploads\/2018\/11\/CGET11.18-285x300.jpg","articleSection":["News"],"inLanguage":"en-US"},{"@type":"WebPage","@id":"https:\/\/www.chairedelimmateriel.universite-paris-saclay.fr\/en\/2018\/11\/08\/seminaire-dechange-sur-actifs-institutionnels-innovation-institutionnelle-et-developpement-territorial\/","url":"https:\/\/www.chairedelimmateriel.universite-paris-saclay.fr\/en\/2018\/11\/08\/seminaire-dechange-sur-actifs-institutionnels-innovation-institutionnelle-et-developpement-territorial\/","name":"S\u00e9minaire d\u2019\u00e9change sur \u00ab Actifs institutionnels, innovation institutionelle et d\u00e9veloppement territorial\u00bb - Chaire Europ\u00e9enne de l\u2019Immat\u00e9riel","isPartOf":{"@id":"https:\/\/www.chairedelimmateriel.universite-paris-saclay.fr\/#website"},"primaryImageOfPage":{"@id":"https:\/\/www.chairedelimmateriel.universite-paris-saclay.fr\/en\/2018\/11\/08\/seminaire-dechange-sur-actifs-institutionnels-innovation-institutionnelle-et-developpement-territorial\/#primaryimage"},"image":{"@id":"https:\/\/www.chairedelimmateriel.universite-paris-saclay.fr\/en\/2018\/11\/08\/seminaire-dechange-sur-actifs-institutionnels-innovation-institutionnelle-et-developpement-territorial\/#primaryimage"},"thumbnailUrl":"https:\/\/www.chairedelimmateriel.universite-paris-saclay.fr\/wp-content\/uploads\/2018\/11\/CGET11.18-285x300.jpg","datePublished":"2018-11-08T10:52:50+00:00","dateModified":"2018-11-08T11:44:02+00:00","author":{"@id":"https:\/\/www.chairedelimmateriel.universite-paris-saclay.fr\/#\/schema\/person\/ffacb5936f64abc8adaaa7e81662aa51"},"breadcrumb":{"@id":"https:\/\/www.chairedelimmateriel.universite-paris-saclay.fr\/en\/2018\/11\/08\/seminaire-dechange-sur-actifs-institutionnels-innovation-institutionnelle-et-developpement-territorial\/#breadcrumb"},"inLanguage":"en-US","potentialAction":[{"@type":"ReadAction","target":["https:\/\/www.chairedelimmateriel.universite-paris-saclay.fr\/en\/2018\/11\/08\/seminaire-dechange-sur-actifs-institutionnels-innovation-institutionnelle-et-developpement-territorial\/"]}]},{"@type":"ImageObject","inLanguage":"en-US","@id":"https:\/\/www.chairedelimmateriel.universite-paris-saclay.fr\/en\/2018\/11\/08\/seminaire-dechange-sur-actifs-institutionnels-innovation-institutionnelle-et-developpement-territorial\/#primaryimage","url":"https:\/\/www.chairedelimmateriel.universite-paris-saclay.fr\/wp-content\/uploads\/2018\/11\/CGET11.18-285x300.jpg","contentUrl":"https:\/\/www.chairedelimmateriel.universite-paris-saclay.fr\/wp-content\/uploads\/2018\/11\/CGET11.18-285x300.jpg"},{"@type":"BreadcrumbList","@id":"https:\/\/www.chairedelimmateriel.universite-paris-saclay.fr\/en\/2018\/11\/08\/seminaire-dechange-sur-actifs-institutionnels-innovation-institutionnelle-et-developpement-territorial\/#breadcrumb","itemListElement":[{"@type":"ListItem","position":1,"name":"Home","item":"https:\/\/www.chairedelimmateriel.universite-paris-saclay.fr\/en\/"},{"@type":"ListItem","position":2,"name":"S\u00e9minaire d\u2019\u00e9change sur \u00ab&nbsp;Actifs institutionnels, innovation institutionelle et d\u00e9veloppement territorial\u00bb"}]},{"@type":"WebSite","@id":"https:\/\/www.chairedelimmateriel.universite-paris-saclay.fr\/#website","url":"https:\/\/www.chairedelimmateriel.universite-paris-saclay.fr\/","name":"Chaire Europ\u00e9enne de l\u2019Immat\u00e9riel","description":"","potentialAction":[{"@type":"SearchAction","target":{"@type":"EntryPoint","urlTemplate":"https:\/\/www.chairedelimmateriel.universite-paris-saclay.fr\/?s={search_term_string}"},"query-input":{"@type":"PropertyValueSpecification","valueRequired":true,"valueName":"search_term_string"}}],"inLanguage":"en-US"},{"@type":"Person","@id":"https:\/\/www.chairedelimmateriel.universite-paris-saclay.fr\/#\/schema\/person\/ffacb5936f64abc8adaaa7e81662aa51","name":"Kreiling Laura","image":{"@type":"ImageObject","inLanguage":"en-US","@id":"https:\/\/secure.gravatar.com\/avatar\/15602beaf7c7c4cecbce7fdcd7ede47d550db5ff16e5a1615ef796947e415d3c?s=96&d=mm&r=g","url":"https:\/\/secure.gravatar.com\/avatar\/15602beaf7c7c4cecbce7fdcd7ede47d550db5ff16e5a1615ef796947e415d3c?s=96&d=mm&r=g","contentUrl":"https:\/\/secure.gravatar.com\/avatar\/15602beaf7c7c4cecbce7fdcd7ede47d550db5ff16e5a1615ef796947e415d3c?s=96&d=mm&r=g","caption":"Kreiling Laura"}}]}},"_links":{"self":[{"href":"https:\/\/www.chairedelimmateriel.universite-paris-saclay.fr\/en\/wp-json\/wp\/v2\/posts\/2693","targetHints":{"allow":["GET"]}}],"collection":[{"href":"https:\/\/www.chairedelimmateriel.universite-paris-saclay.fr\/en\/wp-json\/wp\/v2\/posts"}],"about":[{"href":"https:\/\/www.chairedelimmateriel.universite-paris-saclay.fr\/en\/wp-json\/wp\/v2\/types\/post"}],"author":[{"embeddable":true,"href":"https:\/\/www.chairedelimmateriel.universite-paris-saclay.fr\/en\/wp-json\/wp\/v2\/users\/3"}],"replies":[{"embeddable":true,"href":"https:\/\/www.chairedelimmateriel.universite-paris-saclay.fr\/en\/wp-json\/wp\/v2\/comments?post=2693"}],"version-history":[{"count":2,"href":"https:\/\/www.chairedelimmateriel.universite-paris-saclay.fr\/en\/wp-json\/wp\/v2\/posts\/2693\/revisions"}],"predecessor-version":[{"id":2737,"href":"https:\/\/www.chairedelimmateriel.universite-paris-saclay.fr\/en\/wp-json\/wp\/v2\/posts\/2693\/revisions\/2737"}],"wp:attachment":[{"href":"https:\/\/www.chairedelimmateriel.universite-paris-saclay.fr\/en\/wp-json\/wp\/v2\/media?parent=2693"}],"wp:term":[{"taxonomy":"category","embeddable":true,"href":"https:\/\/www.chairedelimmateriel.universite-paris-saclay.fr\/en\/wp-json\/wp\/v2\/categories?post=2693"},{"taxonomy":"post_tag","embeddable":true,"href":"https:\/\/www.chairedelimmateriel.universite-paris-saclay.fr\/en\/wp-json\/wp\/v2\/tags?post=2693"}],"curies":[{"name":"wp","href":"https:\/\/api.w.org\/{rel}","templated":true}]}}