{"id":268,"date":"2009-04-02T19:59:00","date_gmt":"2009-04-02T19:59:00","guid":{"rendered":"https:\/\/www.chairedelimmateriel.universite-paris-saclay.fr\/2009\/04\/02\/ic3-the-world-conference-on-intellectual-capital-for-communities-third-edition\/"},"modified":"2017-02-07T15:24:19","modified_gmt":"2017-02-07T14:24:19","slug":"ic3-the-world-conference-on-intellectual-capital-for-communities-third-edition","status":"publish","type":"post","link":"https:\/\/www.chairedelimmateriel.universite-paris-saclay.fr\/en\/2009\/04\/02\/ic3-the-world-conference-on-intellectual-capital-for-communities-third-edition\/","title":{"rendered":"IC3  The World Conference on Intellectual Capital for Communities   Third Edition"},"content":{"rendered":"<p><a class=\"btn\" href=\"https:\/\/www.chairedelimmateriel.universite-paris-saclay.fr\/wp-content\/uploads\/2010\/09\/IC3-agenda.pdf\">T\u00e9l\u00e9charger le programme<\/a><\/p>\n<p>T\u00e9l\u00e9charger les pr\u00e9sentations&nbsp;:<\/p>\n<h2>Session 1<\/h2>\n<h3>INTELLECTUAL CAPITAL AND PERFORMANCE<\/h3>\n<ul>\n<li><a href=\"https:\/\/www.chairedelimmateriel.universite-paris-saclay.fr\/wp-content\/uploads\/2010\/09\/S1-IC3_Framework_Corrado.pdf\"> Intellectual capital and the symmetry dimension, Carol Corrado, NBER<\/a><\/li>\n<li><a href=\"https:\/\/www.chairedelimmateriel.universite-paris-saclay.fr\/wp-content\/uploads\/2010\/09\/S1-IC3_Aiginger-Falk.pdf\">The role of intellectual capital in explaining the growth difference between Europe and the US, Karl Aiginger, Director, Wifo, Austria<\/a><\/li>\n<li><a href=\"https:\/\/www.chairedelimmateriel.universite-paris-saclay.fr\/wp-content\/uploads\/2010\/09\/Postel-Vinayt.pdf\">Intellectual capital and the dematerialisation of industries, Gr\u00e9goire-Postel Vinay, Ministry of Economy, Finance and Industry, France<\/a><\/li>\n<li>Intellectual Capital of US. A long term perspective, Leonard Nakamura, Federal Bank of Philadelphia<\/li>\n<li>The OECD programme follow-up, Yoshiaki Tojo, OECD<\/li>\n<\/ul>\n<h2>Session 2<\/h2>\n<h3>KNOWLEDGE, SPACE, AND CITY DESIGN<\/h3>\n<ul>\n<li><a href=\"https:\/\/www.chairedelimmateriel.universite-paris-saclay.fr\/wp-content\/uploads\/2010\/09\/S2-Paris_IC3_meusburger.pdf\">The spatiality of knowledge. Prof. Dr. Peter Meusburger, Geographisches Institut der Universit\u00e4t Heidelberg<\/a><\/li>\n<li>Measuring and Explaining the Inventive Productivity of Cities, Bob Hunt, Federal Bank of Philadephia<\/li>\n<li><a href=\"https:\/\/www.chairedelimmateriel.universite-paris-saclay.fr\/wp-content\/uploads\/2010\/09\/S2-IC3_Framework-Jan-Sturesson_Hazem-Galal.pdf\">Strategizing intellectual capital for cities, Jan Sturesson and Hazem Galal, Price Waterhouse Coopers<\/a><\/li>\n<li>Leadership and Management of Regional Transformation- Case Kotka, Henry Lindel\u00f6f, Mayor, Kotka, Finland.<\/li>\n<li>IC and City design, Steffen Gulmann, Adj. Professor &amp; Partner, 11 Design A\/S, Copenhagen<\/li>\n<\/ul>\n<h2>Session 3<\/h2>\n<h3>INTELLECTUAL CAPITAL, REGIONS AND THE CLUSTERING PROCESS<\/h3>\n<ul>\n<li><a href=\"https:\/\/www.chairedelimmateriel.universite-paris-saclay.fr\/wp-content\/uploads\/2010\/09\/S3-GrasLowZumbWorldBankpres51507-3.pdf\">Governance: Measuring the Performance of Knowledge-Intensive Networks at the Regional and Global Level, Jonathan Low, Predictiv LLC and Karin Grasenick, Convelop AT<\/a><\/li>\n<li><a href=\"https:\/\/www.chairedelimmateriel.universite-paris-saclay.fr\/wp-content\/uploads\/2010\/09\/Fukumoto-IC3_Framework.pdf\">The Japanese programme for intellectual capital of regions, Takuya Fukumoto, SME Agency, METI Japan<\/a><\/li>\n<li><a href=\"https:\/\/www.chairedelimmateriel.universite-paris-saclay.fr\/wp-content\/uploads\/2010\/09\/S3-Gordon.pdf\">Intellectual capital of Scotland, Dr Gordon McConnachie, Chairman, IA Centre of Scotland<\/a><\/li>\n<li>Patent citations and the clustering process, Martin Meyer, SPRU, University of Sussex<\/li>\n<li><a href=\"https:\/\/www.chairedelimmateriel.universite-paris-saclay.fr\/wp-content\/uploads\/2010\/09\/S3-IC3_PULIC.pdf\">The Croatian \u201cProject of Increasing Efficiency of National Intellectual Capital\u201d (PIENIC), Professor Ante Pulic, Croatian Centre of Intellectual Capital<\/a><\/li>\n<\/ul>\n<h2>Session 4<\/h2>\n<h3>POSTER SESSION<\/h3>\n<ul>\n<li><a href=\"https:\/\/www.chairedelimmateriel.universite-paris-saclay.fr\/wp-content\/uploads\/2010\/09\/S4-ritterIC3_Science-Parks-Paris-2007.pdf\">Science Parcs strategies from an intellectual capital perspective, Waltraut Ritter, Knowledge Management Society, Hong Kong<\/a><\/li>\n<li><a href=\"https:\/\/www.chairedelimmateriel.universite-paris-saclay.fr\/wp-content\/uploads\/2010\/09\/Alexander.pdf\">Levelling the playing field: Evaluating IC and Innovation in services\u201c, Susan Alexander, Luxembourg<\/a><\/li>\n<li>IC reporting and third party assurance, Yoshiko Shibasaka, KPMG, Japan<\/li>\n<li><a href=\"https:\/\/www.chairedelimmateriel.universite-paris-saclay.fr\/wp-content\/uploads\/2010\/09\/S4-070520-ICS_AlwertGerman-financialmarkettest_v3_final.pdf\">Intellectual capital and risk, Kay Alwert, Germany<\/a><\/li>\n<\/ul>\n<h2>Session 5<\/h2>\n<h3>NATIONAL AGENDAS FOR INTELLECTUAL CAPITAL:<br \/>\nA CROSS-COMPARISON OF THEMES AND PROGRESS<\/h3>\n<ul>\n<li><a href=\"https:\/\/www.chairedelimmateriel.universite-paris-saclay.fr\/wp-content\/uploads\/2010\/09\/Rubinowicz-IC-of-France.pdf\">Intellectual capital of France and the role of the New Agency for Intellectual Assets of the State, Claude Rubinowicz, Inspection G\u00e9n\u00e9rale des Finances, Ministry of Economy, Finance and Industry<\/a><\/li>\n<li><a href=\"https:\/\/www.chairedelimmateriel.universite-paris-saclay.fr\/wp-content\/uploads\/2010\/09\/Sumita.pdf\">The Japanese programme for IC after three years, T. Sumita, Director, METI<\/a><\/li>\n<li><a href=\"https:\/\/www.chairedelimmateriel.universite-paris-saclay.fr\/wp-content\/uploads\/2010\/09\/Rath-Versao-Final.pdf\">Intellectual capital of Brazil, Eduardo Rath, Vice President, BNDES, Marcos Cavalcanti, Federal University of Rio de Janeiro<\/a><\/li>\n<li>Morocco\u2019s strategy in IT and Intellectual capital, Mustapha El Baze, Professor, ISCAE and Nourredine El Hachami, Vice-President, ONA Foundation<\/li>\n<li>Intellectual Capital of two giants: China and India, Carl Dahlman, Georgetown University<\/li>\n<\/ul>\n<h2>Session 6<\/h2>\n<h3>IC, INNOVATION AND DISCLOSURE<\/h3>\n<ul>\n<li><a href=\"https:\/\/www.chairedelimmateriel.universite-paris-saclay.fr\/wp-content\/uploads\/2010\/09\/Hanado.pdf\">IC reporting in Japan: status and perspectives, Professor Hanado, Waseda University<\/a><\/li>\n<li><a href=\"https:\/\/www.chairedelimmateriel.universite-paris-saclay.fr\/wp-content\/uploads\/2010\/09\/jan-hofmann-ic3-presentation.pdf\">IC valuation, the View of a Banker, Jan Hoffmann, Deutsch Bank<\/a><\/li>\n<li><a href=\"https:\/\/www.chairedelimmateriel.universite-paris-saclay.fr\/wp-content\/uploads\/2010\/09\/HouselIC-Conf-presentaion-slides.pdf\">Measuring and modelling organizational processes, Thomas Housel, California University<\/a><\/li>\n<li>IC and financial analysts view, Renaud View-Rochas, General Secretary, SFAF, France<\/li>\n<li>IC of IS and disclosure, the CIGREF Programme, Bertrand Kientz, CIO JCDecaux, Chairman, Cercle de l\u2019immat\u00e9riel, Cigref<\/li>\n<\/ul>\n<h2>Session 7<\/h2>\n<h3>INTELLECTUAL CAPITAL, PUBLIC INSTITUTIONS AND DEMOCRACY<\/h3>\n<ul>\n<li>Knowledge Politics into practice: the Austrian experience, Prof. Ursula Schneider,University of Graz<\/li>\n<li>The World Bank Knowledge Management programme: a review and lessons learned, Erik Caldwell Johnson<\/li>\n<li>Managing Nuclear Knowledge, Peter J. Gowin, International Atomic Energy Agency<\/li>\n<li>The Rountable as a policy instrument, Prof. Pirjo Stahle, Finland Futures Research Center, Turku School of Economics<\/li>\n<li><a href=\"https:\/\/www.chairedelimmateriel.universite-paris-saclay.fr\/wp-content\/uploads\/2010\/09\/20070502-ICR-Paris.pdf\">IC reporting in social organizations: the case of Caritas, Germany. Mrs. Birgit Winterhalter, Caritas HQ in Freiburg, and Mart Kivikas, Managing Director for Wissenskapital GmbH<\/a><\/li>\n<\/ul>\n<h2>Session 8<\/h2>\n<h3>KNOWLEDGE, IPRS AND THE SERVICE ECONOMY<\/h3>\n<ul>\n<li>The German agenda for knowledge and intellectual capital. Dr Prof. Peter Pawlowsky, Technische Universit\u00e4t Chemnitz, G\u00fcnter Szogs, Commerzbank, Guenter Koch, The New Club of Paris<\/li>\n<li>How European industry leverage its patent portfolio. Results from a recent survey, Dominique Guellec, OECD, &amp; Bruno Van Pottelsberghe, EPO<\/li>\n<li>Indigenous knowledge versus global knowledge, Nicolas Gorjestani, World Bank<\/li>\n<li>IPRs&nbsp;: the new context, Dominique Deberdt, INPI, France<\/li>\n<\/ul>\n<h2>Session 9<\/h2>\n<h3>IC FOR DIASPORAS AND THE BRAIN DRAIN PHENOMENON<\/h3>\n<ul>\n<li><a href=\"https:\/\/www.chairedelimmateriel.universite-paris-saclay.fr\/wp-content\/uploads\/2010\/09\/S9-IC3_Carrillo.pdf\">A Global Perspective of Knowledge Based Development, Francisco Javier Carrillo, Director, Center for Knowledge Systems, Chairman, World Capital Institute<\/a><\/li>\n<li><a href=\"https:\/\/www.chairedelimmateriel.universite-paris-saclay.fr\/wp-content\/uploads\/2010\/09\/S9-Kuznetsov-Diasporas-IC-Conf-May07.pdf\">The World Bank programme for managing intellectual capital from diasporas, Yevgeny Kuznetsov<\/a><\/li>\n<li><a href=\"https:\/\/www.chairedelimmateriel.universite-paris-saclay.fr\/wp-content\/uploads\/2010\/09\/S9-IC3_JB-Meyer.pdf\">Skilled diasporas as a resource: capital and\/or connection?, Jean-Baptiste Meyer, IRD, France<\/a><\/li>\n<\/ul>\n<div class=\"shariff\" data-title=\"IC3  The World Conference on Intellectual Capital for Communities   Third Edition\" data-info-url=\"\" data-backend-url=\"https:\/\/www.chairedelimmateriel.universite-paris-saclay.fr\/wp-content\/plugins\/shariff-sharing\/backend\/index.php\" data-temp=\"\/tmp\" data-ttl=\"60\" data-service=\"tl\" data-services='[\"facebook\",\"twitter\",\"linkedin\"]' data-image=\"\" data-url=\"https:\/\/www.chairedelimmateriel.universite-paris-saclay.fr\/en\/2009\/04\/02\/ic3-the-world-conference-on-intellectual-capital-for-communities-third-edition\/\" data-lang=\"en\" data-theme=\"color\" data-orientation=\"horizontal\"><\/div>","protected":false},"excerpt":{"rendered":"<p>T\u00e9l\u00e9charger le programme T\u00e9l\u00e9charger les pr\u00e9sentations&nbsp;: Session 1 INTELLECTUAL CAPITAL AND PERFORMANCE Intellectual capital and the symmetry dimension, Carol Corrado, NBER The role of intellectual capital in explaining the growth difference between Europe and the US, Karl Aiginger, Director, Wifo,&nbsp;<small>(&#8230;)<\/small><\/p>\n","protected":false},"author":2,"featured_media":0,"comment_status":"closed","ping_status":"closed","sticky":false,"template":"","format":"standard","meta":{"_monsterinsights_skip_tracking":false,"footnotes":""},"categories":[11,12,4],"tags":[],"class_list":["post-268","post","type-post","status-publish","format-standard","hentry","category-conference-mondiale-en","category-evenements-en","category-news"],"yoast_head":"<!-- This site is optimized with the Yoast SEO plugin v28.4 - https:\/\/yoast.com\/product\/yoast-seo-wordpress\/ -->\n<title>IC3 The World Conference on Intellectual Capital for Communities  Third Edition - Chaire Europ\u00e9enne de l\u2019Immat\u00e9riel<\/title>\n<meta name=\"robots\" content=\"index, follow, max-snippet:-1, max-image-preview:large, max-video-preview:-1\" \/>\n<link rel=\"canonical\" href=\"https:\/\/www.chairedelimmateriel.universite-paris-saclay.fr\/en\/2009\/04\/02\/ic3-the-world-conference-on-intellectual-capital-for-communities-third-edition\/\" \/>\n<meta property=\"og:locale\" content=\"en_US\" \/>\n<meta property=\"og:type\" content=\"article\" \/>\n<meta property=\"og:title\" content=\"IC3 The World Conference on Intellectual Capital for Communities  Third Edition - Chaire Europ\u00e9enne de l\u2019Immat\u00e9riel\" \/>\n<meta property=\"og:description\" content=\"T\u00e9l\u00e9charger le programme T\u00e9l\u00e9charger les pr\u00e9sentations&nbsp;: Session 1 INTELLECTUAL CAPITAL AND PERFORMANCE Intellectual capital and the symmetry dimension, Carol Corrado, NBER The role of intellectual capital in explaining the growth difference between Europe and the US, Karl Aiginger, Director, Wifo,&nbsp;(...)\" \/>\n<meta property=\"og:url\" content=\"https:\/\/www.chairedelimmateriel.universite-paris-saclay.fr\/en\/2009\/04\/02\/ic3-the-world-conference-on-intellectual-capital-for-communities-third-edition\/\" \/>\n<meta property=\"og:site_name\" content=\"Chaire Europ\u00e9enne de l\u2019Immat\u00e9riel\" \/>\n<meta property=\"article:published_time\" content=\"2009-04-02T19:59:00+00:00\" \/>\n<meta property=\"article:modified_time\" content=\"2017-02-07T14:24:19+00:00\" \/>\n<meta name=\"author\" content=\"Ahmed Bounfour\" \/>\n<meta name=\"twitter:card\" content=\"summary_large_image\" \/>\n<meta name=\"twitter:label1\" content=\"Written by\" \/>\n\t<meta name=\"twitter:data1\" content=\"Ahmed Bounfour\" \/>\n\t<meta name=\"twitter:label2\" content=\"Est. reading time\" \/>\n\t<meta name=\"twitter:data2\" content=\"3 minutes\" \/>\n<script type=\"application\/ld+json\" class=\"yoast-schema-graph\">{\"@context\":\"https:\\\/\\\/schema.org\",\"@graph\":[{\"@type\":\"Article\",\"@id\":\"https:\\\/\\\/www.chairedelimmateriel.universite-paris-saclay.fr\\\/en\\\/2009\\\/04\\\/02\\\/ic3-the-world-conference-on-intellectual-capital-for-communities-third-edition\\\/#article\",\"isPartOf\":{\"@id\":\"https:\\\/\\\/www.chairedelimmateriel.universite-paris-saclay.fr\\\/en\\\/2009\\\/04\\\/02\\\/ic3-the-world-conference-on-intellectual-capital-for-communities-third-edition\\\/\"},\"author\":{\"name\":\"Ahmed Bounfour\",\"@id\":\"https:\\\/\\\/www.chairedelimmateriel.universite-paris-saclay.fr\\\/#\\\/schema\\\/person\\\/99fad4cfaf4bf6a8c5d1970bd79888f4\"},\"headline\":\"IC3 The World Conference on Intellectual Capital for Communities Third Edition\",\"datePublished\":\"2009-04-02T19:59:00+00:00\",\"dateModified\":\"2017-02-07T14:24:19+00:00\",\"mainEntityOfPage\":{\"@id\":\"https:\\\/\\\/www.chairedelimmateriel.universite-paris-saclay.fr\\\/en\\\/2009\\\/04\\\/02\\\/ic3-the-world-conference-on-intellectual-capital-for-communities-third-edition\\\/\"},\"wordCount\":684,\"articleSection\":[\"Conf\u00e9rence mondiale\",\"Ev\u00e9nements\",\"News\"],\"inLanguage\":\"en-US\"},{\"@type\":\"WebPage\",\"@id\":\"https:\\\/\\\/www.chairedelimmateriel.universite-paris-saclay.fr\\\/en\\\/2009\\\/04\\\/02\\\/ic3-the-world-conference-on-intellectual-capital-for-communities-third-edition\\\/\",\"url\":\"https:\\\/\\\/www.chairedelimmateriel.universite-paris-saclay.fr\\\/en\\\/2009\\\/04\\\/02\\\/ic3-the-world-conference-on-intellectual-capital-for-communities-third-edition\\\/\",\"name\":\"IC3 The World Conference on Intellectual Capital for Communities Third Edition - Chaire Europ\u00e9enne de l\u2019Immat\u00e9riel\",\"isPartOf\":{\"@id\":\"https:\\\/\\\/www.chairedelimmateriel.universite-paris-saclay.fr\\\/#website\"},\"datePublished\":\"2009-04-02T19:59:00+00:00\",\"dateModified\":\"2017-02-07T14:24:19+00:00\",\"author\":{\"@id\":\"https:\\\/\\\/www.chairedelimmateriel.universite-paris-saclay.fr\\\/#\\\/schema\\\/person\\\/99fad4cfaf4bf6a8c5d1970bd79888f4\"},\"breadcrumb\":{\"@id\":\"https:\\\/\\\/www.chairedelimmateriel.universite-paris-saclay.fr\\\/en\\\/2009\\\/04\\\/02\\\/ic3-the-world-conference-on-intellectual-capital-for-communities-third-edition\\\/#breadcrumb\"},\"inLanguage\":\"en-US\",\"potentialAction\":[{\"@type\":\"ReadAction\",\"target\":[\"https:\\\/\\\/www.chairedelimmateriel.universite-paris-saclay.fr\\\/en\\\/2009\\\/04\\\/02\\\/ic3-the-world-conference-on-intellectual-capital-for-communities-third-edition\\\/\"]}]},{\"@type\":\"BreadcrumbList\",\"@id\":\"https:\\\/\\\/www.chairedelimmateriel.universite-paris-saclay.fr\\\/en\\\/2009\\\/04\\\/02\\\/ic3-the-world-conference-on-intellectual-capital-for-communities-third-edition\\\/#breadcrumb\",\"itemListElement\":[{\"@type\":\"ListItem\",\"position\":1,\"name\":\"Home\",\"item\":\"https:\\\/\\\/www.chairedelimmateriel.universite-paris-saclay.fr\\\/en\\\/\"},{\"@type\":\"ListItem\",\"position\":2,\"name\":\"IC3 The World Conference on Intellectual Capital for Communities Third Edition\"}]},{\"@type\":\"WebSite\",\"@id\":\"https:\\\/\\\/www.chairedelimmateriel.universite-paris-saclay.fr\\\/#website\",\"url\":\"https:\\\/\\\/www.chairedelimmateriel.universite-paris-saclay.fr\\\/\",\"name\":\"Chaire Europ\u00e9enne de l\u2019Immat\u00e9riel\",\"description\":\"\",\"potentialAction\":[{\"@type\":\"SearchAction\",\"target\":{\"@type\":\"EntryPoint\",\"urlTemplate\":\"https:\\\/\\\/www.chairedelimmateriel.universite-paris-saclay.fr\\\/?s={search_term_string}\"},\"query-input\":{\"@type\":\"PropertyValueSpecification\",\"valueRequired\":true,\"valueName\":\"search_term_string\"}}],\"inLanguage\":\"en-US\"},{\"@type\":\"Person\",\"@id\":\"https:\\\/\\\/www.chairedelimmateriel.universite-paris-saclay.fr\\\/#\\\/schema\\\/person\\\/99fad4cfaf4bf6a8c5d1970bd79888f4\",\"name\":\"Ahmed Bounfour\",\"image\":{\"@type\":\"ImageObject\",\"inLanguage\":\"en-US\",\"@id\":\"https:\\\/\\\/secure.gravatar.com\\\/avatar\\\/944d10c10395648f2cc983a051d3fe5d78761ea984ca1c1eb5c80b294b5ad65b?s=96&d=mm&r=g\",\"url\":\"https:\\\/\\\/secure.gravatar.com\\\/avatar\\\/944d10c10395648f2cc983a051d3fe5d78761ea984ca1c1eb5c80b294b5ad65b?s=96&d=mm&r=g\",\"contentUrl\":\"https:\\\/\\\/secure.gravatar.com\\\/avatar\\\/944d10c10395648f2cc983a051d3fe5d78761ea984ca1c1eb5c80b294b5ad65b?s=96&d=mm&r=g\",\"caption\":\"Ahmed Bounfour\"},\"sameAs\":[\"https:\\\/\\\/www.chairedelimmateriel.universite-paris-saclay.fr\"]}]}<\/script>\n<!-- \/ Yoast SEO plugin. -->","yoast_head_json":{"title":"IC3 The World Conference on Intellectual Capital for Communities  Third Edition - Chaire Europ\u00e9enne de l\u2019Immat\u00e9riel","robots":{"index":"index","follow":"follow","max-snippet":"max-snippet:-1","max-image-preview":"max-image-preview:large","max-video-preview":"max-video-preview:-1"},"canonical":"https:\/\/www.chairedelimmateriel.universite-paris-saclay.fr\/en\/2009\/04\/02\/ic3-the-world-conference-on-intellectual-capital-for-communities-third-edition\/","og_locale":"en_US","og_type":"article","og_title":"IC3 The World Conference on Intellectual Capital for Communities  Third Edition - Chaire Europ\u00e9enne de l\u2019Immat\u00e9riel","og_description":"T\u00e9l\u00e9charger le programme T\u00e9l\u00e9charger les pr\u00e9sentations&nbsp;: Session 1 INTELLECTUAL CAPITAL AND PERFORMANCE Intellectual capital and the symmetry dimension, Carol Corrado, NBER The role of intellectual capital in explaining the growth difference between Europe and the US, Karl Aiginger, Director, Wifo,&nbsp;(...)","og_url":"https:\/\/www.chairedelimmateriel.universite-paris-saclay.fr\/en\/2009\/04\/02\/ic3-the-world-conference-on-intellectual-capital-for-communities-third-edition\/","og_site_name":"Chaire Europ\u00e9enne de l\u2019Immat\u00e9riel","article_published_time":"2009-04-02T19:59:00+00:00","article_modified_time":"2017-02-07T14:24:19+00:00","author":"Ahmed Bounfour","twitter_card":"summary_large_image","twitter_misc":{"Written by":"Ahmed Bounfour","Est. reading time":"3 minutes"},"schema":{"@context":"https:\/\/schema.org","@graph":[{"@type":"Article","@id":"https:\/\/www.chairedelimmateriel.universite-paris-saclay.fr\/en\/2009\/04\/02\/ic3-the-world-conference-on-intellectual-capital-for-communities-third-edition\/#article","isPartOf":{"@id":"https:\/\/www.chairedelimmateriel.universite-paris-saclay.fr\/en\/2009\/04\/02\/ic3-the-world-conference-on-intellectual-capital-for-communities-third-edition\/"},"author":{"name":"Ahmed Bounfour","@id":"https:\/\/www.chairedelimmateriel.universite-paris-saclay.fr\/#\/schema\/person\/99fad4cfaf4bf6a8c5d1970bd79888f4"},"headline":"IC3 The World Conference on Intellectual Capital for Communities Third Edition","datePublished":"2009-04-02T19:59:00+00:00","dateModified":"2017-02-07T14:24:19+00:00","mainEntityOfPage":{"@id":"https:\/\/www.chairedelimmateriel.universite-paris-saclay.fr\/en\/2009\/04\/02\/ic3-the-world-conference-on-intellectual-capital-for-communities-third-edition\/"},"wordCount":684,"articleSection":["Conf\u00e9rence mondiale","Ev\u00e9nements","News"],"inLanguage":"en-US"},{"@type":"WebPage","@id":"https:\/\/www.chairedelimmateriel.universite-paris-saclay.fr\/en\/2009\/04\/02\/ic3-the-world-conference-on-intellectual-capital-for-communities-third-edition\/","url":"https:\/\/www.chairedelimmateriel.universite-paris-saclay.fr\/en\/2009\/04\/02\/ic3-the-world-conference-on-intellectual-capital-for-communities-third-edition\/","name":"IC3 The World Conference on Intellectual Capital for Communities Third Edition - Chaire Europ\u00e9enne de l\u2019Immat\u00e9riel","isPartOf":{"@id":"https:\/\/www.chairedelimmateriel.universite-paris-saclay.fr\/#website"},"datePublished":"2009-04-02T19:59:00+00:00","dateModified":"2017-02-07T14:24:19+00:00","author":{"@id":"https:\/\/www.chairedelimmateriel.universite-paris-saclay.fr\/#\/schema\/person\/99fad4cfaf4bf6a8c5d1970bd79888f4"},"breadcrumb":{"@id":"https:\/\/www.chairedelimmateriel.universite-paris-saclay.fr\/en\/2009\/04\/02\/ic3-the-world-conference-on-intellectual-capital-for-communities-third-edition\/#breadcrumb"},"inLanguage":"en-US","potentialAction":[{"@type":"ReadAction","target":["https:\/\/www.chairedelimmateriel.universite-paris-saclay.fr\/en\/2009\/04\/02\/ic3-the-world-conference-on-intellectual-capital-for-communities-third-edition\/"]}]},{"@type":"BreadcrumbList","@id":"https:\/\/www.chairedelimmateriel.universite-paris-saclay.fr\/en\/2009\/04\/02\/ic3-the-world-conference-on-intellectual-capital-for-communities-third-edition\/#breadcrumb","itemListElement":[{"@type":"ListItem","position":1,"name":"Home","item":"https:\/\/www.chairedelimmateriel.universite-paris-saclay.fr\/en\/"},{"@type":"ListItem","position":2,"name":"IC3 The World Conference on Intellectual Capital for Communities Third Edition"}]},{"@type":"WebSite","@id":"https:\/\/www.chairedelimmateriel.universite-paris-saclay.fr\/#website","url":"https:\/\/www.chairedelimmateriel.universite-paris-saclay.fr\/","name":"Chaire Europ\u00e9enne de l\u2019Immat\u00e9riel","description":"","potentialAction":[{"@type":"SearchAction","target":{"@type":"EntryPoint","urlTemplate":"https:\/\/www.chairedelimmateriel.universite-paris-saclay.fr\/?s={search_term_string}"},"query-input":{"@type":"PropertyValueSpecification","valueRequired":true,"valueName":"search_term_string"}}],"inLanguage":"en-US"},{"@type":"Person","@id":"https:\/\/www.chairedelimmateriel.universite-paris-saclay.fr\/#\/schema\/person\/99fad4cfaf4bf6a8c5d1970bd79888f4","name":"Ahmed Bounfour","image":{"@type":"ImageObject","inLanguage":"en-US","@id":"https:\/\/secure.gravatar.com\/avatar\/944d10c10395648f2cc983a051d3fe5d78761ea984ca1c1eb5c80b294b5ad65b?s=96&d=mm&r=g","url":"https:\/\/secure.gravatar.com\/avatar\/944d10c10395648f2cc983a051d3fe5d78761ea984ca1c1eb5c80b294b5ad65b?s=96&d=mm&r=g","contentUrl":"https:\/\/secure.gravatar.com\/avatar\/944d10c10395648f2cc983a051d3fe5d78761ea984ca1c1eb5c80b294b5ad65b?s=96&d=mm&r=g","caption":"Ahmed Bounfour"},"sameAs":["https:\/\/www.chairedelimmateriel.universite-paris-saclay.fr"]}]}},"_links":{"self":[{"href":"https:\/\/www.chairedelimmateriel.universite-paris-saclay.fr\/en\/wp-json\/wp\/v2\/posts\/268","targetHints":{"allow":["GET"]}}],"collection":[{"href":"https:\/\/www.chairedelimmateriel.universite-paris-saclay.fr\/en\/wp-json\/wp\/v2\/posts"}],"about":[{"href":"https:\/\/www.chairedelimmateriel.universite-paris-saclay.fr\/en\/wp-json\/wp\/v2\/types\/post"}],"author":[{"embeddable":true,"href":"https:\/\/www.chairedelimmateriel.universite-paris-saclay.fr\/en\/wp-json\/wp\/v2\/users\/2"}],"replies":[{"embeddable":true,"href":"https:\/\/www.chairedelimmateriel.universite-paris-saclay.fr\/en\/wp-json\/wp\/v2\/comments?post=268"}],"version-history":[{"count":4,"href":"https:\/\/www.chairedelimmateriel.universite-paris-saclay.fr\/en\/wp-json\/wp\/v2\/posts\/268\/revisions"}],"predecessor-version":[{"id":2165,"href":"https:\/\/www.chairedelimmateriel.universite-paris-saclay.fr\/en\/wp-json\/wp\/v2\/posts\/268\/revisions\/2165"}],"wp:attachment":[{"href":"https:\/\/www.chairedelimmateriel.universite-paris-saclay.fr\/en\/wp-json\/wp\/v2\/media?parent=268"}],"wp:term":[{"taxonomy":"category","embeddable":true,"href":"https:\/\/www.chairedelimmateriel.universite-paris-saclay.fr\/en\/wp-json\/wp\/v2\/categories?post=268"},{"taxonomy":"post_tag","embeddable":true,"href":"https:\/\/www.chairedelimmateriel.universite-paris-saclay.fr\/en\/wp-json\/wp\/v2\/tags?post=268"}],"curies":[{"name":"wp","href":"https:\/\/api.w.org\/{rel}","templated":true}]}}