{"id":249,"date":"2009-05-05T11:33:00","date_gmt":"2009-05-05T11:33:00","guid":{"rendered":"https:\/\/www.chairedelimmateriel.universite-paris-saclay.fr\/2009\/05\/05\/seminaire-capital-organisationnel-design-organisationnel\/"},"modified":"2017-02-07T15:24:16","modified_gmt":"2017-02-07T14:24:16","slug":"seminaire-capital-organisationnel-design-organisationnel","status":"publish","type":"post","link":"https:\/\/www.chairedelimmateriel.universite-paris-saclay.fr\/en\/2009\/05\/05\/seminaire-capital-organisationnel-design-organisationnel\/","title":{"rendered":"S\u00e9minaire &#8220;Capital organisationnel, design organisationnel&#8221;"},"content":{"rendered":"<p>Le 26 mai 2009, de 8H30 \u00e0 18H aura lieu le s\u00e9minaire <strong>&#8220;Capital organisationnel, design organisationnel&#8221;<\/strong>\u00a0\u00e0 la Faculte Jean Monnet, salle Georges Vedel.<\/p>\n<p>Pour plus d&#8217;informations\u00a0<a href=\"http:\/\/recherche.jm.u-psud.fr\/docannexe\/file\/377\/capitalorganisationnel_26mai2009.pdf\">t\u00e9l\u00e9charger le programme<\/a><\/p>\n<p>Pour vous inscrire en ligne\u00a0<a href=\"https:\/\/rech.jm.u-psud.fr\/colloque\/colloque.php\">cliquer ici<\/a><\/p>\n<h2>Session 1<\/h2>\n<h3>CAPITAL ORGANISATIONNEL, DESIGN ORGANISATIONNEL ET MODELES<br \/>\nD\u2019AFFAIRES , ORGANISATIONAL CAPITAL, ORGANISATIONAL DESIGN AND BUSINESS MODELS<\/h3>\n<ul>\n<li>Capital organisationnel, design organisationnel: une mise en perspective, Ahmed Bounfour, Chaire Europ\u00e9enne de Management de l\u2019Immat\u00e9riel et PESOR, Universit\u00e9 Paris-Sud 11<\/li>\n<li>Vers une normalisation du capital organisationnel&nbsp;: le r\u00e9f\u00e9rentiel de l\u2019Afope, Alexandre Guillard, CNP Assurances &#8211; Direction de l&#8217;Innovation et de l&#8217;Organisation, Vice- Pr\u00e9sident de l\u2019Afope<\/li>\n<li>Collaborer pour cultiver la valeur du syst\u00e8me d\u2019information&nbsp;: du contrat de valeur au potentiel de situation, Yves Caseau , Directeur \u2013G\u00e9n\u00e9ral Adjoint, Bouygues Telecom<\/li>\n<li>La surcharge cognitive interactionnelle &amp; web social dans le contexte de l&#8217;entreprise ou les d\u00e9fis de la gestion de l&#8217;attention sociale dans les nouvelles formes organisationnelles &#8211; Thierry Nabeth, INSEAD, CALT<\/li>\n<\/ul>\n<h2>Session 2:<\/h2>\n<h3>MESURE ET INDICATEURS \/ METRICS<\/h3>\n<ul>\n<li>Organisational Capital&nbsp;: the power of an Economic Metaphor, Organisational Capital of German Establishments\u201d, Oliver Ludewig, Institut f\u00fcr Arbeitsmarkt- und Berufsforschung Regionale Arbeitsm\u00e4rkte &#8211; Regionalb\u00fcro<\/li>\n<li>KVA analysis, Tom Housel, Professor, Naval Post Graduate School, Monterey<\/li>\n<li>La mesure de l\u2019innovation par les syst\u00e8mes d\u2019information, un cadre analytique, Le programme de recherche du Cefrio, Fr\u00e9d\u00e9ric Creplet, Voirin Consultants<\/li>\n<\/ul>\n<h2>Session 3:<\/h2>\n<h3>ENTREPRISE 2.0, TRAVAIL COLLABORATIF ET ESPACES DE NAVIGATION<br \/>\nENTERPRISE 2.0, COLLABORATIVE WORK AND NAVIGATION SPACES<\/h3>\n<ul>\n<li>L\u2019\u00e9volution de l\u2019organisation des entreprises fran\u00e7aises sur longue p\u00e9riode&nbsp;: les enseignements de l\u2019enqu\u00eate COI, Nathalie Greenan, Centre d\u2019Etudes de l\u2019Emploi<\/li>\n<li>Le travail collaboratif dans les entreprises fran\u00e7aises&nbsp;: \u00e9tat des lieux, Alain Rallet, Professeur, ADIS, Universit\u00e9 Paris-Sud 11<\/li>\n<li>L\u2019interaction espace priv\u00e9 \/ espace professionnel dans l\u2019\u00e9conomie num\u00e9rique, Alexandre Mallard, France Telecom R&amp;D<\/li>\n<\/ul>\n<div class=\"shariff\" data-title=\"S\u00e9minaire &#8220;Capital organisationnel, design organisationnel&#8221;\" data-info-url=\"\" data-backend-url=\"https:\/\/www.chairedelimmateriel.universite-paris-saclay.fr\/wp-content\/plugins\/shariff-sharing\/backend\/index.php\" data-temp=\"\/tmp\" data-ttl=\"60\" data-service=\"tl\" data-services='[\"facebook\",\"twitter\",\"linkedin\"]' data-image=\"\" data-url=\"https:\/\/www.chairedelimmateriel.universite-paris-saclay.fr\/en\/2009\/05\/05\/seminaire-capital-organisationnel-design-organisationnel\/\" data-lang=\"en\" data-theme=\"color\" data-orientation=\"horizontal\"><\/div>","protected":false},"excerpt":{"rendered":"<p>Le 26 mai 2009, de 8H30 \u00e0 18H aura lieu le s\u00e9minaire &#8220;Capital organisationnel, design organisationnel&#8221;\u00a0\u00e0 la Faculte Jean Monnet, salle Georges Vedel. Pour plus d&#8217;informations\u00a0t\u00e9l\u00e9charger le programme Pour vous inscrire en ligne\u00a0cliquer ici Session 1 CAPITAL ORGANISATIONNEL, DESIGN ORGANISATIONNEL&nbsp;<small>(&#8230;)<\/small><\/p>\n","protected":false},"author":2,"featured_media":0,"comment_status":"closed","ping_status":"closed","sticky":false,"template":"","format":"standard","meta":{"_monsterinsights_skip_tracking":false,"footnotes":""},"categories":[4],"tags":[],"class_list":["post-249","post","type-post","status-publish","format-standard","hentry","category-news"],"yoast_head":"<!-- This site is optimized with the Yoast SEO plugin v28.4 - https:\/\/yoast.com\/product\/yoast-seo-wordpress\/ -->\n<title>S\u00e9minaire &quot;Capital organisationnel, design organisationnel&quot; - Chaire Europ\u00e9enne de l\u2019Immat\u00e9riel<\/title>\n<meta name=\"robots\" content=\"index, follow, max-snippet:-1, max-image-preview:large, max-video-preview:-1\" \/>\n<link rel=\"canonical\" href=\"https:\/\/www.chairedelimmateriel.universite-paris-saclay.fr\/en\/2009\/05\/05\/seminaire-capital-organisationnel-design-organisationnel\/\" \/>\n<meta property=\"og:locale\" content=\"en_US\" \/>\n<meta property=\"og:type\" content=\"article\" \/>\n<meta property=\"og:title\" content=\"S\u00e9minaire &quot;Capital organisationnel, design organisationnel&quot; - Chaire Europ\u00e9enne de l\u2019Immat\u00e9riel\" \/>\n<meta property=\"og:description\" content=\"Le 26 mai 2009, de 8H30 \u00e0 18H aura lieu le s\u00e9minaire &#8220;Capital organisationnel, design organisationnel&#8221;\u00a0\u00e0 la Faculte Jean Monnet, salle Georges Vedel. Pour plus d&#8217;informations\u00a0t\u00e9l\u00e9charger le programme Pour vous inscrire en ligne\u00a0cliquer ici Session 1 CAPITAL ORGANISATIONNEL, DESIGN ORGANISATIONNEL&nbsp;(...)\" \/>\n<meta property=\"og:url\" content=\"https:\/\/www.chairedelimmateriel.universite-paris-saclay.fr\/en\/2009\/05\/05\/seminaire-capital-organisationnel-design-organisationnel\/\" \/>\n<meta property=\"og:site_name\" content=\"Chaire Europ\u00e9enne de l\u2019Immat\u00e9riel\" \/>\n<meta property=\"article:published_time\" content=\"2009-05-05T11:33:00+00:00\" \/>\n<meta property=\"article:modified_time\" content=\"2017-02-07T14:24:16+00:00\" \/>\n<meta name=\"author\" content=\"Ahmed Bounfour\" \/>\n<meta name=\"twitter:card\" content=\"summary_large_image\" \/>\n<meta name=\"twitter:label1\" content=\"Written by\" \/>\n\t<meta name=\"twitter:data1\" content=\"Ahmed Bounfour\" \/>\n\t<meta name=\"twitter:label2\" content=\"Est. reading time\" \/>\n\t<meta name=\"twitter:data2\" content=\"2 minutes\" \/>\n<script type=\"application\/ld+json\" class=\"yoast-schema-graph\">{\"@context\":\"https:\\\/\\\/schema.org\",\"@graph\":[{\"@type\":\"Article\",\"@id\":\"https:\\\/\\\/www.chairedelimmateriel.universite-paris-saclay.fr\\\/en\\\/2009\\\/05\\\/05\\\/seminaire-capital-organisationnel-design-organisationnel\\\/#article\",\"isPartOf\":{\"@id\":\"https:\\\/\\\/www.chairedelimmateriel.universite-paris-saclay.fr\\\/en\\\/2009\\\/05\\\/05\\\/seminaire-capital-organisationnel-design-organisationnel\\\/\"},\"author\":{\"name\":\"Ahmed Bounfour\",\"@id\":\"https:\\\/\\\/www.chairedelimmateriel.universite-paris-saclay.fr\\\/#\\\/schema\\\/person\\\/99fad4cfaf4bf6a8c5d1970bd79888f4\"},\"headline\":\"S\u00e9minaire &#8220;Capital organisationnel, design organisationnel&#8221;\",\"datePublished\":\"2009-05-05T11:33:00+00:00\",\"dateModified\":\"2017-02-07T14:24:16+00:00\",\"mainEntityOfPage\":{\"@id\":\"https:\\\/\\\/www.chairedelimmateriel.universite-paris-saclay.fr\\\/en\\\/2009\\\/05\\\/05\\\/seminaire-capital-organisationnel-design-organisationnel\\\/\"},\"wordCount\":320,\"articleSection\":[\"News\"],\"inLanguage\":\"en-US\"},{\"@type\":\"WebPage\",\"@id\":\"https:\\\/\\\/www.chairedelimmateriel.universite-paris-saclay.fr\\\/en\\\/2009\\\/05\\\/05\\\/seminaire-capital-organisationnel-design-organisationnel\\\/\",\"url\":\"https:\\\/\\\/www.chairedelimmateriel.universite-paris-saclay.fr\\\/en\\\/2009\\\/05\\\/05\\\/seminaire-capital-organisationnel-design-organisationnel\\\/\",\"name\":\"S\u00e9minaire \\\"Capital organisationnel, design organisationnel\\\" - Chaire Europ\u00e9enne de l\u2019Immat\u00e9riel\",\"isPartOf\":{\"@id\":\"https:\\\/\\\/www.chairedelimmateriel.universite-paris-saclay.fr\\\/#website\"},\"datePublished\":\"2009-05-05T11:33:00+00:00\",\"dateModified\":\"2017-02-07T14:24:16+00:00\",\"author\":{\"@id\":\"https:\\\/\\\/www.chairedelimmateriel.universite-paris-saclay.fr\\\/#\\\/schema\\\/person\\\/99fad4cfaf4bf6a8c5d1970bd79888f4\"},\"breadcrumb\":{\"@id\":\"https:\\\/\\\/www.chairedelimmateriel.universite-paris-saclay.fr\\\/en\\\/2009\\\/05\\\/05\\\/seminaire-capital-organisationnel-design-organisationnel\\\/#breadcrumb\"},\"inLanguage\":\"en-US\",\"potentialAction\":[{\"@type\":\"ReadAction\",\"target\":[\"https:\\\/\\\/www.chairedelimmateriel.universite-paris-saclay.fr\\\/en\\\/2009\\\/05\\\/05\\\/seminaire-capital-organisationnel-design-organisationnel\\\/\"]}]},{\"@type\":\"BreadcrumbList\",\"@id\":\"https:\\\/\\\/www.chairedelimmateriel.universite-paris-saclay.fr\\\/en\\\/2009\\\/05\\\/05\\\/seminaire-capital-organisationnel-design-organisationnel\\\/#breadcrumb\",\"itemListElement\":[{\"@type\":\"ListItem\",\"position\":1,\"name\":\"Home\",\"item\":\"https:\\\/\\\/www.chairedelimmateriel.universite-paris-saclay.fr\\\/en\\\/\"},{\"@type\":\"ListItem\",\"position\":2,\"name\":\"S\u00e9minaire &#8220;Capital organisationnel, design organisationnel&#8221;\"}]},{\"@type\":\"WebSite\",\"@id\":\"https:\\\/\\\/www.chairedelimmateriel.universite-paris-saclay.fr\\\/#website\",\"url\":\"https:\\\/\\\/www.chairedelimmateriel.universite-paris-saclay.fr\\\/\",\"name\":\"Chaire Europ\u00e9enne de l\u2019Immat\u00e9riel\",\"description\":\"\",\"potentialAction\":[{\"@type\":\"SearchAction\",\"target\":{\"@type\":\"EntryPoint\",\"urlTemplate\":\"https:\\\/\\\/www.chairedelimmateriel.universite-paris-saclay.fr\\\/?s={search_term_string}\"},\"query-input\":{\"@type\":\"PropertyValueSpecification\",\"valueRequired\":true,\"valueName\":\"search_term_string\"}}],\"inLanguage\":\"en-US\"},{\"@type\":\"Person\",\"@id\":\"https:\\\/\\\/www.chairedelimmateriel.universite-paris-saclay.fr\\\/#\\\/schema\\\/person\\\/99fad4cfaf4bf6a8c5d1970bd79888f4\",\"name\":\"Ahmed Bounfour\",\"image\":{\"@type\":\"ImageObject\",\"inLanguage\":\"en-US\",\"@id\":\"https:\\\/\\\/secure.gravatar.com\\\/avatar\\\/944d10c10395648f2cc983a051d3fe5d78761ea984ca1c1eb5c80b294b5ad65b?s=96&d=mm&r=g\",\"url\":\"https:\\\/\\\/secure.gravatar.com\\\/avatar\\\/944d10c10395648f2cc983a051d3fe5d78761ea984ca1c1eb5c80b294b5ad65b?s=96&d=mm&r=g\",\"contentUrl\":\"https:\\\/\\\/secure.gravatar.com\\\/avatar\\\/944d10c10395648f2cc983a051d3fe5d78761ea984ca1c1eb5c80b294b5ad65b?s=96&d=mm&r=g\",\"caption\":\"Ahmed Bounfour\"},\"sameAs\":[\"https:\\\/\\\/www.chairedelimmateriel.universite-paris-saclay.fr\"]}]}<\/script>\n<!-- \/ Yoast SEO plugin. -->","yoast_head_json":{"title":"S\u00e9minaire \"Capital organisationnel, design organisationnel\" - Chaire Europ\u00e9enne de l\u2019Immat\u00e9riel","robots":{"index":"index","follow":"follow","max-snippet":"max-snippet:-1","max-image-preview":"max-image-preview:large","max-video-preview":"max-video-preview:-1"},"canonical":"https:\/\/www.chairedelimmateriel.universite-paris-saclay.fr\/en\/2009\/05\/05\/seminaire-capital-organisationnel-design-organisationnel\/","og_locale":"en_US","og_type":"article","og_title":"S\u00e9minaire \"Capital organisationnel, design organisationnel\" - Chaire Europ\u00e9enne de l\u2019Immat\u00e9riel","og_description":"Le 26 mai 2009, de 8H30 \u00e0 18H aura lieu le s\u00e9minaire &#8220;Capital organisationnel, design organisationnel&#8221;\u00a0\u00e0 la Faculte Jean Monnet, salle Georges Vedel. Pour plus d&#8217;informations\u00a0t\u00e9l\u00e9charger le programme Pour vous inscrire en ligne\u00a0cliquer ici Session 1 CAPITAL ORGANISATIONNEL, DESIGN ORGANISATIONNEL&nbsp;(...)","og_url":"https:\/\/www.chairedelimmateriel.universite-paris-saclay.fr\/en\/2009\/05\/05\/seminaire-capital-organisationnel-design-organisationnel\/","og_site_name":"Chaire Europ\u00e9enne de l\u2019Immat\u00e9riel","article_published_time":"2009-05-05T11:33:00+00:00","article_modified_time":"2017-02-07T14:24:16+00:00","author":"Ahmed Bounfour","twitter_card":"summary_large_image","twitter_misc":{"Written by":"Ahmed Bounfour","Est. reading time":"2 minutes"},"schema":{"@context":"https:\/\/schema.org","@graph":[{"@type":"Article","@id":"https:\/\/www.chairedelimmateriel.universite-paris-saclay.fr\/en\/2009\/05\/05\/seminaire-capital-organisationnel-design-organisationnel\/#article","isPartOf":{"@id":"https:\/\/www.chairedelimmateriel.universite-paris-saclay.fr\/en\/2009\/05\/05\/seminaire-capital-organisationnel-design-organisationnel\/"},"author":{"name":"Ahmed Bounfour","@id":"https:\/\/www.chairedelimmateriel.universite-paris-saclay.fr\/#\/schema\/person\/99fad4cfaf4bf6a8c5d1970bd79888f4"},"headline":"S\u00e9minaire &#8220;Capital organisationnel, design organisationnel&#8221;","datePublished":"2009-05-05T11:33:00+00:00","dateModified":"2017-02-07T14:24:16+00:00","mainEntityOfPage":{"@id":"https:\/\/www.chairedelimmateriel.universite-paris-saclay.fr\/en\/2009\/05\/05\/seminaire-capital-organisationnel-design-organisationnel\/"},"wordCount":320,"articleSection":["News"],"inLanguage":"en-US"},{"@type":"WebPage","@id":"https:\/\/www.chairedelimmateriel.universite-paris-saclay.fr\/en\/2009\/05\/05\/seminaire-capital-organisationnel-design-organisationnel\/","url":"https:\/\/www.chairedelimmateriel.universite-paris-saclay.fr\/en\/2009\/05\/05\/seminaire-capital-organisationnel-design-organisationnel\/","name":"S\u00e9minaire \"Capital organisationnel, design organisationnel\" - Chaire Europ\u00e9enne de l\u2019Immat\u00e9riel","isPartOf":{"@id":"https:\/\/www.chairedelimmateriel.universite-paris-saclay.fr\/#website"},"datePublished":"2009-05-05T11:33:00+00:00","dateModified":"2017-02-07T14:24:16+00:00","author":{"@id":"https:\/\/www.chairedelimmateriel.universite-paris-saclay.fr\/#\/schema\/person\/99fad4cfaf4bf6a8c5d1970bd79888f4"},"breadcrumb":{"@id":"https:\/\/www.chairedelimmateriel.universite-paris-saclay.fr\/en\/2009\/05\/05\/seminaire-capital-organisationnel-design-organisationnel\/#breadcrumb"},"inLanguage":"en-US","potentialAction":[{"@type":"ReadAction","target":["https:\/\/www.chairedelimmateriel.universite-paris-saclay.fr\/en\/2009\/05\/05\/seminaire-capital-organisationnel-design-organisationnel\/"]}]},{"@type":"BreadcrumbList","@id":"https:\/\/www.chairedelimmateriel.universite-paris-saclay.fr\/en\/2009\/05\/05\/seminaire-capital-organisationnel-design-organisationnel\/#breadcrumb","itemListElement":[{"@type":"ListItem","position":1,"name":"Home","item":"https:\/\/www.chairedelimmateriel.universite-paris-saclay.fr\/en\/"},{"@type":"ListItem","position":2,"name":"S\u00e9minaire &#8220;Capital organisationnel, design organisationnel&#8221;"}]},{"@type":"WebSite","@id":"https:\/\/www.chairedelimmateriel.universite-paris-saclay.fr\/#website","url":"https:\/\/www.chairedelimmateriel.universite-paris-saclay.fr\/","name":"Chaire Europ\u00e9enne de l\u2019Immat\u00e9riel","description":"","potentialAction":[{"@type":"SearchAction","target":{"@type":"EntryPoint","urlTemplate":"https:\/\/www.chairedelimmateriel.universite-paris-saclay.fr\/?s={search_term_string}"},"query-input":{"@type":"PropertyValueSpecification","valueRequired":true,"valueName":"search_term_string"}}],"inLanguage":"en-US"},{"@type":"Person","@id":"https:\/\/www.chairedelimmateriel.universite-paris-saclay.fr\/#\/schema\/person\/99fad4cfaf4bf6a8c5d1970bd79888f4","name":"Ahmed Bounfour","image":{"@type":"ImageObject","inLanguage":"en-US","@id":"https:\/\/secure.gravatar.com\/avatar\/944d10c10395648f2cc983a051d3fe5d78761ea984ca1c1eb5c80b294b5ad65b?s=96&d=mm&r=g","url":"https:\/\/secure.gravatar.com\/avatar\/944d10c10395648f2cc983a051d3fe5d78761ea984ca1c1eb5c80b294b5ad65b?s=96&d=mm&r=g","contentUrl":"https:\/\/secure.gravatar.com\/avatar\/944d10c10395648f2cc983a051d3fe5d78761ea984ca1c1eb5c80b294b5ad65b?s=96&d=mm&r=g","caption":"Ahmed Bounfour"},"sameAs":["https:\/\/www.chairedelimmateriel.universite-paris-saclay.fr"]}]}},"_links":{"self":[{"href":"https:\/\/www.chairedelimmateriel.universite-paris-saclay.fr\/en\/wp-json\/wp\/v2\/posts\/249","targetHints":{"allow":["GET"]}}],"collection":[{"href":"https:\/\/www.chairedelimmateriel.universite-paris-saclay.fr\/en\/wp-json\/wp\/v2\/posts"}],"about":[{"href":"https:\/\/www.chairedelimmateriel.universite-paris-saclay.fr\/en\/wp-json\/wp\/v2\/types\/post"}],"author":[{"embeddable":true,"href":"https:\/\/www.chairedelimmateriel.universite-paris-saclay.fr\/en\/wp-json\/wp\/v2\/users\/2"}],"replies":[{"embeddable":true,"href":"https:\/\/www.chairedelimmateriel.universite-paris-saclay.fr\/en\/wp-json\/wp\/v2\/comments?post=249"}],"version-history":[{"count":5,"href":"https:\/\/www.chairedelimmateriel.universite-paris-saclay.fr\/en\/wp-json\/wp\/v2\/posts\/249\/revisions"}],"predecessor-version":[{"id":2157,"href":"https:\/\/www.chairedelimmateriel.universite-paris-saclay.fr\/en\/wp-json\/wp\/v2\/posts\/249\/revisions\/2157"}],"wp:attachment":[{"href":"https:\/\/www.chairedelimmateriel.universite-paris-saclay.fr\/en\/wp-json\/wp\/v2\/media?parent=249"}],"wp:term":[{"taxonomy":"category","embeddable":true,"href":"https:\/\/www.chairedelimmateriel.universite-paris-saclay.fr\/en\/wp-json\/wp\/v2\/categories?post=249"},{"taxonomy":"post_tag","embeddable":true,"href":"https:\/\/www.chairedelimmateriel.universite-paris-saclay.fr\/en\/wp-json\/wp\/v2\/tags?post=249"}],"curies":[{"name":"wp","href":"https:\/\/api.w.org\/{rel}","templated":true}]}}