{"id":247,"date":"2009-04-02T22:17:00","date_gmt":"2009-04-02T22:17:00","guid":{"rendered":"https:\/\/www.chairedelimmateriel.universite-paris-saclay.fr\/2009\/04\/02\/matinee-dechanges-sur-le-pilotage-des-actifs-immateriels-des-si-3-avril-2009\/"},"modified":"2017-02-07T15:24:19","modified_gmt":"2017-02-07T14:24:19","slug":"matinee-dechanges-sur-le-pilotage-des-actifs-immateriels-des-si-3-avril-2009","status":"publish","type":"post","link":"https:\/\/www.chairedelimmateriel.universite-paris-saclay.fr\/en\/2009\/04\/02\/matinee-dechanges-sur-le-pilotage-des-actifs-immateriels-des-si-3-avril-2009\/","title":{"rendered":"Matin\u00e9e d\u2019\u00e9changes sur le pilotage des actifs immat\u00e9riels des SI &#8211; 3 avril 2009"},"content":{"rendered":"<h3>Pilotage des actifs immat\u00e9riels des SI &#8211; Valorisation &amp; Pilotage dans le contexte de crise<\/h3>\n<p>Matin\u00e9e d\u2019\u00e9changes co-organis\u00e9e par La Chaire Europ\u00e9enne de Management de l\u2019Immat\u00e9riel de l\u2019Universit\u00e9 Paris-Sud et Le CIGREF<\/p>\n<p>Vendredi 3 avril 2009 de 8h30 \u00e0 12h30<br \/>\nF\u00e9d\u00e9ration Nationale du Cr\u00e9dit Agricole<br \/>\n48 rue La Bo\u00e9tie 75008 Paris<br \/>\n\u00ab&nbsp;Amphith\u00e9\u00e2tre Ch\u00e9gut&nbsp;\u00bb<\/p>\n<p><strong>Liens<\/strong><\/p>\n<ul>\n<li><a href=\"https:\/\/www.chairedelimmateriel.universite-paris-saclay.fr\/2009\/04\/03\/pilotage-des-actifs-immateriels-des-si-journee\/\">Plus d&#8217;informations<\/a><\/li>\n<li><a href=\"https:\/\/www.chairedelimmateriel.universite-paris-saclay.fr\/wp-content\/uploads\/2009\/04\/Matin\u00e9e-actifs-immat\u00e9riels-03042009-programme-inscription.pdf\">T\u00e9l\u00e9charger la plaquette<\/a> (pdf)<\/li>\n<li><a href=\"https:\/\/www.chairedelimmateriel.universite-paris-saclay.fr\/2010\/09\/01\/pilotage-des-actifs-immateriels-des-si\/\">T\u00e9l\u00e9charger les pr\u00e9sentations<\/a><\/li>\n<\/ul>\n<div class=\"shariff\" data-title=\"Matin\u00e9e d\u2019\u00e9changes sur le pilotage des actifs immat\u00e9riels des SI &#8211; 3 avril 2009\" data-info-url=\"\" data-backend-url=\"https:\/\/www.chairedelimmateriel.universite-paris-saclay.fr\/wp-content\/plugins\/shariff-sharing\/backend\/index.php\" data-temp=\"\/tmp\" data-ttl=\"60\" data-service=\"tl\" data-services='[\"facebook\",\"twitter\",\"linkedin\"]' data-image=\"\" data-url=\"https:\/\/www.chairedelimmateriel.universite-paris-saclay.fr\/en\/2009\/04\/02\/matinee-dechanges-sur-le-pilotage-des-actifs-immateriels-des-si-3-avril-2009\/\" data-lang=\"en\" data-theme=\"color\" data-orientation=\"horizontal\"><\/div>","protected":false},"excerpt":{"rendered":"<p>Pilotage des actifs immat\u00e9riels des SI &#8211; Valorisation &amp; Pilotage dans le contexte de crise Matin\u00e9e d\u2019\u00e9changes co-organis\u00e9e par La Chaire Europ\u00e9enne de Management de l\u2019Immat\u00e9riel de l\u2019Universit\u00e9 Paris-Sud et Le CIGREF Vendredi 3 avril 2009 de 8h30 \u00e0 12h30&nbsp;<small>(&#8230;)<\/small><\/p>\n","protected":false},"author":2,"featured_media":0,"comment_status":"closed","ping_status":"closed","sticky":false,"template":"","format":"standard","meta":{"_monsterinsights_skip_tracking":false,"footnotes":""},"categories":[4],"tags":[],"class_list":["post-247","post","type-post","status-publish","format-standard","hentry","category-news"],"yoast_head":"<!-- This site is optimized with the Yoast SEO plugin v28.4 - https:\/\/yoast.com\/product\/yoast-seo-wordpress\/ -->\n<title>Matin\u00e9e d\u2019\u00e9changes sur le pilotage des actifs immat\u00e9riels des SI - 3 avril 2009 - Chaire Europ\u00e9enne de l\u2019Immat\u00e9riel<\/title>\n<meta name=\"robots\" content=\"index, follow, max-snippet:-1, max-image-preview:large, max-video-preview:-1\" \/>\n<link rel=\"canonical\" href=\"https:\/\/www.chairedelimmateriel.universite-paris-saclay.fr\/en\/2009\/04\/02\/matinee-dechanges-sur-le-pilotage-des-actifs-immateriels-des-si-3-avril-2009\/\" \/>\n<meta property=\"og:locale\" content=\"en_US\" \/>\n<meta property=\"og:type\" content=\"article\" \/>\n<meta property=\"og:title\" content=\"Matin\u00e9e d\u2019\u00e9changes sur le pilotage des actifs immat\u00e9riels des SI - 3 avril 2009 - Chaire Europ\u00e9enne de l\u2019Immat\u00e9riel\" \/>\n<meta property=\"og:description\" content=\"Pilotage des actifs immat\u00e9riels des SI &#8211; Valorisation &amp; Pilotage dans le contexte de crise Matin\u00e9e d\u2019\u00e9changes co-organis\u00e9e par La Chaire Europ\u00e9enne de Management de l\u2019Immat\u00e9riel de l\u2019Universit\u00e9 Paris-Sud et Le CIGREF Vendredi 3 avril 2009 de 8h30 \u00e0 12h30&nbsp;(...)\" \/>\n<meta property=\"og:url\" content=\"https:\/\/www.chairedelimmateriel.universite-paris-saclay.fr\/en\/2009\/04\/02\/matinee-dechanges-sur-le-pilotage-des-actifs-immateriels-des-si-3-avril-2009\/\" \/>\n<meta property=\"og:site_name\" content=\"Chaire Europ\u00e9enne de l\u2019Immat\u00e9riel\" \/>\n<meta property=\"article:published_time\" content=\"2009-04-02T22:17:00+00:00\" \/>\n<meta property=\"article:modified_time\" content=\"2017-02-07T14:24:19+00:00\" \/>\n<meta name=\"author\" content=\"Ahmed Bounfour\" \/>\n<meta name=\"twitter:card\" content=\"summary_large_image\" \/>\n<meta name=\"twitter:label1\" content=\"Written by\" \/>\n\t<meta name=\"twitter:data1\" content=\"Ahmed Bounfour\" \/>\n<script type=\"application\/ld+json\" class=\"yoast-schema-graph\">{\"@context\":\"https:\\\/\\\/schema.org\",\"@graph\":[{\"@type\":\"Article\",\"@id\":\"https:\\\/\\\/www.chairedelimmateriel.universite-paris-saclay.fr\\\/en\\\/2009\\\/04\\\/02\\\/matinee-dechanges-sur-le-pilotage-des-actifs-immateriels-des-si-3-avril-2009\\\/#article\",\"isPartOf\":{\"@id\":\"https:\\\/\\\/www.chairedelimmateriel.universite-paris-saclay.fr\\\/en\\\/2009\\\/04\\\/02\\\/matinee-dechanges-sur-le-pilotage-des-actifs-immateriels-des-si-3-avril-2009\\\/\"},\"author\":{\"name\":\"Ahmed Bounfour\",\"@id\":\"https:\\\/\\\/www.chairedelimmateriel.universite-paris-saclay.fr\\\/#\\\/schema\\\/person\\\/99fad4cfaf4bf6a8c5d1970bd79888f4\"},\"headline\":\"Matin\u00e9e d\u2019\u00e9changes sur le pilotage des actifs immat\u00e9riels des SI &#8211; 3 avril 2009\",\"datePublished\":\"2009-04-02T22:17:00+00:00\",\"dateModified\":\"2017-02-07T14:24:19+00:00\",\"mainEntityOfPage\":{\"@id\":\"https:\\\/\\\/www.chairedelimmateriel.universite-paris-saclay.fr\\\/en\\\/2009\\\/04\\\/02\\\/matinee-dechanges-sur-le-pilotage-des-actifs-immateriels-des-si-3-avril-2009\\\/\"},\"wordCount\":93,\"articleSection\":[\"News\"],\"inLanguage\":\"en-US\"},{\"@type\":\"WebPage\",\"@id\":\"https:\\\/\\\/www.chairedelimmateriel.universite-paris-saclay.fr\\\/en\\\/2009\\\/04\\\/02\\\/matinee-dechanges-sur-le-pilotage-des-actifs-immateriels-des-si-3-avril-2009\\\/\",\"url\":\"https:\\\/\\\/www.chairedelimmateriel.universite-paris-saclay.fr\\\/en\\\/2009\\\/04\\\/02\\\/matinee-dechanges-sur-le-pilotage-des-actifs-immateriels-des-si-3-avril-2009\\\/\",\"name\":\"Matin\u00e9e d\u2019\u00e9changes sur le pilotage des actifs immat\u00e9riels des SI - 3 avril 2009 - Chaire Europ\u00e9enne de l\u2019Immat\u00e9riel\",\"isPartOf\":{\"@id\":\"https:\\\/\\\/www.chairedelimmateriel.universite-paris-saclay.fr\\\/#website\"},\"datePublished\":\"2009-04-02T22:17:00+00:00\",\"dateModified\":\"2017-02-07T14:24:19+00:00\",\"author\":{\"@id\":\"https:\\\/\\\/www.chairedelimmateriel.universite-paris-saclay.fr\\\/#\\\/schema\\\/person\\\/99fad4cfaf4bf6a8c5d1970bd79888f4\"},\"breadcrumb\":{\"@id\":\"https:\\\/\\\/www.chairedelimmateriel.universite-paris-saclay.fr\\\/en\\\/2009\\\/04\\\/02\\\/matinee-dechanges-sur-le-pilotage-des-actifs-immateriels-des-si-3-avril-2009\\\/#breadcrumb\"},\"inLanguage\":\"en-US\",\"potentialAction\":[{\"@type\":\"ReadAction\",\"target\":[\"https:\\\/\\\/www.chairedelimmateriel.universite-paris-saclay.fr\\\/en\\\/2009\\\/04\\\/02\\\/matinee-dechanges-sur-le-pilotage-des-actifs-immateriels-des-si-3-avril-2009\\\/\"]}]},{\"@type\":\"BreadcrumbList\",\"@id\":\"https:\\\/\\\/www.chairedelimmateriel.universite-paris-saclay.fr\\\/en\\\/2009\\\/04\\\/02\\\/matinee-dechanges-sur-le-pilotage-des-actifs-immateriels-des-si-3-avril-2009\\\/#breadcrumb\",\"itemListElement\":[{\"@type\":\"ListItem\",\"position\":1,\"name\":\"Home\",\"item\":\"https:\\\/\\\/www.chairedelimmateriel.universite-paris-saclay.fr\\\/en\\\/\"},{\"@type\":\"ListItem\",\"position\":2,\"name\":\"Matin\u00e9e d\u2019\u00e9changes sur le pilotage des actifs immat\u00e9riels des SI &#8211; 3 avril 2009\"}]},{\"@type\":\"WebSite\",\"@id\":\"https:\\\/\\\/www.chairedelimmateriel.universite-paris-saclay.fr\\\/#website\",\"url\":\"https:\\\/\\\/www.chairedelimmateriel.universite-paris-saclay.fr\\\/\",\"name\":\"Chaire Europ\u00e9enne de l\u2019Immat\u00e9riel\",\"description\":\"\",\"potentialAction\":[{\"@type\":\"SearchAction\",\"target\":{\"@type\":\"EntryPoint\",\"urlTemplate\":\"https:\\\/\\\/www.chairedelimmateriel.universite-paris-saclay.fr\\\/?s={search_term_string}\"},\"query-input\":{\"@type\":\"PropertyValueSpecification\",\"valueRequired\":true,\"valueName\":\"search_term_string\"}}],\"inLanguage\":\"en-US\"},{\"@type\":\"Person\",\"@id\":\"https:\\\/\\\/www.chairedelimmateriel.universite-paris-saclay.fr\\\/#\\\/schema\\\/person\\\/99fad4cfaf4bf6a8c5d1970bd79888f4\",\"name\":\"Ahmed Bounfour\",\"image\":{\"@type\":\"ImageObject\",\"inLanguage\":\"en-US\",\"@id\":\"https:\\\/\\\/secure.gravatar.com\\\/avatar\\\/944d10c10395648f2cc983a051d3fe5d78761ea984ca1c1eb5c80b294b5ad65b?s=96&d=mm&r=g\",\"url\":\"https:\\\/\\\/secure.gravatar.com\\\/avatar\\\/944d10c10395648f2cc983a051d3fe5d78761ea984ca1c1eb5c80b294b5ad65b?s=96&d=mm&r=g\",\"contentUrl\":\"https:\\\/\\\/secure.gravatar.com\\\/avatar\\\/944d10c10395648f2cc983a051d3fe5d78761ea984ca1c1eb5c80b294b5ad65b?s=96&d=mm&r=g\",\"caption\":\"Ahmed Bounfour\"},\"sameAs\":[\"https:\\\/\\\/www.chairedelimmateriel.universite-paris-saclay.fr\"]}]}<\/script>\n<!-- \/ Yoast SEO plugin. -->","yoast_head_json":{"title":"Matin\u00e9e d\u2019\u00e9changes sur le pilotage des actifs immat\u00e9riels des SI - 3 avril 2009 - Chaire Europ\u00e9enne de l\u2019Immat\u00e9riel","robots":{"index":"index","follow":"follow","max-snippet":"max-snippet:-1","max-image-preview":"max-image-preview:large","max-video-preview":"max-video-preview:-1"},"canonical":"https:\/\/www.chairedelimmateriel.universite-paris-saclay.fr\/en\/2009\/04\/02\/matinee-dechanges-sur-le-pilotage-des-actifs-immateriels-des-si-3-avril-2009\/","og_locale":"en_US","og_type":"article","og_title":"Matin\u00e9e d\u2019\u00e9changes sur le pilotage des actifs immat\u00e9riels des SI - 3 avril 2009 - Chaire Europ\u00e9enne de l\u2019Immat\u00e9riel","og_description":"Pilotage des actifs immat\u00e9riels des SI &#8211; Valorisation &amp; Pilotage dans le contexte de crise Matin\u00e9e d\u2019\u00e9changes co-organis\u00e9e par La Chaire Europ\u00e9enne de Management de l\u2019Immat\u00e9riel de l\u2019Universit\u00e9 Paris-Sud et Le CIGREF Vendredi 3 avril 2009 de 8h30 \u00e0 12h30&nbsp;(...)","og_url":"https:\/\/www.chairedelimmateriel.universite-paris-saclay.fr\/en\/2009\/04\/02\/matinee-dechanges-sur-le-pilotage-des-actifs-immateriels-des-si-3-avril-2009\/","og_site_name":"Chaire Europ\u00e9enne de l\u2019Immat\u00e9riel","article_published_time":"2009-04-02T22:17:00+00:00","article_modified_time":"2017-02-07T14:24:19+00:00","author":"Ahmed Bounfour","twitter_card":"summary_large_image","twitter_misc":{"Written by":"Ahmed Bounfour"},"schema":{"@context":"https:\/\/schema.org","@graph":[{"@type":"Article","@id":"https:\/\/www.chairedelimmateriel.universite-paris-saclay.fr\/en\/2009\/04\/02\/matinee-dechanges-sur-le-pilotage-des-actifs-immateriels-des-si-3-avril-2009\/#article","isPartOf":{"@id":"https:\/\/www.chairedelimmateriel.universite-paris-saclay.fr\/en\/2009\/04\/02\/matinee-dechanges-sur-le-pilotage-des-actifs-immateriels-des-si-3-avril-2009\/"},"author":{"name":"Ahmed Bounfour","@id":"https:\/\/www.chairedelimmateriel.universite-paris-saclay.fr\/#\/schema\/person\/99fad4cfaf4bf6a8c5d1970bd79888f4"},"headline":"Matin\u00e9e d\u2019\u00e9changes sur le pilotage des actifs immat\u00e9riels des SI &#8211; 3 avril 2009","datePublished":"2009-04-02T22:17:00+00:00","dateModified":"2017-02-07T14:24:19+00:00","mainEntityOfPage":{"@id":"https:\/\/www.chairedelimmateriel.universite-paris-saclay.fr\/en\/2009\/04\/02\/matinee-dechanges-sur-le-pilotage-des-actifs-immateriels-des-si-3-avril-2009\/"},"wordCount":93,"articleSection":["News"],"inLanguage":"en-US"},{"@type":"WebPage","@id":"https:\/\/www.chairedelimmateriel.universite-paris-saclay.fr\/en\/2009\/04\/02\/matinee-dechanges-sur-le-pilotage-des-actifs-immateriels-des-si-3-avril-2009\/","url":"https:\/\/www.chairedelimmateriel.universite-paris-saclay.fr\/en\/2009\/04\/02\/matinee-dechanges-sur-le-pilotage-des-actifs-immateriels-des-si-3-avril-2009\/","name":"Matin\u00e9e d\u2019\u00e9changes sur le pilotage des actifs immat\u00e9riels des SI - 3 avril 2009 - Chaire Europ\u00e9enne de l\u2019Immat\u00e9riel","isPartOf":{"@id":"https:\/\/www.chairedelimmateriel.universite-paris-saclay.fr\/#website"},"datePublished":"2009-04-02T22:17:00+00:00","dateModified":"2017-02-07T14:24:19+00:00","author":{"@id":"https:\/\/www.chairedelimmateriel.universite-paris-saclay.fr\/#\/schema\/person\/99fad4cfaf4bf6a8c5d1970bd79888f4"},"breadcrumb":{"@id":"https:\/\/www.chairedelimmateriel.universite-paris-saclay.fr\/en\/2009\/04\/02\/matinee-dechanges-sur-le-pilotage-des-actifs-immateriels-des-si-3-avril-2009\/#breadcrumb"},"inLanguage":"en-US","potentialAction":[{"@type":"ReadAction","target":["https:\/\/www.chairedelimmateriel.universite-paris-saclay.fr\/en\/2009\/04\/02\/matinee-dechanges-sur-le-pilotage-des-actifs-immateriels-des-si-3-avril-2009\/"]}]},{"@type":"BreadcrumbList","@id":"https:\/\/www.chairedelimmateriel.universite-paris-saclay.fr\/en\/2009\/04\/02\/matinee-dechanges-sur-le-pilotage-des-actifs-immateriels-des-si-3-avril-2009\/#breadcrumb","itemListElement":[{"@type":"ListItem","position":1,"name":"Home","item":"https:\/\/www.chairedelimmateriel.universite-paris-saclay.fr\/en\/"},{"@type":"ListItem","position":2,"name":"Matin\u00e9e d\u2019\u00e9changes sur le pilotage des actifs immat\u00e9riels des SI &#8211; 3 avril 2009"}]},{"@type":"WebSite","@id":"https:\/\/www.chairedelimmateriel.universite-paris-saclay.fr\/#website","url":"https:\/\/www.chairedelimmateriel.universite-paris-saclay.fr\/","name":"Chaire Europ\u00e9enne de l\u2019Immat\u00e9riel","description":"","potentialAction":[{"@type":"SearchAction","target":{"@type":"EntryPoint","urlTemplate":"https:\/\/www.chairedelimmateriel.universite-paris-saclay.fr\/?s={search_term_string}"},"query-input":{"@type":"PropertyValueSpecification","valueRequired":true,"valueName":"search_term_string"}}],"inLanguage":"en-US"},{"@type":"Person","@id":"https:\/\/www.chairedelimmateriel.universite-paris-saclay.fr\/#\/schema\/person\/99fad4cfaf4bf6a8c5d1970bd79888f4","name":"Ahmed Bounfour","image":{"@type":"ImageObject","inLanguage":"en-US","@id":"https:\/\/secure.gravatar.com\/avatar\/944d10c10395648f2cc983a051d3fe5d78761ea984ca1c1eb5c80b294b5ad65b?s=96&d=mm&r=g","url":"https:\/\/secure.gravatar.com\/avatar\/944d10c10395648f2cc983a051d3fe5d78761ea984ca1c1eb5c80b294b5ad65b?s=96&d=mm&r=g","contentUrl":"https:\/\/secure.gravatar.com\/avatar\/944d10c10395648f2cc983a051d3fe5d78761ea984ca1c1eb5c80b294b5ad65b?s=96&d=mm&r=g","caption":"Ahmed Bounfour"},"sameAs":["https:\/\/www.chairedelimmateriel.universite-paris-saclay.fr"]}]}},"_links":{"self":[{"href":"https:\/\/www.chairedelimmateriel.universite-paris-saclay.fr\/en\/wp-json\/wp\/v2\/posts\/247","targetHints":{"allow":["GET"]}}],"collection":[{"href":"https:\/\/www.chairedelimmateriel.universite-paris-saclay.fr\/en\/wp-json\/wp\/v2\/posts"}],"about":[{"href":"https:\/\/www.chairedelimmateriel.universite-paris-saclay.fr\/en\/wp-json\/wp\/v2\/types\/post"}],"author":[{"embeddable":true,"href":"https:\/\/www.chairedelimmateriel.universite-paris-saclay.fr\/en\/wp-json\/wp\/v2\/users\/2"}],"replies":[{"embeddable":true,"href":"https:\/\/www.chairedelimmateriel.universite-paris-saclay.fr\/en\/wp-json\/wp\/v2\/comments?post=247"}],"version-history":[{"count":3,"href":"https:\/\/www.chairedelimmateriel.universite-paris-saclay.fr\/en\/wp-json\/wp\/v2\/posts\/247\/revisions"}],"predecessor-version":[{"id":2163,"href":"https:\/\/www.chairedelimmateriel.universite-paris-saclay.fr\/en\/wp-json\/wp\/v2\/posts\/247\/revisions\/2163"}],"wp:attachment":[{"href":"https:\/\/www.chairedelimmateriel.universite-paris-saclay.fr\/en\/wp-json\/wp\/v2\/media?parent=247"}],"wp:term":[{"taxonomy":"category","embeddable":true,"href":"https:\/\/www.chairedelimmateriel.universite-paris-saclay.fr\/en\/wp-json\/wp\/v2\/categories?post=247"},{"taxonomy":"post_tag","embeddable":true,"href":"https:\/\/www.chairedelimmateriel.universite-paris-saclay.fr\/en\/wp-json\/wp\/v2\/tags?post=247"}],"curies":[{"name":"wp","href":"https:\/\/api.w.org\/{rel}","templated":true}]}}