{"id":2447,"date":"2018-02-02T09:05:36","date_gmt":"2018-02-02T08:05:36","guid":{"rendered":"https:\/\/www.chairedelimmateriel.universite-paris-saclay.fr\/?p=2447\/"},"modified":"2019-09-26T16:08:39","modified_gmt":"2019-09-26T14:08:39","slug":"4eme-conference-sur-les-actifs-immateriels-territoriaux-paris-3-avril-2018","status":"publish","type":"post","link":"https:\/\/www.chairedelimmateriel.universite-paris-saclay.fr\/en\/2018\/02\/02\/4eme-conference-sur-les-actifs-immateriels-territoriaux-paris-3-avril-2018\/","title":{"rendered":"4\u00e8me conf\u00e9rence sur les Actifs Immat\u00e9riels Territoriaux &#8211; Paris, 3 avril 2018"},"content":{"rendered":"<p style=\"text-align: center;\"><strong><u>LE TRANSFERT DE TECHNOLOGIE\u00a0:<br \/>\nIMPACTS ET ARTICULATIONS DANS LES TERRITOIRES<\/u><\/strong><\/p>\n<p>\u00a0Cette\u00a0 4<sup>\u00e8me<\/sup> conf\u00e9rence a quatre objectifs:<img loading=\"lazy\" decoding=\"async\" class=\" wp-image-2448 alignright\" src=\"https:\/\/www.chairedelimmateriel.universite-paris-saclay.fr\/wp-content\/uploads\/2018\/02\/CDC-title-page-317x300.jpg\" alt=\"\" width=\"250\" height=\"237\" srcset=\"https:\/\/www.chairedelimmateriel.universite-paris-saclay.fr\/wp-content\/uploads\/2018\/02\/CDC-title-page-317x300.jpg 317w, https:\/\/www.chairedelimmateriel.universite-paris-saclay.fr\/wp-content\/uploads\/2018\/02\/CDC-title-page-220x208.jpg 220w, https:\/\/www.chairedelimmateriel.universite-paris-saclay.fr\/wp-content\/uploads\/2018\/02\/CDC-title-page-300x284.jpg 300w, https:\/\/www.chairedelimmateriel.universite-paris-saclay.fr\/wp-content\/uploads\/2018\/02\/CDC-title-page.jpg 549w\" sizes=\"auto, (max-width: 250px) 100vw, 250px\" \/><\/p>\n<ol>\n<li><em>Proc\u00e9der \u00e0 un premier \u00e9tat de l\u2019art de la question du transfert de technologie<\/em>;<\/li>\n<li><em>Discuter des modalit\u00e9s de pilotage des organismes de transfert, au regard de leur mod\u00e8le \u00e9conomique et des pratiques g\u00e9n\u00e9riques d\u00e9ploy\u00e9es ; <\/em><\/li>\n<li><em>Discuter de l\u2019int\u00e9r\u00eat d\u2019un mod\u00e8le de maturit\u00e9 g\u00e9n\u00e9rique et de son potentiel d\u00e9ploiement, notamment dans une perspective d\u2019apprentissage inter-organisationnel, y compris en consid\u00e9rant un regard international;<\/em><\/li>\n<li><em>Discuter de la dimension territoriale de l\u2019enracinement des organismes de transfert, de ses leviers et des possibles barri\u00e8res associ\u00e9es.<\/em><\/li>\n<\/ol>\n<p><em>\u00a0<\/em><em>\u00a0<\/em>Les acteurs institutionnels,\u00a0 les dirigeants\u00a0 des organismes de transfert, les responsables de leurs \u00e9cosyst\u00e8mes,\u00a0 les chercheurs et\u00a0 les experts sont\u00a0 invit\u00e9s\u00a0 \u00e0 \u00e9changer sur ce th\u00e8me d\u2019une grande importance pour la comp\u00e9titivit\u00e9 des entreprises fran\u00e7aises et le d\u00e9veloppement de leurs capacit\u00e9s d\u2019innovation.<\/p>\n<p><a class=\"btn\" href=\"https:\/\/www.chairedelimmateriel.universite-paris-saclay.fr\/wp-content\/uploads\/2018\/02\/4\u00e8me-conf\u00e9rence-actifs-immat\u00e9riels-CDC_09032018.pdf\">Agenda Final<\/a><\/p>\n<p style=\"text-align: left;\"><strong>Confe\u0301rence du 3 avril 2018 (9h00-12h30)<\/strong>\ufffc<br \/>\nCDC, Espace mezzanine \u00e0 Austerlitz 3<br \/>\n72 Avenue Pierre-Mendes France 75013 Paris<\/p>\n<div class=\"shariff\" data-title=\"4\u00e8me conf\u00e9rence sur les Actifs Immat\u00e9riels Territoriaux &#8211; Paris, 3 avril 2018\" data-info-url=\"\" data-backend-url=\"https:\/\/www.chairedelimmateriel.universite-paris-saclay.fr\/wp-content\/plugins\/shariff-sharing\/backend\/index.php\" data-temp=\"\/tmp\" data-ttl=\"60\" data-service=\"tl\" data-services='[\"facebook\",\"twitter\",\"linkedin\"]' data-image=\"https:\/\/www.chairedelimmateriel.universite-paris-saclay.fr\/wp-content\/uploads\/2018\/02\/CDC-title-page-317x300.jpg\" data-url=\"https:\/\/www.chairedelimmateriel.universite-paris-saclay.fr\/en\/2018\/02\/02\/4eme-conference-sur-les-actifs-immateriels-territoriaux-paris-3-avril-2018\/\" data-lang=\"en\" data-theme=\"color\" data-orientation=\"horizontal\"><\/div>","protected":false},"excerpt":{"rendered":"<p>LE TRANSFERT DE TECHNOLOGIE\u00a0: IMPACTS ET ARTICULATIONS DANS LES TERRITOIRES \u00a0Cette\u00a0 4\u00e8me conf\u00e9rence a quatre objectifs: Proc\u00e9der \u00e0 un premier \u00e9tat de l\u2019art de la question du transfert de technologie; Discuter des modalit\u00e9s de pilotage des organismes de transfert, au&nbsp;<small>(&#8230;)<\/small><\/p>\n","protected":false},"author":3,"featured_media":0,"comment_status":"closed","ping_status":"closed","sticky":false,"template":"","format":"standard","meta":{"_monsterinsights_skip_tracking":false,"footnotes":""},"categories":[12,4],"tags":[],"class_list":["post-2447","post","type-post","status-publish","format-standard","hentry","category-evenements-en","category-news"],"yoast_head":"<!-- This site is optimized with the Yoast SEO plugin v28.4 - https:\/\/yoast.com\/product\/yoast-seo-wordpress\/ -->\n<title>4\u00e8me conf\u00e9rence sur les Actifs Immat\u00e9riels Territoriaux - Paris, 3 avril 2018 - Chaire Europ\u00e9enne de l\u2019Immat\u00e9riel<\/title>\n<meta name=\"robots\" content=\"index, follow, max-snippet:-1, max-image-preview:large, max-video-preview:-1\" \/>\n<link rel=\"canonical\" href=\"https:\/\/www.chairedelimmateriel.universite-paris-saclay.fr\/en\/2018\/02\/02\/4eme-conference-sur-les-actifs-immateriels-territoriaux-paris-3-avril-2018\/\" \/>\n<meta property=\"og:locale\" content=\"en_US\" \/>\n<meta property=\"og:type\" content=\"article\" \/>\n<meta property=\"og:title\" content=\"4\u00e8me conf\u00e9rence sur les Actifs Immat\u00e9riels Territoriaux - Paris, 3 avril 2018 - Chaire Europ\u00e9enne de l\u2019Immat\u00e9riel\" \/>\n<meta property=\"og:description\" content=\"LE TRANSFERT DE TECHNOLOGIE\u00a0: IMPACTS ET ARTICULATIONS DANS LES TERRITOIRES \u00a0Cette\u00a0 4\u00e8me conf\u00e9rence a quatre objectifs: Proc\u00e9der \u00e0 un premier \u00e9tat de l\u2019art de la question du transfert de technologie; Discuter des modalit\u00e9s de pilotage des organismes de transfert, au&nbsp;(...)\" \/>\n<meta property=\"og:url\" content=\"https:\/\/www.chairedelimmateriel.universite-paris-saclay.fr\/en\/2018\/02\/02\/4eme-conference-sur-les-actifs-immateriels-territoriaux-paris-3-avril-2018\/\" \/>\n<meta property=\"og:site_name\" content=\"Chaire Europ\u00e9enne de l\u2019Immat\u00e9riel\" \/>\n<meta property=\"article:published_time\" content=\"2018-02-02T08:05:36+00:00\" \/>\n<meta property=\"article:modified_time\" content=\"2019-09-26T14:08:39+00:00\" \/>\n<meta property=\"og:image\" content=\"https:\/\/www.chairedelimmateriel.universite-paris-saclay.fr\/wp-content\/uploads\/2018\/02\/CDC-title-page-317x300.jpg\" \/>\n<meta name=\"author\" content=\"Kreiling Laura\" \/>\n<meta name=\"twitter:card\" content=\"summary_large_image\" \/>\n<meta name=\"twitter:label1\" content=\"Written by\" \/>\n\t<meta name=\"twitter:data1\" content=\"Kreiling Laura\" \/>\n\t<meta name=\"twitter:label2\" content=\"Est. reading time\" \/>\n\t<meta name=\"twitter:data2\" content=\"1 minute\" \/>\n<script type=\"application\/ld+json\" class=\"yoast-schema-graph\">{\"@context\":\"https:\\\/\\\/schema.org\",\"@graph\":[{\"@type\":\"Article\",\"@id\":\"https:\\\/\\\/www.chairedelimmateriel.universite-paris-saclay.fr\\\/en\\\/2018\\\/02\\\/02\\\/4eme-conference-sur-les-actifs-immateriels-territoriaux-paris-3-avril-2018\\\/#article\",\"isPartOf\":{\"@id\":\"https:\\\/\\\/www.chairedelimmateriel.universite-paris-saclay.fr\\\/en\\\/2018\\\/02\\\/02\\\/4eme-conference-sur-les-actifs-immateriels-territoriaux-paris-3-avril-2018\\\/\"},\"author\":{\"name\":\"Kreiling Laura\",\"@id\":\"https:\\\/\\\/www.chairedelimmateriel.universite-paris-saclay.fr\\\/#\\\/schema\\\/person\\\/ffacb5936f64abc8adaaa7e81662aa51\"},\"headline\":\"4\u00e8me conf\u00e9rence sur les Actifs Immat\u00e9riels Territoriaux &#8211; Paris, 3 avril 2018\",\"datePublished\":\"2018-02-02T08:05:36+00:00\",\"dateModified\":\"2019-09-26T14:08:39+00:00\",\"mainEntityOfPage\":{\"@id\":\"https:\\\/\\\/www.chairedelimmateriel.universite-paris-saclay.fr\\\/en\\\/2018\\\/02\\\/02\\\/4eme-conference-sur-les-actifs-immateriels-territoriaux-paris-3-avril-2018\\\/\"},\"wordCount\":195,\"image\":{\"@id\":\"https:\\\/\\\/www.chairedelimmateriel.universite-paris-saclay.fr\\\/en\\\/2018\\\/02\\\/02\\\/4eme-conference-sur-les-actifs-immateriels-territoriaux-paris-3-avril-2018\\\/#primaryimage\"},\"thumbnailUrl\":\"https:\\\/\\\/www.chairedelimmateriel.universite-paris-saclay.fr\\\/wp-content\\\/uploads\\\/2018\\\/02\\\/CDC-title-page-317x300.jpg\",\"articleSection\":[\"Ev\u00e9nements\",\"News\"],\"inLanguage\":\"en-US\"},{\"@type\":\"WebPage\",\"@id\":\"https:\\\/\\\/www.chairedelimmateriel.universite-paris-saclay.fr\\\/en\\\/2018\\\/02\\\/02\\\/4eme-conference-sur-les-actifs-immateriels-territoriaux-paris-3-avril-2018\\\/\",\"url\":\"https:\\\/\\\/www.chairedelimmateriel.universite-paris-saclay.fr\\\/en\\\/2018\\\/02\\\/02\\\/4eme-conference-sur-les-actifs-immateriels-territoriaux-paris-3-avril-2018\\\/\",\"name\":\"4\u00e8me conf\u00e9rence sur les Actifs Immat\u00e9riels Territoriaux - Paris, 3 avril 2018 - Chaire Europ\u00e9enne de l\u2019Immat\u00e9riel\",\"isPartOf\":{\"@id\":\"https:\\\/\\\/www.chairedelimmateriel.universite-paris-saclay.fr\\\/#website\"},\"primaryImageOfPage\":{\"@id\":\"https:\\\/\\\/www.chairedelimmateriel.universite-paris-saclay.fr\\\/en\\\/2018\\\/02\\\/02\\\/4eme-conference-sur-les-actifs-immateriels-territoriaux-paris-3-avril-2018\\\/#primaryimage\"},\"image\":{\"@id\":\"https:\\\/\\\/www.chairedelimmateriel.universite-paris-saclay.fr\\\/en\\\/2018\\\/02\\\/02\\\/4eme-conference-sur-les-actifs-immateriels-territoriaux-paris-3-avril-2018\\\/#primaryimage\"},\"thumbnailUrl\":\"https:\\\/\\\/www.chairedelimmateriel.universite-paris-saclay.fr\\\/wp-content\\\/uploads\\\/2018\\\/02\\\/CDC-title-page-317x300.jpg\",\"datePublished\":\"2018-02-02T08:05:36+00:00\",\"dateModified\":\"2019-09-26T14:08:39+00:00\",\"author\":{\"@id\":\"https:\\\/\\\/www.chairedelimmateriel.universite-paris-saclay.fr\\\/#\\\/schema\\\/person\\\/ffacb5936f64abc8adaaa7e81662aa51\"},\"breadcrumb\":{\"@id\":\"https:\\\/\\\/www.chairedelimmateriel.universite-paris-saclay.fr\\\/en\\\/2018\\\/02\\\/02\\\/4eme-conference-sur-les-actifs-immateriels-territoriaux-paris-3-avril-2018\\\/#breadcrumb\"},\"inLanguage\":\"en-US\",\"potentialAction\":[{\"@type\":\"ReadAction\",\"target\":[\"https:\\\/\\\/www.chairedelimmateriel.universite-paris-saclay.fr\\\/en\\\/2018\\\/02\\\/02\\\/4eme-conference-sur-les-actifs-immateriels-territoriaux-paris-3-avril-2018\\\/\"]}]},{\"@type\":\"ImageObject\",\"inLanguage\":\"en-US\",\"@id\":\"https:\\\/\\\/www.chairedelimmateriel.universite-paris-saclay.fr\\\/en\\\/2018\\\/02\\\/02\\\/4eme-conference-sur-les-actifs-immateriels-territoriaux-paris-3-avril-2018\\\/#primaryimage\",\"url\":\"https:\\\/\\\/www.chairedelimmateriel.universite-paris-saclay.fr\\\/wp-content\\\/uploads\\\/2018\\\/02\\\/CDC-title-page-317x300.jpg\",\"contentUrl\":\"https:\\\/\\\/www.chairedelimmateriel.universite-paris-saclay.fr\\\/wp-content\\\/uploads\\\/2018\\\/02\\\/CDC-title-page-317x300.jpg\"},{\"@type\":\"BreadcrumbList\",\"@id\":\"https:\\\/\\\/www.chairedelimmateriel.universite-paris-saclay.fr\\\/en\\\/2018\\\/02\\\/02\\\/4eme-conference-sur-les-actifs-immateriels-territoriaux-paris-3-avril-2018\\\/#breadcrumb\",\"itemListElement\":[{\"@type\":\"ListItem\",\"position\":1,\"name\":\"Home\",\"item\":\"https:\\\/\\\/www.chairedelimmateriel.universite-paris-saclay.fr\\\/en\\\/\"},{\"@type\":\"ListItem\",\"position\":2,\"name\":\"4\u00e8me conf\u00e9rence sur les Actifs Immat\u00e9riels Territoriaux &#8211; Paris, 3 avril 2018\"}]},{\"@type\":\"WebSite\",\"@id\":\"https:\\\/\\\/www.chairedelimmateriel.universite-paris-saclay.fr\\\/#website\",\"url\":\"https:\\\/\\\/www.chairedelimmateriel.universite-paris-saclay.fr\\\/\",\"name\":\"Chaire Europ\u00e9enne de l\u2019Immat\u00e9riel\",\"description\":\"\",\"potentialAction\":[{\"@type\":\"SearchAction\",\"target\":{\"@type\":\"EntryPoint\",\"urlTemplate\":\"https:\\\/\\\/www.chairedelimmateriel.universite-paris-saclay.fr\\\/?s={search_term_string}\"},\"query-input\":{\"@type\":\"PropertyValueSpecification\",\"valueRequired\":true,\"valueName\":\"search_term_string\"}}],\"inLanguage\":\"en-US\"},{\"@type\":\"Person\",\"@id\":\"https:\\\/\\\/www.chairedelimmateriel.universite-paris-saclay.fr\\\/#\\\/schema\\\/person\\\/ffacb5936f64abc8adaaa7e81662aa51\",\"name\":\"Kreiling Laura\",\"image\":{\"@type\":\"ImageObject\",\"inLanguage\":\"en-US\",\"@id\":\"https:\\\/\\\/secure.gravatar.com\\\/avatar\\\/15602beaf7c7c4cecbce7fdcd7ede47d550db5ff16e5a1615ef796947e415d3c?s=96&d=mm&r=g\",\"url\":\"https:\\\/\\\/secure.gravatar.com\\\/avatar\\\/15602beaf7c7c4cecbce7fdcd7ede47d550db5ff16e5a1615ef796947e415d3c?s=96&d=mm&r=g\",\"contentUrl\":\"https:\\\/\\\/secure.gravatar.com\\\/avatar\\\/15602beaf7c7c4cecbce7fdcd7ede47d550db5ff16e5a1615ef796947e415d3c?s=96&d=mm&r=g\",\"caption\":\"Kreiling Laura\"}}]}<\/script>\n<!-- \/ Yoast SEO plugin. -->","yoast_head_json":{"title":"4\u00e8me conf\u00e9rence sur les Actifs Immat\u00e9riels Territoriaux - Paris, 3 avril 2018 - Chaire Europ\u00e9enne de l\u2019Immat\u00e9riel","robots":{"index":"index","follow":"follow","max-snippet":"max-snippet:-1","max-image-preview":"max-image-preview:large","max-video-preview":"max-video-preview:-1"},"canonical":"https:\/\/www.chairedelimmateriel.universite-paris-saclay.fr\/en\/2018\/02\/02\/4eme-conference-sur-les-actifs-immateriels-territoriaux-paris-3-avril-2018\/","og_locale":"en_US","og_type":"article","og_title":"4\u00e8me conf\u00e9rence sur les Actifs Immat\u00e9riels Territoriaux - Paris, 3 avril 2018 - Chaire Europ\u00e9enne de l\u2019Immat\u00e9riel","og_description":"LE TRANSFERT DE TECHNOLOGIE\u00a0: IMPACTS ET ARTICULATIONS DANS LES TERRITOIRES \u00a0Cette\u00a0 4\u00e8me conf\u00e9rence a quatre objectifs: Proc\u00e9der \u00e0 un premier \u00e9tat de l\u2019art de la question du transfert de technologie; Discuter des modalit\u00e9s de pilotage des organismes de transfert, au&nbsp;(...)","og_url":"https:\/\/www.chairedelimmateriel.universite-paris-saclay.fr\/en\/2018\/02\/02\/4eme-conference-sur-les-actifs-immateriels-territoriaux-paris-3-avril-2018\/","og_site_name":"Chaire Europ\u00e9enne de l\u2019Immat\u00e9riel","article_published_time":"2018-02-02T08:05:36+00:00","article_modified_time":"2019-09-26T14:08:39+00:00","og_image":[{"url":"https:\/\/www.chairedelimmateriel.universite-paris-saclay.fr\/wp-content\/uploads\/2018\/02\/CDC-title-page-317x300.jpg","type":"","width":"","height":""}],"author":"Kreiling Laura","twitter_card":"summary_large_image","twitter_misc":{"Written by":"Kreiling Laura","Est. reading time":"1 minute"},"schema":{"@context":"https:\/\/schema.org","@graph":[{"@type":"Article","@id":"https:\/\/www.chairedelimmateriel.universite-paris-saclay.fr\/en\/2018\/02\/02\/4eme-conference-sur-les-actifs-immateriels-territoriaux-paris-3-avril-2018\/#article","isPartOf":{"@id":"https:\/\/www.chairedelimmateriel.universite-paris-saclay.fr\/en\/2018\/02\/02\/4eme-conference-sur-les-actifs-immateriels-territoriaux-paris-3-avril-2018\/"},"author":{"name":"Kreiling Laura","@id":"https:\/\/www.chairedelimmateriel.universite-paris-saclay.fr\/#\/schema\/person\/ffacb5936f64abc8adaaa7e81662aa51"},"headline":"4\u00e8me conf\u00e9rence sur les Actifs Immat\u00e9riels Territoriaux &#8211; Paris, 3 avril 2018","datePublished":"2018-02-02T08:05:36+00:00","dateModified":"2019-09-26T14:08:39+00:00","mainEntityOfPage":{"@id":"https:\/\/www.chairedelimmateriel.universite-paris-saclay.fr\/en\/2018\/02\/02\/4eme-conference-sur-les-actifs-immateriels-territoriaux-paris-3-avril-2018\/"},"wordCount":195,"image":{"@id":"https:\/\/www.chairedelimmateriel.universite-paris-saclay.fr\/en\/2018\/02\/02\/4eme-conference-sur-les-actifs-immateriels-territoriaux-paris-3-avril-2018\/#primaryimage"},"thumbnailUrl":"https:\/\/www.chairedelimmateriel.universite-paris-saclay.fr\/wp-content\/uploads\/2018\/02\/CDC-title-page-317x300.jpg","articleSection":["Ev\u00e9nements","News"],"inLanguage":"en-US"},{"@type":"WebPage","@id":"https:\/\/www.chairedelimmateriel.universite-paris-saclay.fr\/en\/2018\/02\/02\/4eme-conference-sur-les-actifs-immateriels-territoriaux-paris-3-avril-2018\/","url":"https:\/\/www.chairedelimmateriel.universite-paris-saclay.fr\/en\/2018\/02\/02\/4eme-conference-sur-les-actifs-immateriels-territoriaux-paris-3-avril-2018\/","name":"4\u00e8me conf\u00e9rence sur les Actifs Immat\u00e9riels Territoriaux - Paris, 3 avril 2018 - Chaire Europ\u00e9enne de l\u2019Immat\u00e9riel","isPartOf":{"@id":"https:\/\/www.chairedelimmateriel.universite-paris-saclay.fr\/#website"},"primaryImageOfPage":{"@id":"https:\/\/www.chairedelimmateriel.universite-paris-saclay.fr\/en\/2018\/02\/02\/4eme-conference-sur-les-actifs-immateriels-territoriaux-paris-3-avril-2018\/#primaryimage"},"image":{"@id":"https:\/\/www.chairedelimmateriel.universite-paris-saclay.fr\/en\/2018\/02\/02\/4eme-conference-sur-les-actifs-immateriels-territoriaux-paris-3-avril-2018\/#primaryimage"},"thumbnailUrl":"https:\/\/www.chairedelimmateriel.universite-paris-saclay.fr\/wp-content\/uploads\/2018\/02\/CDC-title-page-317x300.jpg","datePublished":"2018-02-02T08:05:36+00:00","dateModified":"2019-09-26T14:08:39+00:00","author":{"@id":"https:\/\/www.chairedelimmateriel.universite-paris-saclay.fr\/#\/schema\/person\/ffacb5936f64abc8adaaa7e81662aa51"},"breadcrumb":{"@id":"https:\/\/www.chairedelimmateriel.universite-paris-saclay.fr\/en\/2018\/02\/02\/4eme-conference-sur-les-actifs-immateriels-territoriaux-paris-3-avril-2018\/#breadcrumb"},"inLanguage":"en-US","potentialAction":[{"@type":"ReadAction","target":["https:\/\/www.chairedelimmateriel.universite-paris-saclay.fr\/en\/2018\/02\/02\/4eme-conference-sur-les-actifs-immateriels-territoriaux-paris-3-avril-2018\/"]}]},{"@type":"ImageObject","inLanguage":"en-US","@id":"https:\/\/www.chairedelimmateriel.universite-paris-saclay.fr\/en\/2018\/02\/02\/4eme-conference-sur-les-actifs-immateriels-territoriaux-paris-3-avril-2018\/#primaryimage","url":"https:\/\/www.chairedelimmateriel.universite-paris-saclay.fr\/wp-content\/uploads\/2018\/02\/CDC-title-page-317x300.jpg","contentUrl":"https:\/\/www.chairedelimmateriel.universite-paris-saclay.fr\/wp-content\/uploads\/2018\/02\/CDC-title-page-317x300.jpg"},{"@type":"BreadcrumbList","@id":"https:\/\/www.chairedelimmateriel.universite-paris-saclay.fr\/en\/2018\/02\/02\/4eme-conference-sur-les-actifs-immateriels-territoriaux-paris-3-avril-2018\/#breadcrumb","itemListElement":[{"@type":"ListItem","position":1,"name":"Home","item":"https:\/\/www.chairedelimmateriel.universite-paris-saclay.fr\/en\/"},{"@type":"ListItem","position":2,"name":"4\u00e8me conf\u00e9rence sur les Actifs Immat\u00e9riels Territoriaux &#8211; Paris, 3 avril 2018"}]},{"@type":"WebSite","@id":"https:\/\/www.chairedelimmateriel.universite-paris-saclay.fr\/#website","url":"https:\/\/www.chairedelimmateriel.universite-paris-saclay.fr\/","name":"Chaire Europ\u00e9enne de l\u2019Immat\u00e9riel","description":"","potentialAction":[{"@type":"SearchAction","target":{"@type":"EntryPoint","urlTemplate":"https:\/\/www.chairedelimmateriel.universite-paris-saclay.fr\/?s={search_term_string}"},"query-input":{"@type":"PropertyValueSpecification","valueRequired":true,"valueName":"search_term_string"}}],"inLanguage":"en-US"},{"@type":"Person","@id":"https:\/\/www.chairedelimmateriel.universite-paris-saclay.fr\/#\/schema\/person\/ffacb5936f64abc8adaaa7e81662aa51","name":"Kreiling Laura","image":{"@type":"ImageObject","inLanguage":"en-US","@id":"https:\/\/secure.gravatar.com\/avatar\/15602beaf7c7c4cecbce7fdcd7ede47d550db5ff16e5a1615ef796947e415d3c?s=96&d=mm&r=g","url":"https:\/\/secure.gravatar.com\/avatar\/15602beaf7c7c4cecbce7fdcd7ede47d550db5ff16e5a1615ef796947e415d3c?s=96&d=mm&r=g","contentUrl":"https:\/\/secure.gravatar.com\/avatar\/15602beaf7c7c4cecbce7fdcd7ede47d550db5ff16e5a1615ef796947e415d3c?s=96&d=mm&r=g","caption":"Kreiling Laura"}}]}},"_links":{"self":[{"href":"https:\/\/www.chairedelimmateriel.universite-paris-saclay.fr\/en\/wp-json\/wp\/v2\/posts\/2447","targetHints":{"allow":["GET"]}}],"collection":[{"href":"https:\/\/www.chairedelimmateriel.universite-paris-saclay.fr\/en\/wp-json\/wp\/v2\/posts"}],"about":[{"href":"https:\/\/www.chairedelimmateriel.universite-paris-saclay.fr\/en\/wp-json\/wp\/v2\/types\/post"}],"author":[{"embeddable":true,"href":"https:\/\/www.chairedelimmateriel.universite-paris-saclay.fr\/en\/wp-json\/wp\/v2\/users\/3"}],"replies":[{"embeddable":true,"href":"https:\/\/www.chairedelimmateriel.universite-paris-saclay.fr\/en\/wp-json\/wp\/v2\/comments?post=2447"}],"version-history":[{"count":14,"href":"https:\/\/www.chairedelimmateriel.universite-paris-saclay.fr\/en\/wp-json\/wp\/v2\/posts\/2447\/revisions"}],"predecessor-version":[{"id":3028,"href":"https:\/\/www.chairedelimmateriel.universite-paris-saclay.fr\/en\/wp-json\/wp\/v2\/posts\/2447\/revisions\/3028"}],"wp:attachment":[{"href":"https:\/\/www.chairedelimmateriel.universite-paris-saclay.fr\/en\/wp-json\/wp\/v2\/media?parent=2447"}],"wp:term":[{"taxonomy":"category","embeddable":true,"href":"https:\/\/www.chairedelimmateriel.universite-paris-saclay.fr\/en\/wp-json\/wp\/v2\/categories?post=2447"},{"taxonomy":"post_tag","embeddable":true,"href":"https:\/\/www.chairedelimmateriel.universite-paris-saclay.fr\/en\/wp-json\/wp\/v2\/tags?post=2447"}],"curies":[{"name":"wp","href":"https:\/\/api.w.org\/{rel}","templated":true}]}}